{"id":4166,"date":"2026-04-05T17:01:30","date_gmt":"2026-04-05T17:01:30","guid":{"rendered":"https:\/\/www.geconexion.com.co\/alquiler\/?p=4166"},"modified":"2026-04-22T15:25:51","modified_gmt":"2026-04-22T15:25:51","slug":"alquiler-de-camion-grua-en-el-rosal","status":"publish","type":"post","link":"https:\/\/www.geconexion.com.co\/alquiler\/alquiler-de-camion-grua-en-el-rosal\/","title":{"rendered":"Alquiler de Cami\u00f3n Gr\u00faa en El Rosal &#8211; 7 Soluciones Infalibles"},"content":{"rendered":"\n<p>Optimice sus proyectos de construcci\u00f3n y log\u00edstica con maquinaria de alto rendimiento que garantiza seguridad en cada izaje. Nuestra empresa ofrece el servicio de <strong><a href=\"https:\/\/www.geconexion.com.co\/alquiler-de-camion-grua-bogota.html\" target=\"_blank\" rel=\"noreferrer noopener\">alquiler de cami\u00f3n gr\u00faa en El Rosal<\/a><\/strong> con operadores certificados y disponibilidad inmediata para asegurar el cumplimiento de sus cronogramas m\u00e1s exigentes. Solicite ahora una cotizaci\u00f3n competitiva y asegure el \u00e9xito de su operaci\u00f3n con equipos de \u00faltima generaci\u00f3n.<\/p>\n\n\n\n<!--more LEER MAS-->\n\n\n\n<div id=\"ez-toc-container\" class=\"ez-toc-v2_0_82_2 counter-hierarchy ez-toc-counter ez-toc-light-blue ez-toc-container-direction\">\n<div class=\"ez-toc-title-container\">\n<p class=\"ez-toc-title\" style=\"cursor:inherit\">Indice<\/p>\n<span class=\"ez-toc-title-toggle\"><a href=\"#\" class=\"ez-toc-pull-right ez-toc-btn ez-toc-btn-xs ez-toc-btn-default ez-toc-toggle\" aria-label=\"Alternar tabla de contenidos\"><span class=\"ez-toc-js-icon-con\"><span class=\"\"><span class=\"eztoc-hide\" style=\"display:none;\">Toggle<\/span><span class=\"ez-toc-icon-toggle-span\"><svg style=\"fill: #999;color:#999\" xmlns=\"http:\/\/www.w3.org\/2000\/svg\" class=\"list-377408\" width=\"20px\" height=\"20px\" viewBox=\"0 0 24 24\" fill=\"none\"><path d=\"M6 6H4v2h2V6zm14 0H8v2h12V6zM4 11h2v2H4v-2zm16 0H8v2h12v-2zM4 16h2v2H4v-2zm16 0H8v2h12v-2z\" fill=\"currentColor\"><\/path><\/svg><svg style=\"fill: #999;color:#999\" class=\"arrow-unsorted-368013\" xmlns=\"http:\/\/www.w3.org\/2000\/svg\" width=\"10px\" height=\"10px\" viewBox=\"0 0 24 24\" version=\"1.2\" baseProfile=\"tiny\"><path d=\"M18.2 9.3l-6.2-6.3-6.2 6.3c-.2.2-.3.4-.3.7s.1.5.3.7c.2.2.4.3.7.3h11c.3 0 .5-.1.7-.3.2-.2.3-.5.3-.7s-.1-.5-.3-.7zM5.8 14.7l6.2 6.3 6.2-6.3c.2-.2.3-.5.3-.7s-.1-.5-.3-.7c-.2-.2-.4-.3-.7-.3h-11c-.3 0-.5.1-.7.3-.2.2-.3.5-.3.7s.1.5.3.7z\"\/><\/svg><\/span><\/span><\/span><\/a><\/span><\/div>\n<nav><ul class='ez-toc-list ez-toc-list-level-1 ' ><li class='ez-toc-page-1 ez-toc-heading-level-2'><a class=\"ez-toc-link ez-toc-heading-1\" href=\"https:\/\/www.geconexion.com.co\/alquiler\/alquiler-de-camion-grua-en-el-rosal\/#7_beneficios_del_alquiler_de_camion_grua_en_El_Rosal\" >7 beneficios del alquiler de cami\u00f3n gr\u00faa en El Rosal<\/a><\/li><li class='ez-toc-page-1 ez-toc-heading-level-2'><a class=\"ez-toc-link ez-toc-heading-2\" href=\"https:\/\/www.geconexion.com.co\/alquiler\/alquiler-de-camion-grua-en-el-rosal\/#Tipos_de_vehiculos_y_capacidad_de_carga_en_el_alquiler_de_camion_grua_en_El_Rosal\" >Tipos de veh\u00edculos y capacidad de carga en el alquiler de cami\u00f3n gr\u00faa en El Rosal<\/a><\/li><li class='ez-toc-page-1 ez-toc-heading-level-2'><a class=\"ez-toc-link ez-toc-heading-3\" href=\"https:\/\/www.geconexion.com.co\/alquiler\/alquiler-de-camion-grua-en-el-rosal\/#Guia_para_elegir_el_mejor_alquiler_de_camion_grua_en_El_Rosal\" >Gu\u00eda para elegir el mejor alquiler de cami\u00f3n gr\u00faa en El Rosal<\/a><\/li><li class='ez-toc-page-1 ez-toc-heading-level-2'><a class=\"ez-toc-link ez-toc-heading-4\" href=\"https:\/\/www.geconexion.com.co\/alquiler\/alquiler-de-camion-grua-en-el-rosal\/#Factores_que_determinan_el_precio_del_alquiler_de_camion_grua_en_El_Rosal\" >Factores que determinan el precio del alquiler de cami\u00f3n gr\u00faa en El Rosal<\/a><\/li><li class='ez-toc-page-1 ez-toc-heading-level-2'><a class=\"ez-toc-link ez-toc-heading-5\" href=\"https:\/\/www.geconexion.com.co\/alquiler\/alquiler-de-camion-grua-en-el-rosal\/#Modalidades_de_alquiler_de_camion_grua_en_El_Rosal_%E2%80%93_horas_dias_o_meses\" >Modalidades de alquiler de cami\u00f3n gr\u00faa en El Rosal &#8211; horas, d\u00edas o meses<\/a><\/li><li class='ez-toc-page-1 ez-toc-heading-level-2'><a class=\"ez-toc-link ez-toc-heading-6\" href=\"https:\/\/www.geconexion.com.co\/alquiler\/alquiler-de-camion-grua-en-el-rosal\/#Requisitos_para_el_alquiler_de_camion_grua_en_El_Rosal_Personal_y_Terreno\" >Requisitos para el alquiler de cami\u00f3n gr\u00faa en El Rosal: Personal y Terreno<\/a><\/li><li class='ez-toc-page-1 ez-toc-heading-level-2'><a class=\"ez-toc-link ez-toc-heading-7\" href=\"https:\/\/www.geconexion.com.co\/alquiler\/alquiler-de-camion-grua-en-el-rosal\/#Normativas_y_resoluciones_legales_para_el_alquiler_de_camion_grua_en_El_Rosal\" >Normativas y resoluciones legales para el alquiler de cami\u00f3n gr\u00faa en El Rosal<\/a><\/li><li class='ez-toc-page-1 ez-toc-heading-level-2'><a class=\"ez-toc-link ez-toc-heading-8\" href=\"https:\/\/www.geconexion.com.co\/alquiler\/alquiler-de-camion-grua-en-el-rosal\/#Beneficios_de_contratar_un_alquiler_de_camion_grua_en_El_Rosal_certificado\" >Beneficios de contratar un alquiler de cami\u00f3n gr\u00faa en El Rosal certificado<\/a><\/li><li class='ez-toc-page-1 ez-toc-heading-level-2'><a class=\"ez-toc-link ez-toc-heading-9\" href=\"https:\/\/www.geconexion.com.co\/alquiler\/alquiler-de-camion-grua-en-el-rosal\/#Preguntas_frecuentes_sobre_el_alquiler_de_camion_grua_en_El_Rosal\" >Preguntas frecuentes sobre el alquiler de cami\u00f3n gr\u00faa en El Rosal<\/a><\/li><li class='ez-toc-page-1 ez-toc-heading-level-2'><a class=\"ez-toc-link ez-toc-heading-10\" href=\"https:\/\/www.geconexion.com.co\/alquiler\/alquiler-de-camion-grua-en-el-rosal\/#Directorio_de_emergencias_para_alquiler_de_camion_grua_en_El_Rosal\" >Directorio de emergencias para alquiler de cami\u00f3n gr\u00faa en El Rosal<\/a><\/li><\/ul><\/nav><\/div>\n<h2 class=\"wp-block-heading\"><span class=\"ez-toc-section\" id=\"7_beneficios_del_alquiler_de_camion_grua_en_El_Rosal\"><\/span>7 beneficios del alquiler de cami\u00f3n gr\u00faa en El Rosal<span class=\"ez-toc-section-end\"><\/span><\/h2>\n\n\n\n<p>Contar con maquinaria de alta gama permite optimizar los tiempos de ejecuci\u00f3n en cualquier proyecto de infraestructura o movimiento de carga pesada. La log\u00edstica de levantamiento industrial ofrece una respuesta t\u00e9cnica superior que garantiza la seguridad operativa y el cumplimiento de cronogramas bajo est\u00e1ndares de calidad certificados.<\/p>\n\n\n\n<h3 class=\"wp-block-heading\">\ud83c\udfd7\ufe0f Izaje de estructuras pesadas<\/h3>\n\n\n\n<p>Facilita la elevaci\u00f3n y posicionamiento de materiales de gran tonelaje con precisi\u00f3n milim\u00e9trica, reduciendo riesgos operativos en la zona de trabajo.<\/p>\n\n\n\n<h3 class=\"wp-block-heading\">\ud83d\ude9b Versatilidad en transporte<\/h3>\n\n\n\n<p>Permite el traslado y la descarga de mercanc\u00edas industriales en un solo equipo, eliminando la necesidad de contratar maquinaria adicional para log\u00edstica.<\/p>\n\n\n\n<h3 class=\"wp-block-heading\">\u26a1 Montaje de equipos industriales<\/h3>\n\n\n\n<p>Optimiza la instalaci\u00f3n de transformadores, plantas el\u00e9ctricas y maquinaria pesada mediante sistemas hidr\u00e1ulicos de alta capacidad y estabilidad.<\/p>\n\n\n\n<h3 class=\"wp-block-heading\">\ud83d\udea7 Apoyo en obras civiles<\/h3>\n\n\n\n<p>Agiliza la fundici\u00f3n de placas, movimiento de formaletas y armado de columnas en proyectos de construcci\u00f3n urbana y rural.<\/p>\n\n\n\n<h3 class=\"wp-block-heading\">\ud83d\udee0\ufe0f Maniobras en espacios reducidos<\/h3>\n\n\n\n<p>El dise\u00f1o compacto de nuestras gr\u00faas permite operar en terrenos de dif\u00edcil acceso o \u00e1reas confinadas sin comprometer la potencia de carga.<\/p>\n\n\n\n<h3 class=\"wp-block-heading\">\ud83d\ude91 Asistencia log\u00edstica inmediata<\/h3>\n\n\n\n<p>Brinda una soluci\u00f3n r\u00e1pida para el retiro de escombros, rescate de veh\u00edculos pesados o movimientos de emergencia en corredores viales.<\/p>\n\n\n\n<h3 class=\"wp-block-heading\">\ud83d\udcc9 Reducci\u00f3n de costos operativos<\/h3>\n\n\n\n<p>Maximiza el presupuesto al integrar carga, transporte y descarga en una misma plataforma, mejorando la rentabilidad final del proyecto.<\/p>\n\n\n\n<h2 class=\"wp-block-heading\"><span class=\"ez-toc-section\" id=\"Tipos_de_vehiculos_y_capacidad_de_carga_en_el_alquiler_de_camion_grua_en_El_Rosal\"><\/span>Tipos de veh\u00edculos y capacidad de carga en el alquiler de cami\u00f3n gr\u00faa en El Rosal<span class=\"ez-toc-section-end\"><\/span><\/h2>\n\n\n\n<p>Garantizamos la disponibilidad de una flota moderna dise\u00f1ada para cubrir requerimientos espec\u00edficos de izaje y transporte en sectores industriales y de construcci\u00f3n. El <strong>servicio de brazo hidr\u00e1ulico<\/strong> especializado asegura que cada proyecto cuente con el equipo t\u00e9cnico adecuado seg\u00fan el peso y las dimensiones de la carga a manipular.<\/p>\n\n\n\n<h3 class=\"wp-block-heading\">Tabla de categor\u00edas de veh\u00edculos<\/h3>\n\n\n\n<figure class=\"wp-block-table\"><table class=\"has-fixed-layout\"><thead><tr><th>Tipo de Veh\u00edculo<\/th><th>Capacidad de Carga<\/th><th>Aplicaci\u00f3n del Servicio<\/th><\/tr><\/thead><tbody><tr><td><strong>Cami\u00f3n Gr\u00faa Telesc\u00f3pica<\/strong><\/td><td>15 a 40 Toneladas<\/td><td>Montaje de estructuras met\u00e1licas y grandes alturas<\/td><\/tr><tr><td><strong>Cami\u00f3n Gr\u00faa Articulada (PH)<\/strong><\/td><td>3 a 15 Toneladas<\/td><td>Instalaci\u00f3n de vidrios, fachadas y control milim\u00e9trico<\/td><\/tr><tr><td><strong>Telehandler (Manipulador)<\/strong><\/td><td>2.5 a 5 Toneladas<\/td><td>Log\u00edstica de materiales en obra y terrenos dif\u00edciles<\/td><\/tr><tr><td><strong>Transporte en Cama Baja<\/strong><\/td><td>Hasta 60 Toneladas<\/td><td>Traslado de maquinaria pesada y activos de alto valor<\/td><\/tr><tr><td><strong>Cami\u00f3n Gr\u00faa R\u00edgido<\/strong><\/td><td>5 a 12 Toneladas<\/td><td>Carga y descarga de materiales pesados en sitio<\/td><\/tr><tr><td><strong>Cami\u00f3n Gr\u00faa para Maquinaria<\/strong><\/td><td>10 a 20 Toneladas<\/td><td>Movimiento de equipos pesados industriales<\/td><\/tr><tr><td><strong>Cami\u00f3n Pluma Hidr\u00e1ulica<\/strong><\/td><td>3 a 10 Toneladas<\/td><td>Izaje de componentes en diversos sectores<\/td><\/tr><tr><td><strong>Cami\u00f3n Gr\u00faa sobre Orugas<\/strong><\/td><td>5 a 30 Toneladas<\/td><td>Proyectos de infraestructura en suelos dif\u00edciles<\/td><\/tr><tr><td><strong>Cami\u00f3n Remolque para Carros<\/strong><\/td><td>Seg\u00fan tipo de remolque<\/td><td>Traslado de veh\u00edculos livianos y pesados<\/td><\/tr><tr><td><strong>Cami\u00f3n Pluma Elevadora<\/strong><\/td><td>2 a 8 Toneladas<\/td><td>Trabajos de mantenimiento y acceso a alturas<\/td><\/tr><tr><td><strong>Cami\u00f3n Canasta<\/strong><\/td><td>250 kg (Personal)<\/td><td>Mantenimiento especializado y trabajos el\u00e9ctricos<\/td><\/tr><\/tbody><\/table><\/figure>\n\n\n\n<h2 class=\"wp-block-heading\"><span class=\"ez-toc-section\" id=\"Guia_para_elegir_el_mejor_alquiler_de_camion_grua_en_El_Rosal\"><\/span>Gu\u00eda para elegir el mejor alquiler de cami\u00f3n gr\u00faa en El Rosal<span class=\"ez-toc-section-end\"><\/span><\/h2>\n\n\n\n<p>Seleccionar el equipo adecuado requiere un an\u00e1lisis t\u00e9cnico detallado para evitar sobrecostos y garantizar la seguridad en el sitio de trabajo. La contrataci\u00f3n de gr\u00faa planch\u00f3n o de brazo articulado debe basarse en las dimensiones de la carga, el radio de giro necesario y las condiciones espec\u00edficas del terreno donde se ejecutar\u00e1 la maniobra.<\/p>\n\n\n\n<ul class=\"wp-block-list\">\n<li>\u2696\ufe0f <strong>Capacidad de carga<\/strong><br>Verifique el peso real de los elementos a izar para elegir una gr\u00faa que opere dentro de sus l\u00edmites de seguridad.<\/li>\n\n\n\n<li>\ud83d\udccf <strong>Radio de operaci\u00f3n<\/strong><br>Eval\u00fae la distancia horizontal y vertical desde el centro de la gr\u00faa hasta el punto de entrega final de la carga.<\/li>\n\n\n\n<li>\ud83d\ude9c <strong>Condiciones del terreno<\/strong><br>Identifique si el suelo es firme, pavimentado o inestable para determinar si requiere estabilizadores especiales o tracci\u00f3n 4&#215;4.<\/li>\n\n\n\n<li>\ud83d\udd0c <strong>Obst\u00e1culos a\u00e9reos<\/strong><br>Revise la presencia de cables de alta tensi\u00f3n, ramas o estructuras que puedan interferir con el movimiento de la pluma.<\/li>\n\n\n\n<li>\ud83d\udcdc <strong>Certificaci\u00f3n del equipo<\/strong><br>Aseg\u00farese de que la maquinaria cuente con revisiones t\u00e9cnico-mec\u00e1nicas vigentes y certificaciones de izaje.<\/li>\n\n\n\n<li>\ud83d\udc77 <strong>Experiencia del operador<\/strong><br>Confirme que el personal a cargo tenga las licencias y la experiencia necesaria para realizar maniobras complejas.<\/li>\n<\/ul>\n\n\n\n<h2 class=\"wp-block-heading\"><span class=\"ez-toc-section\" id=\"Factores_que_determinan_el_precio_del_alquiler_de_camion_grua_en_El_Rosal\"><\/span>Factores que determinan el precio del alquiler de cami\u00f3n gr\u00faa en El Rosal<span class=\"ez-toc-section-end\"><\/span><\/h2>\n\n\n\n<p>El presupuesto de una maniobra se calcula con base en la log\u00edstica necesaria para movilizar y operar el equipo de forma segura. La operaci\u00f3n de cami\u00f3n con gr\u00faa implica costos variables que dependen directamente del tiempo de uso efectivo y los recursos adicionales requeridos para que el servicio sea exitoso y eficiente.<\/p>\n\n\n\n<h3 class=\"wp-block-heading\">\u23f1\ufe0f Duraci\u00f3n del servicio contratado<\/h3>\n\n\n\n<p>El costo se define principalmente por el tiempo de permanencia del equipo en obra, ya sea mediante tarifas por hora, turnos de 8 horas o contratos mensuales para proyectos de larga duraci\u00f3n.<\/p>\n\n\n\n<h3 class=\"wp-block-heading\">\ud83d\udee3\ufe0f Distancia de movilizaci\u00f3n y peajes<\/h3>\n\n\n\n<p>El valor del flete var\u00eda seg\u00fan el recorrido desde el centro de operaciones hasta el sitio de trabajo en El Rosal, incluyendo el consumo de combustible y los costos de tr\u00e1nsito del veh\u00edculo.<\/p>\n\n\n\n<h3 class=\"wp-block-heading\">\ud83d\udc77 Requerimiento de personal auxiliar<\/h3>\n\n\n\n<p>Si la maniobra exige la presencia de aparejadores, se\u00f1aleros o rigger certificados para guiar al operador desde tierra, estos honorarios se integran al costo total de la operaci\u00f3n.<\/p>\n\n\n\n<h3 class=\"wp-block-heading\">\u26d3\ufe0f Equipos y accesorios de izaje adicionales<\/h3>\n\n\n\n<p>El uso de eslingas de poli\u00e9ster, grilletes de alta resistencia o canastas certificadas para personal puede generar cargos adicionales dependiendo de la complejidad de la carga.<\/p>\n\n\n\n<h3 class=\"wp-block-heading\">\ud83c\udf19 Horarios y jornadas especiales<\/h3>\n\n\n\n<p>Las operaciones ejecutadas en horarios nocturnos, domingos o d\u00edas festivos suelen tener un recargo porcentual sobre la tarifa est\u00e1ndar debido a la disponibilidad del personal operativo.<\/p>\n\n\n\n<h2 class=\"wp-block-heading\"><span class=\"ez-toc-section\" id=\"Modalidades_de_alquiler_de_camion_grua_en_El_Rosal_%E2%80%93_horas_dias_o_meses\"><\/span>Modalidades de alquiler de cami\u00f3n gr\u00faa en El Rosal &#8211; horas, d\u00edas o meses<span class=\"ez-toc-section-end\"><\/span><\/h2>\n\n\n\n<p>Adaptamos nuestras soluciones log\u00edsticas a la duraci\u00f3n y presupuesto de cada obra para garantizar la m\u00e1xima eficiencia econ\u00f3mica. El <strong>alquiler de cami\u00f3n gr\u00faa en El Rosal<\/strong> se ofrece bajo esquemas flexibles que permiten a las empresas contratar \u00fanicamente el tiempo necesario para cumplir sus objetivos sin incurrir en gastos ociosos.<\/p>\n\n\n\n<ol class=\"wp-block-list\">\n<li>\u23f1\ufe0f <strong>Servicio por horas:<\/strong> Ideal para maniobras r\u00e1pidas de carga y descarga, izaje de equipos espec\u00edficos o movimientos puntuales de materiales en sitio.<\/li>\n\n\n\n<li>\u2600\ufe0f <strong>Jornada por d\u00eda:<\/strong> Modalidad recomendada para trabajos continuos de 8 horas que requieren la permanencia del equipo y el operador durante toda la jornada laboral.<\/li>\n\n\n\n<li>\ud83d\udcc5 <strong>Alquiler por meses:<\/strong> Soluci\u00f3n estrat\u00e9gica para proyectos de construcci\u00f3n a gran escala que necesitan disponibilidad permanente de maquinaria con tarifas preferenciales.<\/li>\n\n\n\n<li>\ud83c\udfd7\ufe0f <strong>Proyectos de largo plazo:<\/strong> Convenios especiales para obras civiles de infraestructura que demandan una flota constante y soporte t\u00e9cnico continuo durante meses o a\u00f1os.<\/li>\n<\/ol>\n\n\n\n<h2 class=\"wp-block-heading\"><span class=\"ez-toc-section\" id=\"Requisitos_para_el_alquiler_de_camion_grua_en_El_Rosal_Personal_y_Terreno\"><\/span>Requisitos para el alquiler de cami\u00f3n gr\u00faa en El Rosal: Personal y Terreno<span class=\"ez-toc-section-end\"><\/span><\/h2>\n\n\n\n<p>Antes de iniciar cualquier maniobra, es indispensable validar las condiciones f\u00edsicas y t\u00e9cnicas del entorno para evitar accidentes o retrasos operativos. El <strong>movimiento de carga pesada<\/strong> exige una planificaci\u00f3n rigurosa que garantice la estabilidad del equipo y la integridad de todo el personal involucrado en el \u00e1rea de influencia de la gr\u00faa.<\/p>\n\n\n\n<h3 class=\"wp-block-heading\">Tabla de requisitos t\u00e9cnicos<\/h3>\n\n\n\n<figure class=\"wp-block-table\"><table class=\"has-fixed-layout\"><thead><tr><th>Categor\u00eda<\/th><th>Requisito Indispensable<\/th><\/tr><\/thead><tbody><tr><td><strong>Estado del Terreno<\/strong><\/td><td>Superficie compacta, nivelada y libre de excavaciones o vac\u00edos subterr\u00e1neos.<\/td><\/tr><tr><td><strong>Espacio Operativo<\/strong><\/td><td>\u00c1rea despejada para la extensi\u00f3n total de los estabilizadores (gatos hidr\u00e1ulicos).<\/td><\/tr><tr><td><strong>Obst\u00e1culos A\u00e9reos<\/strong><\/td><td>Distancia m\u00ednima de seguridad de 5 metros respecto a redes el\u00e9ctricas de alta tensi\u00f3n.<\/td><\/tr><tr><td><strong>Documentaci\u00f3n<\/strong><\/td><td>Certificaci\u00f3n vigente del equipo y del operador (carn\u00e9 de izaje y seguridad social).<\/td><\/tr><tr><td><strong>Seguridad en Sitio<\/strong><\/td><td>Delimitaci\u00f3n del radio de giro con cinta de se\u00f1alizaci\u00f3n o conos de seguridad.<\/td><\/tr><tr><td><strong>Plan de Izaje<\/strong><\/td><td>Formato diligenciado que especifique el peso de la carga y los accesorios a utilizar.<\/td><\/tr><\/tbody><\/table><\/figure>\n\n\n\n<h2 class=\"wp-block-heading\"><span class=\"ez-toc-section\" id=\"Normativas_y_resoluciones_legales_para_el_alquiler_de_camion_grua_en_El_Rosal\"><\/span>Normativas y resoluciones legales para el alquiler de cami\u00f3n gr\u00faa en El Rosal<span class=\"ez-toc-section-end\"><\/span><\/h2>\n\n\n\n<p>El cumplimiento normativo es el pilar fundamental para garantizar operaciones seguras y evitar sanciones legales en proyectos de construcci\u00f3n. El alquiler de cami\u00f3n gr\u00faa en El Rosal se rige bajo la <a href=\"https:\/\/share.google\/jhvkaUvSaC4COfACh\" target=\"_blank\" rel=\"noreferrer noopener\"><strong>Resoluci\u00f3n 4272 de 2021<\/strong><\/a>, la cual establece los par\u00e1metros t\u00e9cnicos m\u00ednimos para el trabajo seguro en alturas y maniobras de izaje cr\u00edtico. Esta regulaci\u00f3n obliga a las empresas a contar con equipos certificados y personal calificado que aplique estrictamente los protocolos de seguridad industrial vigentes en Colombia.<\/p>\n\n\n\n<p>Para asegurar la integridad en cada movimiento, es obligatorio seguir los lineamientos de seguridad social y certificaciones de competencia laboral para todo el personal operativo. El servicio de brazo hidr\u00e1ulico debe estar respaldado por inspecciones t\u00e9cnico-mec\u00e1nicas anuales y certificaciones de carga emitidas por entes acreditados que validen el estado \u00f3ptimo de la maquinaria. Cumplir con estas normativas no solo protege a los trabajadores y activos, sino que optimiza la eficiencia operativa al reducir la probabilidad de incidentes en el sitio.<\/p>\n\n\n\n<h2 class=\"wp-block-heading\"><span class=\"ez-toc-section\" id=\"Beneficios_de_contratar_un_alquiler_de_camion_grua_en_El_Rosal_certificado\"><\/span>Beneficios de contratar un alquiler de cami\u00f3n gr\u00faa en El Rosal certificado<span class=\"ez-toc-section-end\"><\/span><\/h2>\n\n\n\n<p>Contar con maquinaria que cumple con todos los est\u00e1ndares legales asegura una operaci\u00f3n fluida y libre de riesgos jur\u00eddicos o t\u00e9cnicos. El alquiler de cami\u00f3n gr\u00faa en El Rosal con certificaci\u00f3n vigente garantiza que cada maniobra se ejecute con equipos inspeccionados que ofrecen la m\u00e1xima fiabilidad en condiciones cr\u00edticas de carga.<\/p>\n\n\n\n<p>\ud83d\udcb0 <strong>Respaldo integral:<\/strong> Cobertura de seguros y soporte t\u00e9cnico inmediato ante cualquier eventualidad durante la prestaci\u00f3n del servicio.<\/p>\n\n\n\n<p>\u2705 <strong>Cumplimiento normativo:<\/strong> Garant\u00eda total de cumplir con la Resoluci\u00f3n 4272 y las exigencias de las administradoras de riesgos laborales (ARL).<\/p>\n\n\n\n<p>\ud83d\udee1\ufe0f <strong>Seguridad operativa:<\/strong> Reducci\u00f3n dr\u00e1stica de la probabilidad de accidentes mediante el uso de gr\u00faas autocargables certificadas y probadas.<\/p>\n\n\n\n<p>\ud83d\udcc8 <strong>Eficiencia t\u00e9cnica:<\/strong> Equipos en estado \u00f3ptimo que evitan paradas imprevistas por fallas mec\u00e1nicas, cumpliendo estrictamente con los cronogramas.<\/p>\n\n\n\n<p>\ud83d\udc77 <strong>Personal calificado:<\/strong> Operadores con certificaciones de competencia vigentes que conocen a fondo los protocolos de izaje seguro.<\/p>\n\n\n\n<h2 class=\"wp-block-heading has-text-align-center\"><span class=\"ez-toc-section\" id=\"Preguntas_frecuentes_sobre_el_alquiler_de_camion_grua_en_El_Rosal\"><\/span>Preguntas frecuentes sobre el alquiler de cami\u00f3n gr\u00faa en El Rosal<span class=\"ez-toc-section-end\"><\/span><\/h2>\n\n\n\n<div data-wp-context=\"{ &quot;autoclose&quot;: false, &quot;accordionItems&quot;: [] }\" data-wp-interactive=\"core\/accordion\" role=\"group\" class=\"wp-block-accordion is-layout-flow wp-block-accordion-is-layout-flow\">\n<div data-wp-class--is-open=\"state.isOpen\" data-wp-context=\"{ &quot;id&quot;: &quot;accordion-item-1&quot;, &quot;openByDefault&quot;: false }\" data-wp-init=\"callbacks.initAccordionItems\" data-wp-on-window--hashchange=\"callbacks.hashChange\" class=\"wp-block-accordion-item is-layout-flow wp-block-accordion-item-is-layout-flow\">\n<h3 class=\"wp-block-accordion-heading\"><button aria-expanded=\"false\" aria-controls=\"accordion-item-1-panel\" data-wp-bind--aria-expanded=\"state.isOpen\" data-wp-on--click=\"actions.toggle\" data-wp-on--keydown=\"actions.handleKeyDown\" id=\"accordion-item-1\" type=\"button\" class=\"wp-block-accordion-heading__toggle\"><span class=\"wp-block-accordion-heading__toggle-title\">1. \u00bfCu\u00e1l es el costo por hora del alquiler de cami\u00f3n gr\u00faa en El Rosal para obras peque\u00f1as?<\/span><span class=\"wp-block-accordion-heading__toggle-icon\" aria-hidden=\"true\">+<\/span><\/button><\/h3>\n\n\n\n<div inert aria-labelledby=\"accordion-item-1\" data-wp-bind--inert=\"!state.isOpen\" id=\"accordion-item-1-panel\" role=\"region\" class=\"wp-block-accordion-panel is-layout-flow wp-block-accordion-panel-is-layout-flow\">\n<p>El precio var\u00eda seg\u00fan la capacidad del equipo y la complejidad de la maniobra, por lo que se recomienda solicitar una cotizaci\u00f3n formal basada en el peso de la carga.<\/p>\n<\/div>\n<\/div>\n<\/div>\n\n\n\n<div data-wp-context=\"{ &quot;autoclose&quot;: false, &quot;accordionItems&quot;: [] }\" data-wp-interactive=\"core\/accordion\" role=\"group\" class=\"wp-block-accordion is-layout-flow wp-block-accordion-is-layout-flow\">\n<div data-wp-class--is-open=\"state.isOpen\" data-wp-context=\"{ &quot;id&quot;: &quot;accordion-item-2&quot;, &quot;openByDefault&quot;: false }\" data-wp-init=\"callbacks.initAccordionItems\" data-wp-on-window--hashchange=\"callbacks.hashChange\" class=\"wp-block-accordion-item is-layout-flow wp-block-accordion-item-is-layout-flow\">\n<h3 class=\"wp-block-accordion-heading\"><button aria-expanded=\"false\" aria-controls=\"accordion-item-2-panel\" data-wp-bind--aria-expanded=\"state.isOpen\" data-wp-on--click=\"actions.toggle\" data-wp-on--keydown=\"actions.handleKeyDown\" id=\"accordion-item-2\" type=\"button\" class=\"wp-block-accordion-heading__toggle\"><span class=\"wp-block-accordion-heading__toggle-title\">2. \u00bfLos equipos cuentan con certificaciones vigentes para ingresar a proyectos industriales?<\/span><span class=\"wp-block-accordion-heading__toggle-icon\" aria-hidden=\"true\">+<\/span><\/button><\/h3>\n\n\n\n<div inert aria-labelledby=\"accordion-item-2\" data-wp-bind--inert=\"!state.isOpen\" id=\"accordion-item-2-panel\" role=\"region\" class=\"wp-block-accordion-panel is-layout-flow wp-block-accordion-panel-is-layout-flow\">\n<p>Todos los veh\u00edculos disponen de certificaciones de izaje y revisiones t\u00e9cnico-mec\u00e1nicas al d\u00eda, cumpliendo con los est\u00e1ndares de seguridad exigidos por las ARL.<\/p>\n<\/div>\n<\/div>\n<\/div>\n\n\n\n<div data-wp-context=\"{ &quot;autoclose&quot;: false, &quot;accordionItems&quot;: [] }\" data-wp-interactive=\"core\/accordion\" role=\"group\" class=\"wp-block-accordion is-layout-flow wp-block-accordion-is-layout-flow\">\n<div data-wp-class--is-open=\"state.isOpen\" data-wp-context=\"{ &quot;id&quot;: &quot;accordion-item-3&quot;, &quot;openByDefault&quot;: false }\" data-wp-init=\"callbacks.initAccordionItems\" data-wp-on-window--hashchange=\"callbacks.hashChange\" class=\"wp-block-accordion-item is-layout-flow wp-block-accordion-item-is-layout-flow\">\n<h3 class=\"wp-block-accordion-heading\"><button aria-expanded=\"false\" aria-controls=\"accordion-item-3-panel\" data-wp-bind--aria-expanded=\"state.isOpen\" data-wp-on--click=\"actions.toggle\" data-wp-on--keydown=\"actions.handleKeyDown\" id=\"accordion-item-3\" type=\"button\" class=\"wp-block-accordion-heading__toggle\"><span class=\"wp-block-accordion-heading__toggle-title\">3. \u00bfEl servicio incluye el operador y el combustible para la jornada de trabajo?<\/span><span class=\"wp-block-accordion-heading__toggle-icon\" aria-hidden=\"true\">+<\/span><\/button><\/h3>\n\n\n\n<div inert aria-labelledby=\"accordion-item-3\" data-wp-bind--inert=\"!state.isOpen\" id=\"accordion-item-3-panel\" role=\"region\" class=\"wp-block-accordion-panel is-layout-flow wp-block-accordion-panel-is-layout-flow\">\n<p>La tarifa est\u00e1ndar incluye un operador certificado y el combustible necesario para la operaci\u00f3n del equipo durante el tiempo contratado.<\/p>\n<\/div>\n<\/div>\n<\/div>\n\n\n\n<div data-wp-context=\"{ &quot;autoclose&quot;: false, &quot;accordionItems&quot;: [] }\" data-wp-interactive=\"core\/accordion\" role=\"group\" class=\"wp-block-accordion is-layout-flow wp-block-accordion-is-layout-flow\">\n<div data-wp-class--is-open=\"state.isOpen\" data-wp-context=\"{ &quot;id&quot;: &quot;accordion-item-4&quot;, &quot;openByDefault&quot;: false }\" data-wp-init=\"callbacks.initAccordionItems\" data-wp-on-window--hashchange=\"callbacks.hashChange\" class=\"wp-block-accordion-item is-layout-flow wp-block-accordion-item-is-layout-flow\">\n<h3 class=\"wp-block-accordion-heading\"><button aria-expanded=\"false\" aria-controls=\"accordion-item-4-panel\" data-wp-bind--aria-expanded=\"state.isOpen\" data-wp-on--click=\"actions.toggle\" data-wp-on--keydown=\"actions.handleKeyDown\" id=\"accordion-item-4\" type=\"button\" class=\"wp-block-accordion-heading__toggle\"><span class=\"wp-block-accordion-heading__toggle-title\">4. \u00bfQu\u00e9 disponibilidad de horarios tienen para maniobras nocturnas o en d\u00edas festivos?<\/span><span class=\"wp-block-accordion-heading__toggle-icon\" aria-hidden=\"true\">+<\/span><\/button><\/h3>\n\n\n\n<div inert aria-labelledby=\"accordion-item-4\" data-wp-bind--inert=\"!state.isOpen\" id=\"accordion-item-4-panel\" role=\"region\" class=\"wp-block-accordion-panel is-layout-flow wp-block-accordion-panel-is-layout-flow\">\n<p>Contamos con disponibilidad 24\/7, previa programaci\u00f3n, para atender requerimientos urgentes o trabajos que deban realizarse fuera de la jornada laboral habitual.<\/p>\n<\/div>\n<\/div>\n<\/div>\n\n\n\n<div data-wp-context=\"{ &quot;autoclose&quot;: false, &quot;accordionItems&quot;: [] }\" data-wp-interactive=\"core\/accordion\" role=\"group\" class=\"wp-block-accordion is-layout-flow wp-block-accordion-is-layout-flow\">\n<div data-wp-class--is-open=\"state.isOpen\" data-wp-context=\"{ &quot;id&quot;: &quot;accordion-item-5&quot;, &quot;openByDefault&quot;: false }\" data-wp-init=\"callbacks.initAccordionItems\" data-wp-on-window--hashchange=\"callbacks.hashChange\" class=\"wp-block-accordion-item is-layout-flow wp-block-accordion-item-is-layout-flow\">\n<h3 class=\"wp-block-accordion-heading\"><button aria-expanded=\"false\" aria-controls=\"accordion-item-5-panel\" data-wp-bind--aria-expanded=\"state.isOpen\" data-wp-on--click=\"actions.toggle\" data-wp-on--keydown=\"actions.handleKeyDown\" id=\"accordion-item-5\" type=\"button\" class=\"wp-block-accordion-heading__toggle\"><span class=\"wp-block-accordion-heading__toggle-title\">5. \u00bfCu\u00e1l es la capacidad de carga m\u00e1xima que pueden manejar sus equipos?<\/span><span class=\"wp-block-accordion-heading__toggle-icon\" aria-hidden=\"true\">+<\/span><\/button><\/h3>\n\n\n\n<div inert aria-labelledby=\"accordion-item-5\" data-wp-bind--inert=\"!state.isOpen\" id=\"accordion-item-5-panel\" role=\"region\" class=\"wp-block-accordion-panel is-layout-flow wp-block-accordion-panel-is-layout-flow\">\n<p>Disponemos de una flota vers\u00e1til que abarca desde camiones de 3 toneladas hasta gr\u00faas telesc\u00f3picas de gran capacidad para movimientos de estructuras pesadas.<\/p>\n<\/div>\n<\/div>\n<\/div>\n\n\n\n<div data-wp-context=\"{ &quot;autoclose&quot;: false, &quot;accordionItems&quot;: [] }\" data-wp-interactive=\"core\/accordion\" role=\"group\" class=\"wp-block-accordion is-layout-flow wp-block-accordion-is-layout-flow\">\n<div data-wp-class--is-open=\"state.isOpen\" data-wp-context=\"{ &quot;id&quot;: &quot;accordion-item-6&quot;, &quot;openByDefault&quot;: false }\" data-wp-init=\"callbacks.initAccordionItems\" data-wp-on-window--hashchange=\"callbacks.hashChange\" class=\"wp-block-accordion-item is-layout-flow wp-block-accordion-item-is-layout-flow\">\n<h3 class=\"wp-block-accordion-heading\"><button aria-expanded=\"false\" aria-controls=\"accordion-item-6-panel\" data-wp-bind--aria-expanded=\"state.isOpen\" data-wp-on--click=\"actions.toggle\" data-wp-on--keydown=\"actions.handleKeyDown\" id=\"accordion-item-6\" type=\"button\" class=\"wp-block-accordion-heading__toggle\"><span class=\"wp-block-accordion-heading__toggle-title\">6. \u00bfEs necesario realizar una visita t\u00e9cnica al sitio antes de contratar el servicio?<\/span><span class=\"wp-block-accordion-heading__toggle-icon\" aria-hidden=\"true\">+<\/span><\/button><\/h3>\n\n\n\n<div inert aria-labelledby=\"accordion-item-6\" data-wp-bind--inert=\"!state.isOpen\" id=\"accordion-item-6-panel\" role=\"region\" class=\"wp-block-accordion-panel is-layout-flow wp-block-accordion-panel-is-layout-flow\">\n<p>Para maniobras complejas o en espacios confinados, se recomienda una inspecci\u00f3n previa para verificar accesos, redes el\u00e9ctricas y estabilidad del terreno.<\/p>\n<\/div>\n<\/div>\n<\/div>\n\n\n\n<div data-wp-context=\"{ &quot;autoclose&quot;: false, &quot;accordionItems&quot;: [] }\" data-wp-interactive=\"core\/accordion\" role=\"group\" class=\"wp-block-accordion is-layout-flow wp-block-accordion-is-layout-flow\">\n<div data-wp-class--is-open=\"state.isOpen\" data-wp-context=\"{ &quot;id&quot;: &quot;accordion-item-7&quot;, &quot;openByDefault&quot;: false }\" data-wp-init=\"callbacks.initAccordionItems\" data-wp-on-window--hashchange=\"callbacks.hashChange\" class=\"wp-block-accordion-item is-layout-flow wp-block-accordion-item-is-layout-flow\">\n<h3 class=\"wp-block-accordion-heading\"><button aria-expanded=\"false\" aria-controls=\"accordion-item-7-panel\" data-wp-bind--aria-expanded=\"state.isOpen\" data-wp-on--click=\"actions.toggle\" data-wp-on--keydown=\"actions.handleKeyDown\" id=\"accordion-item-7\" type=\"button\" class=\"wp-block-accordion-heading__toggle\"><span class=\"wp-block-accordion-heading__toggle-title\">7. \u00bfQu\u00e9 documentos debe presentar la empresa para formalizar la contrataci\u00f3n?<\/span><span class=\"wp-block-accordion-heading__toggle-icon\" aria-hidden=\"true\">+<\/span><\/button><\/h3>\n\n\n\n<div inert aria-labelledby=\"accordion-item-7\" data-wp-bind--inert=\"!state.isOpen\" id=\"accordion-item-7-panel\" role=\"region\" class=\"wp-block-accordion-panel is-layout-flow wp-block-accordion-panel-is-layout-flow\">\n<p>Se requiere el RUT actualizado, la orden de servicio y la seguridad social vigente de todo el personal involucrado en la operaci\u00f3n de izaje.<\/p>\n<\/div>\n<\/div>\n<\/div>\n\n\n\n<div style=\"height:39px\" aria-hidden=\"true\" class=\"wp-block-spacer\"><\/div>\n\n\n\n<h3 class=\"wp-block-heading has-text-align-center\">\u00a1Garantice Seguridad Con Equipos Certificados!<\/h3>\n\n\n\n<p class=\"has-text-align-center\">Brindamos soluciones t\u00e9cnicas de alta precisi\u00f3n para proyectos industriales exigentes que requieren cumplimiento normativo inmediato.<\/p>\n\n\n\n<div class=\"wp-block-buttons is-content-justification-center is-layout-flex wp-container-core-buttons-is-layout-16018d1d wp-block-buttons-is-layout-flex\">\n<div class=\"wp-block-button\"><a class=\"wp-block-button__link wp-element-button\"><strong>\u00a1Cotice Aqu\u00ed!<\/strong><\/a><\/div>\n<\/div>\n\n\n\n<div style=\"height:40px\" aria-hidden=\"true\" class=\"wp-block-spacer\"><\/div>\n\n\n\n<iframe src=\"https:\/\/www.google.com\/maps\/embed?pb=!1m18!1m12!1m3!1d7951.038578711544!2d-74.26997441254467!3d4.852261120922729!2m3!1f0!2f0!3f0!3m2!1i1024!2i768!4f13.1!3m3!1m2!1s0x8e3f7fca5cb24543%3A0x1aa4667d85ca4ce2!2sEl%20Rosal%2C%20Cundinamarca!5e0!3m2!1ses-419!2sco!4v1775411810572!5m2!1ses-419!2sco\" width=\"100%\" height=\"350\" style=\"border:0;\" allowfullscreen=\"\" loading=\"lazy\" referrerpolicy=\"no-referrer-when-downgrade\"><\/iframe>\n\n\n\n<style>\n.directorio-gruas-elrosal {\n    font-family: system-ui, -apple-system, BlinkMacSystemFont, \"Segoe UI\", Roboto, Oxygen, Ubuntu, Cantarell, \"Open Sans\", \"Helvetica Neue\", sans-serif;\n    margin: 2rem 0;\n    box-sizing: border-box;\n}\n.directorio-gruas-elrosal * {\n    box-sizing: inherit;\n}\n.directorio-gruas-elrosal h2 {\n    text-align: center;\n    color: #1a202c;\n    font-size: 2rem;\n    margin-bottom: 2rem;\n    font-weight: 700;\n}\n.directorio-grid {\n    display: grid;\n    grid-template-columns: 1fr;\n    gap: 1.5rem;\n}\n@media (min-width: 768px) {\n    .directorio-grid {\n        grid-template-columns: repeat(2, 1fr);\n    }\n}\n@media (min-width: 1024px) {\n    .directorio-grid {\n        grid-template-columns: repeat(3, 1fr);\n    }\n}\n.tarjeta {\n    background-color: #ffffff;\n    border-radius: 12px;\n    box-shadow: 0 4px 6px -1px rgba(0, 0, 0, 0.1), 0 2px 4px -1px rgba(0, 0, 0, 0.06);\n    overflow: hidden;\n    transition: transform 0.3s ease, box-shadow 0.3s ease;\n    display: flex;\n    flex-direction: column;\n}\n.tarjeta:hover {\n    transform: translateY(-8px);\n    box-shadow: 0 20px 25px -5px rgba(0, 0, 0, 0.1), 0 10px 10px -5px rgba(0, 0, 0, 0.04);\n}\n.directorio-card-img-wrapper {\n    background-color: #f7fafc;\n    height: 180px;\n    display: flex;\n    align-items: center;\n    justify-content: center;\n    padding: 1rem;\n    border-bottom: 1px solid #e2e8f0;\n}\n.directorio-card-img-wrapper img {\n    width: 90px;\n    height: 90px;\n    object-fit: contain;\n}\n.tarjeta-content {\n    padding: 1.5rem;\n    display: flex;\n    flex-direction: column;\n    flex-grow: 1;\n}\n.tarjeta-content h3 {\n    margin-top: 0;\n    color: #2d3748;\n    font-size: 1.2rem;\n    font-weight: 700;\n    margin-bottom: 0.75rem;\n    line-height: 1.3;\n}\n.tarjeta-content p {\n    color: #4a5568;\n    font-size: 0.95rem;\n    line-height: 1.6;\n    margin-bottom: 1.5rem;\n    flex-grow: 1;\n}\n.btn-urgencia {\n    display: block;\n    text-align: center;\n    background-color: #e53e3e;\n    color: #ffffff !important;\n    padding: 0.75rem 1rem;\n    border-radius: 6px;\n    text-decoration: none;\n    font-weight: 700;\n    margin-bottom: 0.75rem;\n    transition: background-color 0.2s ease;\n}\n.btn-urgencia:hover {\n    background-color: #c53030;\n}\n.btn-secundario {\n    display: block;\n    text-align: center;\n    background-color: #edf2f7;\n    color: #2d3748 !important;\n    padding: 0.75rem 1rem;\n    border-radius: 6px;\n    text-decoration: none;\n    font-weight: 600;\n    transition: background-color 0.2s ease;\n}\n.btn-secundario:hover {\n    background-color: #e2e8f0;\n}\n<\/style>\n\n<div class=\"directorio-gruas-elrosal\">\n    <h2><span class=\"ez-toc-section\" id=\"Directorio_de_emergencias_para_alquiler_de_camion_grua_en_El_Rosal\"><\/span>Directorio de emergencias para alquiler de cami\u00f3n gr\u00faa en El Rosal<span class=\"ez-toc-section-end\"><\/span><\/h2>\n    \n    <div class=\"directorio-grid\">\n        <article class=\"tarjeta\">\n            <div class=\"directorio-card-img-wrapper\">\n                <img decoding=\"async\" src=\"data:image\/svg+xml,%3Csvg xmlns='http:\/\/www.w3.org\/2000\/svg' viewBox='0 0 24 24' fill='none' stroke='%23e53e3e' stroke-width='2' stroke-linecap='round' stroke-linejoin='round'%3E%3Cpath d='M8.5 14.5A2.5 2.5 0 0011 12c-2.28 0-3-4.5-3-4.5s-2 3.5-2 6.5a4.5 4.5 0 005.5 4.4z'\/%3E%3Cpath d='M15.5 11.5c0-3-2-6.5-2-6.5s-.72 4.5-3 4.5a2.5 2.5 0 002.5 2.5 4.5 4.5 0 002.5-4.4z'\/%3E%3Cpath d='M12 22c5.52 0 10-4.48 10-10S17.52 2 12 2 2 6.48 2 12s4.48 10 10 10z'\/%3E%3C\/svg%3E\" alt=\"Bomberos Icono\" width=\"90\" height=\"90\" loading=\"lazy\">\n            <\/div>\n            <div class=\"tarjeta-content\">\n                <h3>Bomberos Voluntarios de El Rosal<\/h3>\n                <p>Atenci\u00f3n prioritaria en siniestros viales, incendios estructurales y rescate t\u00e9cnico. Cobertura especializada para la Autopista Medell\u00edn y zonas industriales del municipio.<\/p>\n                <a href=\"tel:119\" class=\"btn-urgencia\">Llamar al 119<\/a>\n                <a href=\"tel:6018240061\" class=\"btn-secundario\">Tel\u00e9fono: (601) 824 0061<\/a>\n            <\/div>\n        <\/article>\n\n        <article class=\"tarjeta\">\n            <div class=\"directorio-card-img-wrapper\">\n                <img decoding=\"async\" src=\"data:image\/svg+xml,%3Csvg xmlns='http:\/\/www.w3.org\/2000\/svg' viewBox='0 0 24 24' fill='none' stroke='%23dd6b20' stroke-width='2' stroke-linecap='round' stroke-linejoin='round'%3E%3Crect x='3' y='11' width='18' height='8' rx='2'\/%3E%3Ccircle cx='7' cy='19' r='2'\/%3E%3Ccircle cx='17' cy='19' r='2'\/%3E%3Cpath d='M3 11l2-5h14l2 5'\/%3E%3C\/svg%3E\" alt=\"Tr\u00e1nsito Icono\" width=\"90\" height=\"90\" loading=\"lazy\">\n            <\/div>\n            <div class=\"tarjeta-content\">\n                <h3>Inspecci\u00f3n de Polic\u00eda y Tr\u00e1nsito<\/h3>\n                <p>Regulaci\u00f3n de movilidad, control de carga pesada y reporte de accidentes que involucren camiones gr\u00faa en el casco urbano y corredores log\u00edsticos.<\/p>\n                <a href=\"tel:6018240026\" class=\"btn-urgencia\">Llamar al (601) 824 0026<\/a>\n                <a href=\"https:\/\/www.elrosal-cundinamarca.gov.co\" target=\"_blank\" rel=\"noopener noreferrer\" class=\"btn-secundario\">Sitio Web Oficial<\/a>\n            <\/div>\n        <\/article>\n\n        <article class=\"tarjeta\">\n            <div class=\"directorio-card-img-wrapper\">\n                <img decoding=\"async\" src=\"data:image\/svg+xml,%3Csvg xmlns='http:\/\/www.w3.org\/2000\/svg' viewBox='0 0 24 24' fill='none' stroke='%23e53e3e' stroke-width='2' stroke-linecap='round' stroke-linejoin='round'%3E%3Cpath d='M10 3v7H3v4h7v7h4v-7h7v-4h-7V3h-4z'\/%3E%3C\/svg%3E\" alt=\"Hospital Icono\" width=\"90\" height=\"90\" loading=\"lazy\">\n            <\/div>\n            <div class=\"tarjeta-content\">\n                <h3>Centro de Salud de El Rosal<\/h3>\n                <p>Urgencias m\u00e9dicas 24\/7. Estabilizaci\u00f3n de pacientes por accidentes laborales o traumas durante operaciones de carga y descarga de maquinaria.<\/p>\n                <a href=\"tel:123\" class=\"btn-urgencia\">Llamar Emergencias<\/a>\n                <a href=\"https:\/\/www.hospitalfacatativa.gov.co\/portafolio-de-servicios\/sede-centro-de-salud-el-rosal\" target=\"_blank\" rel=\"noopener noreferrer\" class=\"btn-secundario\">Sitio Web Oficial<\/a>\n            <\/div>\n        <\/article>\n\n        <article class=\"tarjeta\">\n            <div class=\"directorio-card-img-wrapper\">\n                <img decoding=\"async\" src=\"data:image\/svg+xml,%3Csvg xmlns='http:\/\/www.w3.org\/2000\/svg' viewBox='0 0 24 24' fill='none' stroke='%23d69e2e' stroke-width='2' stroke-linecap='round' stroke-linejoin='round'%3E%3Cpath d='M12 22s8-4 8-10V5l-8-3-8 3v7c0 6 8 10 8 10z'\/%3E%3C\/svg%3E\" alt=\"Defensa Civil Icono\" width=\"90\" height=\"90\" loading=\"lazy\">\n            <\/div>\n            <div class=\"tarjeta-content\">\n                <h3>Defensa Civil El Rosal<\/h3>\n                <p>Gesti\u00f3n de riesgos y apoyo log\u00edstico en emergencias naturales o tecnol\u00f3gicas. Respuesta inmediata en rescate vehicular y \u00e1reas de construcci\u00f3n.<\/p>\n                <a href=\"tel:144\" class=\"btn-urgencia\">Llamar al 144<\/a>\n                <a href=\"https:\/\/www.defensacivil.gov.co\" target=\"_blank\" rel=\"noopener noreferrer\" class=\"btn-secundario\">Sitio Web Oficial<\/a>\n            <\/div>\n        <\/article>\n\n        <article class=\"tarjeta\">\n            <div class=\"directorio-card-img-wrapper\">\n                <img decoding=\"async\" src=\"data:image\/svg+xml,%3Csvg xmlns='http:\/\/www.w3.org\/2000\/svg' viewBox='0 0 24 24' fill='none' stroke='%233182ce' stroke-width='2' stroke-linecap='round' stroke-linejoin='round'%3E%3Cpath d='M14 2H6a2 2 0 0 0-2 2v16a2 2 0 0 0 2 2h12a2 2 0 0 0 2-2V8z'\/%3E%3Cpolyline points='14 2 14 8 20 8'\/%3E%3Cline x1='16' y1='13' x2='8' y2='13'\/%3E%3Cline x1='16' y1='17' x2='8' y2='17'\/%3E%3Cpolyline points='10 9 9 9 8 9'\/%3E%3C\/svg%3E\" alt=\"Planeaci\u00f3n Icono\" width=\"90\" height=\"90\" loading=\"lazy\">\n            <\/div>\n            <div class=\"tarjeta-content\">\n                <h3>Secretar\u00eda de Planeaci\u00f3n Municipal<\/h3>\n                <p>Control urban\u00edstico y supervisi\u00f3n de licencias para proyectos que requieran el uso de gr\u00faas telesc\u00f3picas o camiones gr\u00faa articulados.<\/p>\n                <a href=\"tel:6018240026\" class=\"btn-urgencia\">Llamar al (601) 824 0026<\/a>\n                <a href=\"https:\/\/www.elrosal-cundinamarca.gov.co\" target=\"_blank\" rel=\"noopener noreferrer\" class=\"btn-secundario\">Sitio Web Oficial<\/a>\n            <\/div>\n        <\/article>\n\n        <article class=\"tarjeta\">\n            <div class=\"directorio-card-img-wrapper\">\n                <img decoding=\"async\" src=\"data:image\/svg+xml,%3Csvg xmlns='http:\/\/www.w3.org\/2000\/svg' viewBox='0 0 24 24' fill='none' stroke='%232c5282' stroke-width='2' stroke-linecap='round' stroke-linejoin='round'%3E%3Cpolygon points='12 2 15.09 8.26 22 9.27 17 14.14 18.18 21.02 12 17.77 5.82 21.02 7 14.14 2 9.27 8.91 8.26 12 2'\/%3E%3C\/svg%3E\" alt=\"Polic\u00eda Icono\" width=\"90\" height=\"90\" loading=\"lazy\">\n            <\/div>\n            <div class=\"tarjeta-content\">\n                <h3>Estaci\u00f3n de Polic\u00eda El Rosal<\/h3>\n                <p>Vigilancia y seguridad en maniobras de izaje y transporte de materiales. Acompa\u00f1amiento en operativos de seguridad vial para maquinaria pesada.<\/p>\n                <a href=\"tel:112\" class=\"btn-urgencia\">Llamar al 112<\/a>\n                <a href=\"tel:3203023021\" class=\"btn-secundario\">Tel\u00e9fono Cuadrante<\/a>\n            <\/div>\n        <\/article>\n    <\/div>\n<\/div>\n\n<script type=\"application\/ld+json\">\n{\n  \"@context\": \"https:\/\/schema.org\",\n  \"@graph\": [\n    {\n      \"@type\": \"FireStation\",\n      \"name\": \"Bomberos Voluntarios de El Rosal\",\n      \"description\": \"Atenci\u00f3n de emergencias y rescate para transporte pesado en El Rosal, Cundinamarca.\",\n      \"telephone\": \"119\"\n    },\n    {\n      \"@type\": \"GovernmentOrganization\",\n      \"name\": \"Inspecci\u00f3n de Tr\u00e1nsito El Rosal\",\n      \"description\": \"Regulaci\u00f3n de movilidad y permisos para camiones gr\u00faa.\",\n      \"url\": \"https:\/\/www.elrosal-cundinamarca.gov.co\",\n      \"telephone\": \"(601) 824 0026\"\n    },\n    {\n      \"@type\": \"Hospital\",\n      \"name\": \"Centro de Salud El Rosal\",\n      \"description\": \"Urgencias m\u00e9dicas y atenci\u00f3n de accidentes laborales.\",\n      \"url\": \"https:\/\/www.hospitalfacatativa.gov.co\",\n      \"telephone\": \"123\"\n    },\n    {\n      \"@type\": \"NGO\",\n      \"name\": \"Defensa Civil El Rosal\",\n      \"description\": \"Apoyo en rescate y gesti\u00f3n de riesgos en zonas de construcci\u00f3n.\",\n      \"url\": \"https:\/\/www.defensacivil.gov.co\",\n      \"telephone\": \"144\"\n    }\n  ]\n}\n<\/script>\n","protected":false},"excerpt":{"rendered":"<p>Optimice sus maniobras de carga con equipos certificados y operadores expertos. Garantizamos seguridad t\u00e9cnica y cumplimiento normativo en cada proyecto industrial.<\/p>\n","protected":false},"author":1,"featured_media":0,"comment_status":"open","ping_status":"open","sticky":false,"template":"","format":"standard","meta":{"_acf_changed":false,"footnotes":""},"categories":[50],"tags":[78,51,56,101],"class_list":["post-4166","post","type-post","status-publish","format-standard","hentry","category-servicios-izaje-carga","tag-equipos-certificados","tag-gruas-industriales","tag-plan-de-izaje","tag-resolucion-4272-2021"],"acf":[],"_links":{"self":[{"href":"https:\/\/www.geconexion.com.co\/alquiler\/wp-json\/wp\/v2\/posts\/4166","targetHints":{"allow":["GET"]}}],"collection":[{"href":"https:\/\/www.geconexion.com.co\/alquiler\/wp-json\/wp\/v2\/posts"}],"about":[{"href":"https:\/\/www.geconexion.com.co\/alquiler\/wp-json\/wp\/v2\/types\/post"}],"author":[{"embeddable":true,"href":"https:\/\/www.geconexion.com.co\/alquiler\/wp-json\/wp\/v2\/users\/1"}],"replies":[{"embeddable":true,"href":"https:\/\/www.geconexion.com.co\/alquiler\/wp-json\/wp\/v2\/comments?post=4166"}],"version-history":[{"count":12,"href":"https:\/\/www.geconexion.com.co\/alquiler\/wp-json\/wp\/v2\/posts\/4166\/revisions"}],"predecessor-version":[{"id":4186,"href":"https:\/\/www.geconexion.com.co\/alquiler\/wp-json\/wp\/v2\/posts\/4166\/revisions\/4186"}],"wp:attachment":[{"href":"https:\/\/www.geconexion.com.co\/alquiler\/wp-json\/wp\/v2\/media?parent=4166"}],"wp:term":[{"taxonomy":"category","embeddable":true,"href":"https:\/\/www.geconexion.com.co\/alquiler\/wp-json\/wp\/v2\/categories?post=4166"},{"taxonomy":"post_tag","embeddable":true,"href":"https:\/\/www.geconexion.com.co\/alquiler\/wp-json\/wp\/v2\/tags?post=4166"}],"curies":[{"name":"wp","href":"https:\/\/api.w.org\/{rel}","templated":true}]}}