{"id":4145,"date":"2026-04-04T22:50:03","date_gmt":"2026-04-04T22:50:03","guid":{"rendered":"https:\/\/www.geconexion.com.co\/alquiler\/?p=4145"},"modified":"2026-04-22T15:25:52","modified_gmt":"2026-04-22T15:25:52","slug":"alquiler-de-camion-grua-en-tenjo","status":"publish","type":"post","link":"https:\/\/www.geconexion.com.co\/alquiler\/alquiler-de-camion-grua-en-tenjo\/","title":{"rendered":"Alquiler de Cami\u00f3n Gr\u00faa en Tenjo &#8211; 7 beneficios incre\u00edbles para su proyecto"},"content":{"rendered":"\n<p>Optimice sus proyectos con equipos de alta capacidad y operadores certificados para maniobras seguras. El <strong><a href=\"https:\/\/www.geconexion.com.co\/alquiler-de-camion-grua-bogota.html\" target=\"_blank\" rel=\"noreferrer noopener\">alquiler de cami\u00f3n gr\u00faa en Tenjo<\/a><\/strong> es la soluci\u00f3n log\u00edstica ideal para garantizar eficiencia en el izaje y descarga de materiales pesados. Contrate ahora un servicio t\u00e9cnico especializado que cumple con los m\u00e1s altos est\u00e1ndares de seguridad industrial.<\/p>\n\n\n\n<!--more LEER MAS-->\n\n\n\n<div id=\"ez-toc-container\" class=\"ez-toc-v2_0_82_2 counter-hierarchy ez-toc-counter ez-toc-light-blue ez-toc-container-direction\">\n<div class=\"ez-toc-title-container\">\n<p class=\"ez-toc-title\" style=\"cursor:inherit\">Indice<\/p>\n<span class=\"ez-toc-title-toggle\"><a href=\"#\" class=\"ez-toc-pull-right ez-toc-btn ez-toc-btn-xs ez-toc-btn-default ez-toc-toggle\" aria-label=\"Alternar tabla de contenidos\"><span class=\"ez-toc-js-icon-con\"><span class=\"\"><span class=\"eztoc-hide\" style=\"display:none;\">Toggle<\/span><span class=\"ez-toc-icon-toggle-span\"><svg style=\"fill: #999;color:#999\" xmlns=\"http:\/\/www.w3.org\/2000\/svg\" class=\"list-377408\" width=\"20px\" height=\"20px\" viewBox=\"0 0 24 24\" fill=\"none\"><path d=\"M6 6H4v2h2V6zm14 0H8v2h12V6zM4 11h2v2H4v-2zm16 0H8v2h12v-2zM4 16h2v2H4v-2zm16 0H8v2h12v-2z\" fill=\"currentColor\"><\/path><\/svg><svg style=\"fill: #999;color:#999\" class=\"arrow-unsorted-368013\" xmlns=\"http:\/\/www.w3.org\/2000\/svg\" width=\"10px\" height=\"10px\" viewBox=\"0 0 24 24\" version=\"1.2\" baseProfile=\"tiny\"><path d=\"M18.2 9.3l-6.2-6.3-6.2 6.3c-.2.2-.3.4-.3.7s.1.5.3.7c.2.2.4.3.7.3h11c.3 0 .5-.1.7-.3.2-.2.3-.5.3-.7s-.1-.5-.3-.7zM5.8 14.7l6.2 6.3 6.2-6.3c.2-.2.3-.5.3-.7s-.1-.5-.3-.7c-.2-.2-.4-.3-.7-.3h-11c-.3 0-.5.1-.7.3-.2.2-.3.5-.3.7s.1.5.3.7z\"\/><\/svg><\/span><\/span><\/span><\/a><\/span><\/div>\n<nav><ul class='ez-toc-list ez-toc-list-level-1 ' ><li class='ez-toc-page-1 ez-toc-heading-level-2'><a class=\"ez-toc-link ez-toc-heading-1\" href=\"https:\/\/www.geconexion.com.co\/alquiler\/alquiler-de-camion-grua-en-tenjo\/#7_beneficios_increibles_para_el_alquiler_de_camion_grua_en_Tenjo\" >7 beneficios incre\u00edbles para el alquiler de cami\u00f3n gr\u00faa en Tenjo<\/a><\/li><li class='ez-toc-page-1 ez-toc-heading-level-2'><a class=\"ez-toc-link ez-toc-heading-2\" href=\"https:\/\/www.geconexion.com.co\/alquiler\/alquiler-de-camion-grua-en-tenjo\/#Tipos_de_vehiculos_y_capacidad_de_carga_en_el_alquiler_de_camion_grua_en_Tenjo\" >Tipos de veh\u00edculos y capacidad de carga en el alquiler de cami\u00f3n gr\u00faa en Tenjo<\/a><\/li><li class='ez-toc-page-1 ez-toc-heading-level-2'><a class=\"ez-toc-link ez-toc-heading-3\" href=\"https:\/\/www.geconexion.com.co\/alquiler\/alquiler-de-camion-grua-en-tenjo\/#Guia_para_elegir_el_mejor_alquiler_de_camion_grua_en_Tenjo\" >Gu\u00eda para elegir el mejor alquiler de cami\u00f3n gr\u00faa en Tenjo<\/a><\/li><li class='ez-toc-page-1 ez-toc-heading-level-2'><a class=\"ez-toc-link ez-toc-heading-4\" href=\"https:\/\/www.geconexion.com.co\/alquiler\/alquiler-de-camion-grua-en-tenjo\/#Factores_que_determinan_el_precio_del_alquiler_de_camion_grua_en_Tenjo\" >Factores que determinan el precio del alquiler de cami\u00f3n gr\u00faa en Tenjo<\/a><\/li><li class='ez-toc-page-1 ez-toc-heading-level-2'><a class=\"ez-toc-link ez-toc-heading-5\" href=\"https:\/\/www.geconexion.com.co\/alquiler\/alquiler-de-camion-grua-en-tenjo\/#Modalidades_de_alquiler_de_camion_grua_en_Tenjo_horas_dias_o_meses\" >Modalidades de alquiler de cami\u00f3n gr\u00faa en Tenjo: horas, d\u00edas o meses<\/a><\/li><li class='ez-toc-page-1 ez-toc-heading-level-2'><a class=\"ez-toc-link ez-toc-heading-6\" href=\"https:\/\/www.geconexion.com.co\/alquiler\/alquiler-de-camion-grua-en-tenjo\/#Requisitos_para_el_alquiler_de_camion_grua_en_Tenjo_Personal_y_Terreno\" >Requisitos para el alquiler de cami\u00f3n gr\u00faa en Tenjo: Personal y Terreno<\/a><\/li><li class='ez-toc-page-1 ez-toc-heading-level-2'><a class=\"ez-toc-link ez-toc-heading-7\" href=\"https:\/\/www.geconexion.com.co\/alquiler\/alquiler-de-camion-grua-en-tenjo\/#Normativas_y_resoluciones_legales_para_el_alquiler_de_camion_grua_en_Tenjo\" >Normativas y resoluciones legales para el alquiler de cami\u00f3n gr\u00faa en Tenjo<\/a><\/li><li class='ez-toc-page-1 ez-toc-heading-level-2'><a class=\"ez-toc-link ez-toc-heading-8\" href=\"https:\/\/www.geconexion.com.co\/alquiler\/alquiler-de-camion-grua-en-tenjo\/#Beneficios_de_contratar_un_alquiler_de_camion_grua_en_Tenjo_certificado\" >Beneficios de contratar un alquiler de cami\u00f3n gr\u00faa en Tenjo certificado<\/a><\/li><li class='ez-toc-page-1 ez-toc-heading-level-2'><a class=\"ez-toc-link ez-toc-heading-9\" href=\"https:\/\/www.geconexion.com.co\/alquiler\/alquiler-de-camion-grua-en-tenjo\/#Preguntas_Frecuentes_sobre_el_alquiler_de_camion_grua_en_Tenjo\" >Preguntas Frecuentes sobre el alquiler de cami\u00f3n gr\u00faa en Tenjo<\/a><\/li><li class='ez-toc-page-1 ez-toc-heading-level-2'><a class=\"ez-toc-link ez-toc-heading-10\" href=\"https:\/\/www.geconexion.com.co\/alquiler\/alquiler-de-camion-grua-en-tenjo\/#Directorio_de_emergencias_para_alquiler_de_camion_grua_en_Tenjo\" >Directorio de emergencias para alquiler de cami\u00f3n gr\u00faa en Tenjo<\/a><\/li><\/ul><\/nav><\/div>\n<h2 class=\"wp-block-heading\"><span class=\"ez-toc-section\" id=\"7_beneficios_increibles_para_el_alquiler_de_camion_grua_en_Tenjo\"><\/span>7 beneficios incre\u00edbles para el alquiler de cami\u00f3n gr\u00faa en Tenjo<span class=\"ez-toc-section-end\"><\/span><\/h2>\n\n\n\n<p>Contratar maquinaria especializada permite optimizar la <strong>log\u00edstica de levantamiento industrial<\/strong> en cualquier tipo de obra o infraestructura. Al elegir nuestra asistencia t\u00e9cnica, usted accede a ventajas dise\u00f1adas para elevar la productividad, garantizando que cada movimiento de carga se realice con precisi\u00f3n y bajo estrictos controles de seguridad.<\/p>\n\n\n\n<h3 class=\"wp-block-heading\">\ud83c\udfd7\ufe0f 1. Disponibilidad de brazo hidr\u00e1ulico<\/h3>\n\n\n\n<p>Contamos con equipos de \u00faltima generaci\u00f3n que facilitan el alcance en zonas de dif\u00edcil acceso, permitiendo maniobras vers\u00e1tiles para cargas de diferentes dimensiones.<\/p>\n\n\n\n<h3 class=\"wp-block-heading\">\ud83d\udee1\ufe0f 2. Seguridad en operaciones de izaje<\/h3>\n\n\n\n<p>Cada proceso est\u00e1 respaldado por protocolos rigurosos que protegen tanto la integridad de la carga como la del personal t\u00e9cnico presente en el \u00e1rea de trabajo.<\/p>\n\n\n\n<h3 class=\"wp-block-heading\">\ud83d\udcc8 3. Optimizaci\u00f3n de tiempos operativos<\/h3>\n\n\n\n<p>La eficiencia de nuestras gr\u00faas permite reducir los tiempos de carga y descarga, lo que se traduce en un avance significativo en el cronograma de su proyecto.<\/p>\n\n\n\n<h3 class=\"wp-block-heading\">\u2699\ufe0f 4. Equipos con mantenimiento preventivo<\/h3>\n\n\n\n<p>Garantizamos maquinaria en estado impecable, minimizando riesgos de fallas mec\u00e1nicas que puedan retrasar sus actividades o generar costos imprevistos.<\/p>\n\n\n\n<h3 class=\"wp-block-heading\">\ud83d\udc68\u200d\u2708\ufe0f 5. Operadores altamente calificados<\/h3>\n\n\n\n<p>Nuestro personal cuenta con la experiencia y certificaciones necesarias para manejar situaciones complejas, asegurando un control total sobre el equipo y la carga.<\/p>\n\n\n\n<h3 class=\"wp-block-heading\">\ud83d\udccb 6. Asesor\u00eda t\u00e9cnica personalizada<\/h3>\n\n\n\n<p>Brindamos acompa\u00f1amiento para determinar el tipo de gr\u00faa y la configuraci\u00f3n de izaje m\u00e1s adecuada seg\u00fan las condiciones espec\u00edficas del terreno en Tenjo.<\/p>\n\n\n\n<h3 class=\"wp-block-heading\">\ud83d\udcb0 7. Eficiencia en costos log\u00edsticos<\/h3>\n\n\n\n<p>Al integrar maquinaria potente y personal experto, reducimos la necesidad de recursos adicionales, ofreciendo una soluci\u00f3n rentable y de alto rendimiento para su empresa.<\/p>\n\n\n\n<h2 class=\"wp-block-heading\"><span class=\"ez-toc-section\" id=\"Tipos_de_vehiculos_y_capacidad_de_carga_en_el_alquiler_de_camion_grua_en_Tenjo\"><\/span>Tipos de veh\u00edculos y capacidad de carga en el alquiler de cami\u00f3n gr\u00faa en Tenjo<span class=\"ez-toc-section-end\"><\/span><\/h2>\n\n\n\n<p>Contamos con una flota diversa dise\u00f1ada para cubrir las exigencias t\u00e9cnicas de cada proyecto mediante el <strong>alquiler de cami\u00f3n gr\u00faa en Tenjo<\/strong> con equipos certificados. Nuestra maquinaria permite realizar desde movimientos de precisi\u00f3n en espacios reducidos hasta el levantamiento de estructuras de gran tonelaje, asegurando siempre la m\u00e1xima eficiencia operativa en sitio.<\/p>\n\n\n\n<h3 class=\"wp-block-heading\">Tabla t\u00e9cnica de flota disponible<\/h3>\n\n\n\n<figure class=\"wp-block-table\"><table class=\"has-fixed-layout\"><thead><tr><th>Tipo de Equipo<\/th><th>Especialidad Operativa<\/th><th>Capacidad \/ Aplicaci\u00f3n<\/th><\/tr><\/thead><tbody><tr><td><strong>Cami\u00f3n Gr\u00faa R\u00edgido<\/strong><\/td><td>Cargas est\u00e1ndar en ciudad<\/td><td>Movimiento de materiales pesados<\/td><\/tr><tr><td><strong>Cami\u00f3n Pluma Hidr\u00e1ulica<\/strong><\/td><td>Izajes de precisi\u00f3n<\/td><td>Montajes industriales y de fachada<\/td><\/tr><tr><td><strong>Cami\u00f3n Gr\u00faa sobre Orugas<\/strong><\/td><td>Terrenos de dif\u00edcil acceso<\/td><td>M\u00e1xima estabilidad en suelos blandos<\/td><\/tr><tr><td><strong>Cami\u00f3n con Brazo Articulado<\/strong><\/td><td>Espacios con obst\u00e1culos<\/td><td>Versatilidad en radios de giro cortos<\/td><\/tr><tr><td><strong>Cami\u00f3n Gr\u00faa Telesc\u00f3pico<\/strong><\/td><td>Grandes alturas y distancias<\/td><td>Izaje de vigas y estructuras pesadas<\/td><\/tr><tr><td><strong>Cami\u00f3n Pluma Elevadora<\/strong><\/td><td>Elevaci\u00f3n de personal y carga<\/td><td>Mantenimiento y arreglos locativos<\/td><\/tr><tr><td><strong>Telehandler<\/strong><\/td><td>Terreno irregular y log\u00edstica<\/td><td>Movimiento r\u00e1pido de pallets en obra<\/td><\/tr><tr><td><strong>Transporte Cama Baja<\/strong><\/td><td>Maquinaria sobredimensionada<\/td><td>Traslado seguro de activos de alto valor<\/td><\/tr><\/tbody><\/table><\/figure>\n\n\n\n<p>Disponemos de gr\u00faas autocargables certificadas que integran tecnolog\u00eda de punta para garantizar la integridad de sus activos durante cada fase del izaje.<\/p>\n\n\n\n<h2 class=\"wp-block-heading\"><span class=\"ez-toc-section\" id=\"Guia_para_elegir_el_mejor_alquiler_de_camion_grua_en_Tenjo\"><\/span>Gu\u00eda para elegir el mejor alquiler de cami\u00f3n gr\u00faa en Tenjo<span class=\"ez-toc-section-end\"><\/span><\/h2>\n\n\n\n<p>Seleccionar el equipo adecuado es la decisi\u00f3n m\u00e1s cr\u00edtica para asegurar que la <strong>operaci\u00f3n de cami\u00f3n con gr\u00faa<\/strong> se ejecute sin riesgos innecesarios. Evaluar las condiciones espec\u00edficas de su proyecto permite identificar la maquinaria que ofrece el mejor equilibrio entre potencia, alcance y costo operativo.<\/p>\n\n\n\n<ul class=\"wp-block-list\">\n<li>\ud83c\udfcb\ufe0f <strong>Peso y dimensiones:<\/strong> Verifique que la capacidad de carga del equipo supere siempre el peso total del objeto para garantizar estabilidad total.<\/li>\n\n\n\n<li>\ud83d\udccf <strong>Altura y distancia:<\/strong> Determine el radio de giro y la altura m\u00e1xima requerida para asegurar que la pluma alcance el punto de posicionamiento.<\/li>\n\n\n\n<li>\ud83c\udfd7\ufe0f <strong>Entorno de trabajo:<\/strong> Identifique posibles obst\u00e1culos a\u00e9reos como cables o techos, y defina si requiere un brazo articulado para sortear estructuras.<\/li>\n\n\n\n<li>\ud83d\ude9c <strong>Condiciones del terreno:<\/strong> Eval\u00fae si la superficie es firme o irregular para decidir entre un equipo sobre ruedas o una gr\u00faa sobre orugas.<\/li>\n\n\n\n<li>\ud83d\udee1\ufe0f <strong>Requisitos de seguridad:<\/strong> Aseg\u00farese de contar con los planes de izaje y las certificaciones de ley exigidas por la interventor\u00eda de su obra.<\/li>\n<\/ul>\n\n\n\n<h2 class=\"wp-block-heading\"><span class=\"ez-toc-section\" id=\"Factores_que_determinan_el_precio_del_alquiler_de_camion_grua_en_Tenjo\"><\/span>Factores que determinan el precio del alquiler de cami\u00f3n gr\u00faa en Tenjo<span class=\"ez-toc-section-end\"><\/span><\/h2>\n\n\n\n<p>El presupuesto de un servicio especializado depende de variables t\u00e9cnicas que garantizan la viabilidad de cada maniobra. Solicitar el <strong>alquiler de cami\u00f3n gr\u00faa en Tenjo<\/strong> requiere un an\u00e1lisis previo de las condiciones de carga para obtener una cotizaci\u00f3n ajustada a la realidad operativa de su proyecto.<\/p>\n\n\n\n<h3 class=\"wp-block-heading\">\u23f1\ufe0f 1. Tiempo de ejecuci\u00f3n<\/h3>\n\n\n\n<p>Las tarifas se ajustan seg\u00fan la duraci\u00f3n de la maniobra, ya sea que se requiera el equipo por horas espec\u00edficas, jornadas completas o meses de trabajo.<\/p>\n\n\n\n<h3 class=\"wp-block-heading\">\ud83d\udccd 2. Log\u00edstica de movilizaci\u00f3n<\/h3>\n\n\n\n<p>La ubicaci\u00f3n exacta del proyecto y la complejidad del acceso influyen en los costos de traslado y posicionamiento inicial de la maquinaria en el sitio.<\/p>\n\n\n\n<h3 class=\"wp-block-heading\">\ud83d\udc77 3. Personal y aparejos<\/h3>\n\n\n\n<p>El precio incluye el servicio de operadores certificados y, dependiendo del plan de izaje, el uso de accesorios como eslingas, grilletes o personal de apoyo.<\/p>\n\n\n\n<h3 class=\"wp-block-heading\">\ud83d\udcdc 4. Certificaciones y seguros<\/h3>\n\n\n\n<p>El cumplimiento de la normatividad SGSST y las p\u00f3lizas de responsabilidad civil vigentes aseguran la legalidad de la operaci\u00f3n, impactando en el valor final.<\/p>\n\n\n\n<h3 class=\"wp-block-heading\">\u26fd 5. Suministro de maquinaria de izado<\/h3>\n\n\n\n<p>El tipo de combustible y el mantenimiento preventivo del equipo seleccionado aseguran que la maquinaria rinda al m\u00e1ximo sin generar sobrecostos por fallos t\u00e9cnicos.<\/p>\n\n\n\n<h2 class=\"wp-block-heading\"><span class=\"ez-toc-section\" id=\"Modalidades_de_alquiler_de_camion_grua_en_Tenjo_horas_dias_o_meses\"><\/span>Modalidades de alquiler de cami\u00f3n gr\u00faa en Tenjo: horas, d\u00edas o meses<span class=\"ez-toc-section-end\"><\/span><\/h2>\n\n\n\n<p>Adaptamos nuestros servicios a la duraci\u00f3n espec\u00edfica de su obra para garantizar que el <strong>alquiler de cami\u00f3n gr\u00faa en Tenjo<\/strong> sea una inversi\u00f3n rentable. Ofrecemos esquemas de contrataci\u00f3n flexibles que permiten cubrir desde maniobras puntuales de pocas horas hasta el soporte t\u00e9cnico continuo en construcciones de gran envergadura.<\/p>\n\n\n\n<ol class=\"wp-block-list\">\n<li>\u23f1\ufe0f <strong>Servicio por horas:<\/strong> Ideal para cargues y descargues r\u00e1pidos o movimientos internos de maquinaria que no requieren una jornada completa.<br><\/li>\n\n\n\n<li>\ud83d\udcc5 <strong>Alquiler por d\u00edas:<\/strong> Soluci\u00f3n efectiva para montajes de estructuras met\u00e1licas o fachadas que exigen disponibilidad del equipo durante turnos definidos.<br><\/li>\n\n\n\n<li>\ud83d\uddd3\ufe0f <strong>Contrataci\u00f3n mensual:<\/strong> Esquema preferido para proyectos viales o de infraestructura donde la gr\u00faa debe permanecer en sitio de forma permanente.<br><\/li>\n\n\n\n<li>\ud83c\udfd7\ufe0f <strong>Proyectos de largo plazo:<\/strong> Tarifas especiales y soporte t\u00e9cnico dedicado para obras civiles que superen los tres meses de ejecuci\u00f3n continua.<\/li>\n<\/ol>\n\n\n\n<h2 class=\"wp-block-heading\"><span class=\"ez-toc-section\" id=\"Requisitos_para_el_alquiler_de_camion_grua_en_Tenjo_Personal_y_Terreno\"><\/span>Requisitos para el alquiler de cami\u00f3n gr\u00faa en Tenjo: Personal y Terreno<span class=\"ez-toc-section-end\"><\/span><\/h2>\n\n\n\n<p>Contar con las condiciones adecuadas en el sitio de operaci\u00f3n es indispensable para garantizar el \u00e9xito de la maniobra. Estos requerimientos t\u00e9cnicos aseguran que la maquinaria pueda posicionarse y operar bajo los est\u00e1ndares de seguridad industrial vigentes para proteger la carga y el entorno.<\/p>\n\n\n\n<h3 class=\"wp-block-heading\">Tabla de requisitos t\u00e9cnicos<\/h3>\n\n\n\n<figure class=\"wp-block-table\"><table class=\"has-fixed-layout\"><thead><tr><th>Categor\u00eda<\/th><th>Especificaci\u00f3n del Requerimiento<\/th><\/tr><\/thead><tbody><tr><td><strong>Personal en sitio<\/strong><\/td><td>Presencia de un supervisor de izaje y aparejadores certificados para guiar la carga.<\/td><\/tr><tr><td><strong>Firmeza del terreno<\/strong><\/td><td>Superficie compactada y nivelada que soporte la presi\u00f3n de los estabilizadores del equipo.<\/td><\/tr><tr><td><strong>\u00c1rea de maniobra<\/strong><\/td><td>Espacio libre de obst\u00e1culos a\u00e9reos y radio de giro despejado para el movimiento de la pluma.<\/td><\/tr><tr><td><strong>Documentaci\u00f3n legal<\/strong><\/td><td>Plan de izaje aprobado y seguridad social vigente de todo el personal involucrado.<\/td><\/tr><tr><td><strong>Accesos y rutas<\/strong><\/td><td>V\u00edas de ingreso aptas para el tonelaje y dimensiones del cami\u00f3n gr\u00faa seleccionado.<\/td><\/tr><tr><td><strong>Puntos de amarre<\/strong><\/td><td>Carga con orejas de izaje o puntos de sujeci\u00f3n estructuralmente verificados.<\/td><\/tr><\/tbody><\/table><\/figure>\n\n\n\n<h2 class=\"wp-block-heading\"><span class=\"ez-toc-section\" id=\"Normativas_y_resoluciones_legales_para_el_alquiler_de_camion_grua_en_Tenjo\"><\/span>Normativas y resoluciones legales para el alquiler de cami\u00f3n gr\u00faa en Tenjo<span class=\"ez-toc-section-end\"><\/span><\/h2>\n\n\n\n<p>El cumplimiento de la <strong><a href=\"https:\/\/share.google\/EEaKYtkJQOcyTxCsT\" target=\"_blank\" rel=\"noreferrer noopener\">Resoluci\u00f3n 4272 de 2021<\/a><\/strong> es fundamental para garantizar la seguridad en alturas y maniobras industriales. Nuestra empresa asegura que el suministro de maquinaria de izado cumpla con todas las inspecciones t\u00e9cnicas y certificaciones anuales vigentes. Estos est\u00e1ndares protegen la integridad de los trabajadores y la legalidad de su proyecto en cualquier tipo de obra civil.<\/p>\n\n\n\n<p>Cada operaci\u00f3n est\u00e1 respaldada por operarios que portan licencias actualizadas y certificados de competencia laboral emitidos por entidades acreditadas. El seguimiento estricto de los protocolos de seguridad industrial previene sanciones legales y asegura que el izaje se realice bajo par\u00e1metros t\u00e9cnicos. La documentaci\u00f3n de cada equipo permanece disponible para la revisi\u00f3n constante por parte de las interventor\u00edas o entes de control.<\/p>\n\n\n\n<h2 class=\"wp-block-heading\"><span class=\"ez-toc-section\" id=\"Beneficios_de_contratar_un_alquiler_de_camion_grua_en_Tenjo_certificado\"><\/span>Beneficios de contratar un alquiler de cami\u00f3n gr\u00faa en Tenjo certificado<span class=\"ez-toc-section-end\"><\/span><\/h2>\n\n\n\n<p>Contar con equipos que cumplen est\u00e1ndares de calidad asegura que la prestaci\u00f3n de servicios de izaje sea eficiente y confiable. Al elegir maquinaria con respaldo t\u00e9cnico, usted reduce la posibilidad de incidentes operativos y garantiza que el manejo de su carga pesada se realice bajo par\u00e1metros profesionales.<\/p>\n\n\n\n<ul class=\"wp-block-list\">\n<li>\u2705 <strong>Certificaciones vigentes:<\/strong> Equipos con inspecciones t\u00e9cnico-mec\u00e1nicas al d\u00eda para cumplir con las exigencias de cualquier interventor\u00eda.<\/li>\n\n\n\n<li>\u2705 <strong>Operadores expertos:<\/strong> Personal con licencias actualizadas y amplia trayectoria en maniobras de alta complejidad t\u00e9cnica.<\/li>\n\n\n\n<li>\u2705 <strong>Mantenimiento preventivo:<\/strong> Maquinaria en \u00f3ptimo estado que evita retrasos por fallos mec\u00e1nicos o paradas no programadas en obra.<\/li>\n\n\n\n<li>\u2705 <strong>Seguridad industrial:<\/strong> Cumplimiento total de la normatividad para proteger la integridad del personal y la infraestructura del proyecto.<\/li>\n\n\n\n<li>\u2705 <strong>Eficiencia log\u00edstica:<\/strong> Equipos potentes que optimizan el tiempo de carga y descarga, acelerando el cronograma de ejecuci\u00f3n.<\/li>\n<\/ul>\n\n\n\n<h2 class=\"wp-block-heading has-text-align-center\"><span class=\"ez-toc-section\" id=\"Preguntas_Frecuentes_sobre_el_alquiler_de_camion_grua_en_Tenjo\"><\/span>Preguntas Frecuentes sobre el alquiler de cami\u00f3n gr\u00faa en Tenjo<span class=\"ez-toc-section-end\"><\/span><\/h2>\n\n\n\n<div data-wp-context=\"{ &quot;autoclose&quot;: false, &quot;accordionItems&quot;: [] }\" data-wp-interactive=\"core\/accordion\" role=\"group\" class=\"wp-block-accordion has-background is-layout-flow wp-block-accordion-is-layout-flow\" style=\"background-color:#f0f8ff\">\n<div data-wp-class--is-open=\"state.isOpen\" data-wp-context=\"{ &quot;id&quot;: &quot;accordion-item-1&quot;, &quot;openByDefault&quot;: false }\" data-wp-init=\"callbacks.initAccordionItems\" data-wp-on-window--hashchange=\"callbacks.hashChange\" class=\"wp-block-accordion-item is-layout-flow wp-block-accordion-item-is-layout-flow\">\n<h3 class=\"wp-block-accordion-heading\"><button aria-expanded=\"false\" aria-controls=\"accordion-item-1-panel\" data-wp-bind--aria-expanded=\"state.isOpen\" data-wp-on--click=\"actions.toggle\" data-wp-on--keydown=\"actions.handleKeyDown\" id=\"accordion-item-1\" type=\"button\" class=\"wp-block-accordion-heading__toggle\"><span class=\"wp-block-accordion-heading__toggle-title\">1. \u00bfCu\u00e1l es el costo por hora del servicio de gr\u00faa?<\/span><span class=\"wp-block-accordion-heading__toggle-icon\" aria-hidden=\"true\">+<\/span><\/button><\/h3>\n\n\n\n<div inert aria-labelledby=\"accordion-item-1\" data-wp-bind--inert=\"!state.isOpen\" id=\"accordion-item-1-panel\" role=\"region\" class=\"wp-block-accordion-panel is-layout-flow wp-block-accordion-panel-is-layout-flow\">\n<p>El valor se determina seg\u00fan la capacidad del equipo requerido y la complejidad de la maniobra espec\u00edfica a realizar.<\/p>\n<\/div>\n<\/div>\n<\/div>\n\n\n\n<div data-wp-context=\"{ &quot;autoclose&quot;: false, &quot;accordionItems&quot;: [] }\" data-wp-interactive=\"core\/accordion\" role=\"group\" class=\"wp-block-accordion has-background is-layout-flow wp-block-accordion-is-layout-flow\" style=\"background-color:#f0f8ff\">\n<div data-wp-class--is-open=\"state.isOpen\" data-wp-context=\"{ &quot;id&quot;: &quot;accordion-item-2&quot;, &quot;openByDefault&quot;: false }\" data-wp-init=\"callbacks.initAccordionItems\" data-wp-on-window--hashchange=\"callbacks.hashChange\" class=\"wp-block-accordion-item is-layout-flow wp-block-accordion-item-is-layout-flow\">\n<h3 class=\"wp-block-accordion-heading\"><button aria-expanded=\"false\" aria-controls=\"accordion-item-2-panel\" data-wp-bind--aria-expanded=\"state.isOpen\" data-wp-on--click=\"actions.toggle\" data-wp-on--keydown=\"actions.handleKeyDown\" id=\"accordion-item-2\" type=\"button\" class=\"wp-block-accordion-heading__toggle\"><span class=\"wp-block-accordion-heading__toggle-title\">2. \u00bfQu\u00e9 incluye el servicio de alquiler de cami\u00f3n gr\u00faa en Tenjo?<\/span><span class=\"wp-block-accordion-heading__toggle-icon\" aria-hidden=\"true\">+<\/span><\/button><\/h3>\n\n\n\n<div inert aria-labelledby=\"accordion-item-2\" data-wp-bind--inert=\"!state.isOpen\" id=\"accordion-item-2-panel\" role=\"region\" class=\"wp-block-accordion-panel is-layout-flow wp-block-accordion-panel-is-layout-flow\">\n<p>El canon incluye la maquinaria certificada, un operador calificado, combustible y los elementos b\u00e1sicos de izaje necesarios.<\/p>\n<\/div>\n<\/div>\n<\/div>\n\n\n\n<div data-wp-context=\"{ &quot;autoclose&quot;: false, &quot;accordionItems&quot;: [] }\" data-wp-interactive=\"core\/accordion\" role=\"group\" class=\"wp-block-accordion has-background is-layout-flow wp-block-accordion-is-layout-flow\" style=\"background-color:#f0f8ff\">\n<div data-wp-class--is-open=\"state.isOpen\" data-wp-context=\"{ &quot;id&quot;: &quot;accordion-item-3&quot;, &quot;openByDefault&quot;: false }\" data-wp-init=\"callbacks.initAccordionItems\" data-wp-on-window--hashchange=\"callbacks.hashChange\" class=\"wp-block-accordion-item is-layout-flow wp-block-accordion-item-is-layout-flow\">\n<h3 class=\"wp-block-accordion-heading\"><button aria-expanded=\"false\" aria-controls=\"accordion-item-3-panel\" data-wp-bind--aria-expanded=\"state.isOpen\" data-wp-on--click=\"actions.toggle\" data-wp-on--keydown=\"actions.handleKeyDown\" id=\"accordion-item-3\" type=\"button\" class=\"wp-block-accordion-heading__toggle\"><span class=\"wp-block-accordion-heading__toggle-title\">3. \u00bfCuentan con seguros de responsabilidad civil para la carga?<\/span><span class=\"wp-block-accordion-heading__toggle-icon\" aria-hidden=\"true\">+<\/span><\/button><\/h3>\n\n\n\n<div inert aria-labelledby=\"accordion-item-3\" data-wp-bind--inert=\"!state.isOpen\" id=\"accordion-item-3-panel\" role=\"region\" class=\"wp-block-accordion-panel is-layout-flow wp-block-accordion-panel-is-layout-flow\">\n<p>S\u00ed, todos nuestros servicios est\u00e1n respaldados por p\u00f3lizas vigentes que protegen la integridad de sus activos y el entorno.<\/p>\n<\/div>\n<\/div>\n<\/div>\n\n\n\n<div data-wp-context=\"{ &quot;autoclose&quot;: false, &quot;accordionItems&quot;: [] }\" data-wp-interactive=\"core\/accordion\" role=\"group\" class=\"wp-block-accordion has-background is-layout-flow wp-block-accordion-is-layout-flow\" style=\"background-color:#f0f8ff\">\n<div data-wp-class--is-open=\"state.isOpen\" data-wp-context=\"{ &quot;id&quot;: &quot;accordion-item-4&quot;, &quot;openByDefault&quot;: false }\" data-wp-init=\"callbacks.initAccordionItems\" data-wp-on-window--hashchange=\"callbacks.hashChange\" class=\"wp-block-accordion-item is-layout-flow wp-block-accordion-item-is-layout-flow\">\n<h3 class=\"wp-block-accordion-heading\"><button aria-expanded=\"false\" aria-controls=\"accordion-item-4-panel\" data-wp-bind--aria-expanded=\"state.isOpen\" data-wp-on--click=\"actions.toggle\" data-wp-on--keydown=\"actions.handleKeyDown\" id=\"accordion-item-4\" type=\"button\" class=\"wp-block-accordion-heading__toggle\"><span class=\"wp-block-accordion-heading__toggle-title\">4. \u00bfCon cu\u00e1nto tiempo de antelaci\u00f3n debo reservar el equipo?<\/span><span class=\"wp-block-accordion-heading__toggle-icon\" aria-hidden=\"true\">+<\/span><\/button><\/h3>\n\n\n\n<div inert aria-labelledby=\"accordion-item-4\" data-wp-bind--inert=\"!state.isOpen\" id=\"accordion-item-4-panel\" role=\"region\" class=\"wp-block-accordion-panel is-layout-flow wp-block-accordion-panel-is-layout-flow\">\n<p>Se recomienda realizar la solicitud con al menos 24 a 48 horas de anticipaci\u00f3n para garantizar disponibilidad inmediata.<\/p>\n<\/div>\n<\/div>\n<\/div>\n\n\n\n<div data-wp-context=\"{ &quot;autoclose&quot;: false, &quot;accordionItems&quot;: [] }\" data-wp-interactive=\"core\/accordion\" role=\"group\" class=\"wp-block-accordion has-background is-layout-flow wp-block-accordion-is-layout-flow\" style=\"background-color:#f0f8ff\">\n<div data-wp-class--is-open=\"state.isOpen\" data-wp-context=\"{ &quot;id&quot;: &quot;accordion-item-5&quot;, &quot;openByDefault&quot;: false }\" data-wp-init=\"callbacks.initAccordionItems\" data-wp-on-window--hashchange=\"callbacks.hashChange\" class=\"wp-block-accordion-item is-layout-flow wp-block-accordion-item-is-layout-flow\">\n<h3 class=\"wp-block-accordion-heading\"><button aria-expanded=\"false\" aria-controls=\"accordion-item-5-panel\" data-wp-bind--aria-expanded=\"state.isOpen\" data-wp-on--click=\"actions.toggle\" data-wp-on--keydown=\"actions.handleKeyDown\" id=\"accordion-item-5\" type=\"button\" class=\"wp-block-accordion-heading__toggle\"><span class=\"wp-block-accordion-heading__toggle-title\">5. \u00bfRealizan visitas t\u00e9cnicas previas al sitio de la obra?<\/span><span class=\"wp-block-accordion-heading__toggle-icon\" aria-hidden=\"true\">+<\/span><\/button><\/h3>\n\n\n\n<div inert aria-labelledby=\"accordion-item-5\" data-wp-bind--inert=\"!state.isOpen\" id=\"accordion-item-5-panel\" role=\"region\" class=\"wp-block-accordion-panel is-layout-flow wp-block-accordion-panel-is-layout-flow\">\n<p>Contamos con personal experto para evaluar el terreno y las dimensiones de la carga antes de asignar la maquinaria.<\/p>\n<\/div>\n<\/div>\n<\/div>\n\n\n\n<div data-wp-context=\"{ &quot;autoclose&quot;: false, &quot;accordionItems&quot;: [] }\" data-wp-interactive=\"core\/accordion\" role=\"group\" class=\"wp-block-accordion has-background is-layout-flow wp-block-accordion-is-layout-flow\" style=\"background-color:#f0f8ff\">\n<div data-wp-class--is-open=\"state.isOpen\" data-wp-context=\"{ &quot;id&quot;: &quot;accordion-item-6&quot;, &quot;openByDefault&quot;: false }\" data-wp-init=\"callbacks.initAccordionItems\" data-wp-on-window--hashchange=\"callbacks.hashChange\" class=\"wp-block-accordion-item is-layout-flow wp-block-accordion-item-is-layout-flow\">\n<h3 class=\"wp-block-accordion-heading\"><button aria-expanded=\"false\" aria-controls=\"accordion-item-6-panel\" data-wp-bind--aria-expanded=\"state.isOpen\" data-wp-on--click=\"actions.toggle\" data-wp-on--keydown=\"actions.handleKeyDown\" id=\"accordion-item-6\" type=\"button\" class=\"wp-block-accordion-heading__toggle\"><span class=\"wp-block-accordion-heading__toggle-title\">6. \u00bfSus operadores tienen certificados para trabajo en alturas?<\/span><span class=\"wp-block-accordion-heading__toggle-icon\" aria-hidden=\"true\">+<\/span><\/button><\/h3>\n\n\n\n<div inert aria-labelledby=\"accordion-item-6\" data-wp-bind--inert=\"!state.isOpen\" id=\"accordion-item-6-panel\" role=\"region\" class=\"wp-block-accordion-panel is-layout-flow wp-block-accordion-panel-is-layout-flow\">\n<p>Todo nuestro personal t\u00e9cnico cuenta con certificaciones vigentes de competencia laboral y seguridad social al d\u00eda.<\/p>\n<\/div>\n<\/div>\n<\/div>\n\n\n\n<div data-wp-context=\"{ &quot;autoclose&quot;: false, &quot;accordionItems&quot;: [] }\" data-wp-interactive=\"core\/accordion\" role=\"group\" class=\"wp-block-accordion has-background is-layout-flow wp-block-accordion-is-layout-flow\" style=\"background-color:#f0f8ff\">\n<div data-wp-class--is-open=\"state.isOpen\" data-wp-context=\"{ &quot;id&quot;: &quot;accordion-item-7&quot;, &quot;openByDefault&quot;: false }\" data-wp-init=\"callbacks.initAccordionItems\" data-wp-on-window--hashchange=\"callbacks.hashChange\" class=\"wp-block-accordion-item is-layout-flow wp-block-accordion-item-is-layout-flow\">\n<h3 class=\"wp-block-accordion-heading\"><button aria-expanded=\"false\" aria-controls=\"accordion-item-7-panel\" data-wp-bind--aria-expanded=\"state.isOpen\" data-wp-on--click=\"actions.toggle\" data-wp-on--keydown=\"actions.handleKeyDown\" id=\"accordion-item-7\" type=\"button\" class=\"wp-block-accordion-heading__toggle\"><span class=\"wp-block-accordion-heading__toggle-title\">7. \u00bfQu\u00e9 tipo de terrenos son aptos para posicionar la gr\u00faa?<\/span><span class=\"wp-block-accordion-heading__toggle-icon\" aria-hidden=\"true\">+<\/span><\/button><\/h3>\n\n\n\n<div inert aria-labelledby=\"accordion-item-7\" data-wp-bind--inert=\"!state.isOpen\" id=\"accordion-item-7-panel\" role=\"region\" class=\"wp-block-accordion-panel is-layout-flow wp-block-accordion-panel-is-layout-flow\">\n<p>Se requiere una superficie firme, nivelada y libre de obst\u00e1culos a\u00e9reos para garantizar la estabilidad total de los estabilizadores.<\/p>\n<\/div>\n<\/div>\n<\/div>\n\n\n\n<div style=\"height:44px\" aria-hidden=\"true\" class=\"wp-block-spacer\"><\/div>\n\n\n\n<h3 class=\"wp-block-heading has-text-align-center\">\u00a1Contrate Su Equipo Hoy!<\/h3>\n\n\n\n<p class=\"has-text-align-center\">Optimice su obra con el <strong>alquiler de cami\u00f3n gr\u00faa en Tenjo<\/strong> garantizando m\u00e1xima seguridad en cada izaje. Solicite ahora su cotizaci\u00f3n t\u00e9cnica con operadores certificados y maquinaria de \u00faltima generaci\u00f3n.<\/p>\n\n\n\n<div class=\"wp-block-buttons is-content-justification-center is-layout-flex wp-container-core-buttons-is-layout-16018d1d wp-block-buttons-is-layout-flex\">\n<div class=\"wp-block-button\"><a class=\"wp-block-button__link has-vivid-green-cyan-background-color has-background wp-element-button\" href=\"https:\/\/api.whatsapp.com\/send\/?phone=573103093137&amp;text=Hola+&amp;type=phone_number&amp;app_absent=0\" target=\"_blank\" rel=\"noreferrer noopener\"><strong>\u00a1Solicite Ahora!<\/strong><\/a><\/div>\n<\/div>\n\n\n\n<div style=\"height:42px\" aria-hidden=\"true\" class=\"wp-block-spacer\"><\/div>\n\n\n\n<iframe src=\"https:\/\/www.google.com\/maps\/embed?pb=!1m18!1m12!1m3!1d7950.806825886448!2d-74.15081341254428!3d4.871894120532903!2m3!1f0!2f0!3f0!3m2!1i1024!2i768!4f13.1!3m3!1m2!1s0x8e407f5e90ebf197%3A0x8700278ba6062aea!2sTenjo%2C%20Cundinamarca!5e0!3m2!1ses-419!2sco!4v1775347396044!5m2!1ses-419!2sco\" width=\"100%\" height=\"350\" style=\"border:0;\" allowfullscreen=\"\" loading=\"lazy\" referrerpolicy=\"no-referrer-when-downgrade\"><\/iframe>\n\n\n\n<style>\n.directorio-gruas-tenjo {\n    font-family: system-ui, -apple-system, BlinkMacSystemFont, \"Segoe UI\", Roboto, Oxygen, Ubuntu, Cantarell, \"Open Sans\", \"Helvetica Neue\", sans-serif;\n    margin: 2rem 0;\n    box-sizing: border-box;\n}\n.directorio-gruas-tenjo * {\n    box-sizing: inherit;\n}\n.directorio-gruas-tenjo h2 {\n    text-align: center;\n    color: #1a202c;\n    font-size: 2rem;\n    margin-bottom: 2rem;\n    font-weight: 700;\n}\n.directorio-grid {\n    display: grid;\n    grid-template-columns: 1fr;\n    gap: 1.5rem;\n}\n@media (min-width: 768px) {\n    .directorio-grid {\n        grid-template-columns: repeat(2, 1fr);\n    }\n}\n@media (min-width: 1024px) {\n    .directorio-grid {\n        grid-template-columns: repeat(3, 1fr);\n    }\n}\n.tarjeta {\n    background-color: #ffffff;\n    border-radius: 12px;\n    box-shadow: 0 4px 6px -1px rgba(0, 0, 0, 0.1), 0 2px 4px -1px rgba(0, 0, 0, 0.06);\n    overflow: hidden;\n    transition: transform 0.3s ease, box-shadow 0.3s ease;\n    display: flex;\n    flex-direction: column;\n}\n.tarjeta:hover {\n    transform: translateY(-8px);\n    box-shadow: 0 20px 25px -5px rgba(0, 0, 0, 0.1), 0 10px 10px -5px rgba(0, 0, 0, 0.04);\n}\n.directorio-card-img-wrapper {\n    background-color: #f7fafc;\n    height: 180px;\n    display: flex;\n    align-items: center;\n    justify-content: center;\n    padding: 1rem;\n    border-bottom: 1px solid #e2e8f0;\n}\n.directorio-card-img-wrapper img {\n    width: 90px;\n    height: 90px;\n    object-fit: contain;\n}\n.tarjeta-content {\n    padding: 1.5rem;\n    display: flex;\n    flex-direction: column;\n    flex-grow: 1;\n}\n.tarjeta-content h3 {\n    margin-top: 0;\n    color: #2d3748;\n    font-size: 1.2rem;\n    font-weight: 700;\n    margin-bottom: 0.75rem;\n    line-height: 1.3;\n}\n.tarjeta-content p {\n    color: #4a5568;\n    font-size: 0.95rem;\n    line-height: 1.6;\n    margin-bottom: 1.5rem;\n    flex-grow: 1;\n}\n.btn-urgencia {\n    display: block;\n    text-align: center;\n    background-color: #e53e3e;\n    color: #ffffff !important;\n    padding: 0.75rem 1rem;\n    border-radius: 6px;\n    text-decoration: none;\n    font-weight: 700;\n    margin-bottom: 0.75rem;\n    transition: background-color 0.2s ease;\n}\n.btn-urgencia:hover {\n    background-color: #c53030;\n}\n.btn-secundario {\n    display: block;\n    text-align: center;\n    background-color: #edf2f7;\n    color: #2d3748 !important;\n    padding: 0.75rem 1rem;\n    border-radius: 6px;\n    text-decoration: none;\n    font-weight: 600;\n    transition: background-color 0.2s ease;\n}\n.btn-secundario:hover {\n    background-color: #e2e8f0;\n}\n<\/style>\n\n<div class=\"directorio-gruas-tenjo\">\n    <h2><span class=\"ez-toc-section\" id=\"Directorio_de_emergencias_para_alquiler_de_camion_grua_en_Tenjo\"><\/span>Directorio de emergencias para alquiler de cami\u00f3n gr\u00faa en Tenjo<span class=\"ez-toc-section-end\"><\/span><\/h2>\n    \n    <div class=\"directorio-grid\">\n        <article class=\"tarjeta\">\n            <div class=\"directorio-card-img-wrapper\">\n                <img decoding=\"async\" src=\"data:image\/svg+xml,%3Csvg xmlns='http:\/\/www.w3.org\/2000\/svg' viewBox='0 0 24 24' fill='none' stroke='%23e53e3e' stroke-width='2' stroke-linecap='round' stroke-linejoin='round'%3E%3Cpath d='M8.5 14.5A2.5 2.5 0 0011 12c-2.28 0-3-4.5-3-4.5s-2 3.5-2 6.5a4.5 4.5 0 005.5 4.4z'\/%3E%3Cpath d='M15.5 11.5c0-3-2-6.5-2-6.5s-.72 4.5-3 4.5a2.5 2.5 0 002.5 2.5 4.5 4.5 0 002.5-4.4z'\/%3E%3Cpath d='M12 22c5.52 0 10-4.48 10-10S17.52 2 12 2 2 6.48 2 12s4.48 10 10 10z'\/%3E%3C\/svg%3E\" alt=\"Bomberos Icono\" width=\"90\" height=\"90\" loading=\"lazy\">\n            <\/div>\n            <div class=\"tarjeta-content\">\n                <h3>Bomberos Voluntarios de Tenjo<\/h3>\n                <p>Respuesta inmediata ante incendios, rescates y accidentes en operaciones de izaje pesado. Especialistas en gesti\u00f3n de riesgos en zonas industriales y rurales.<\/p>\n                <a href=\"tel:119\" class=\"btn-urgencia\">Llamar al 119<\/a>\n                <a href=\"tel:6018641111\" class=\"btn-secundario\">Tel\u00e9fono: (601) 864 1111<\/a>\n            <\/div>\n        <\/article>\n\n        <article class=\"tarjeta\">\n            <div class=\"directorio-card-img-wrapper\">\n                <img decoding=\"async\" src=\"data:image\/svg+xml,%3Csvg xmlns='http:\/\/www.w3.org\/2000\/svg' viewBox='0 0 24 24' fill='none' stroke='%23dd6b20' stroke-width='2' stroke-linecap='round' stroke-linejoin='round'%3E%3Crect x='3' y='11' width='18' height='8' rx='2'\/%3E%3Ccircle cx='7' cy='19' r='2'\/%3E%3Ccircle cx='17' cy='19' r='2'\/%3E%3Cpath d='M3 11l2-5h14l2 5'\/%3E%3C\/svg%3E\" alt=\"Tr\u00e1nsito Icono\" width=\"90\" height=\"90\" loading=\"lazy\">\n            <\/div>\n            <div class=\"tarjeta-content\">\n                <h3>Secretar\u00eda de Tr\u00e1nsito y Transporte<\/h3>\n                <p>Gesti\u00f3n de movilidad, permisos para circulaci\u00f3n de camiones gr\u00faa y reporte de incidentes viales en los principales corredores del municipio.<\/p>\n                <a href=\"tel:6018646130\" class=\"btn-urgencia\">Llamar al (601) 864 6130<\/a>\n                <a href=\"https:\/\/www.tenjo-cundinamarca.gov.co\" target=\"_blank\" rel=\"noopener noreferrer\" class=\"btn-secundario\">Sitio Web Oficial<\/a>\n            <\/div>\n        <\/article>\n\n        <article class=\"tarjeta\">\n            <div class=\"directorio-card-img-wrapper\">\n                <img decoding=\"async\" src=\"data:image\/svg+xml,%3Csvg xmlns='http:\/\/www.w3.org\/2000\/svg' viewBox='0 0 24 24' fill='none' stroke='%23e53e3e' stroke-width='2' stroke-linecap='round' stroke-linejoin='round'%3E%3Cpath d='M10 3v7H3v4h7v7h4v-7h7v-4h-7V3h-4z'\/%3E%3C\/svg%3E\" alt=\"Hospital Icono\" width=\"90\" height=\"90\" loading=\"lazy\">\n            <\/div>\n            <div class=\"tarjeta-content\">\n                <h3>Hospital Santa Rosa de Tenjo<\/h3>\n                <p>Atenci\u00f3n primaria de urgencias y estabilizaci\u00f3n de pacientes. Vinculado a la red de salud departamental para emergencias laborales de alta complejidad.<\/p>\n                <a href=\"tel:123\" class=\"btn-urgencia\">Llamar Emergencias<\/a>\n                <a href=\"http:\/\/www.esehospitalsantarosa-tenjo-cundinamarca.gov.co\/\" target=\"_blank\" rel=\"noopener noreferrer\" class=\"btn-secundario\">Sitio Web Oficial<\/a>\n            <\/div>\n        <\/article>\n\n        <article class=\"tarjeta\">\n            <div class=\"directorio-card-img-wrapper\">\n                <img decoding=\"async\" src=\"data:image\/svg+xml,%3Csvg xmlns='http:\/\/www.w3.org\/2000\/svg' viewBox='0 0 24 24' fill='none' stroke='%23d69e2e' stroke-width='2' stroke-linecap='round' stroke-linejoin='round'%3E%3Cpath d='M12 22s8-4 8-10V5l-8-3-8 3v7c0 6 8 10 8 10z'\/%3E%3C\/svg%3E\" alt=\"Defensa Civil Icono\" width=\"90\" height=\"90\" loading=\"lazy\">\n            <\/div>\n            <div class=\"tarjeta-content\">\n                <h3>Defensa Civil Tenjo<\/h3>\n                <p>Organismo de socorro para prevenci\u00f3n de desastres y apoyo en labores de rescate durante siniestros con maquinaria o estructuras pesadas.<\/p>\n                <a href=\"tel:144\" class=\"btn-urgencia\">Llamar al 144<\/a>\n                <a href=\"https:\/\/www.defensacivil.gov.co\" target=\"_blank\" rel=\"noopener noreferrer\" class=\"btn-secundario\">Sitio Web Oficial<\/a>\n            <\/div>\n        <\/article>\n\n        <article class=\"tarjeta\">\n            <div class=\"directorio-card-img-wrapper\">\n                <img decoding=\"async\" src=\"data:image\/svg+xml,%3Csvg xmlns='http:\/\/www.w3.org\/2000\/svg' viewBox='0 0 24 24' fill='none' stroke='%233182ce' stroke-width='2' stroke-linecap='round' stroke-linejoin='round'%3E%3Cpath d='M14 2H6a2 2 0 0 0-2 2v16a2 2 0 0 0 2 2h12a2 2 0 0 0 2-2V8z'\/%3E%3Cpolyline points='14 2 14 8 20 8'\/%3E%3Cline x1='16' y1='13' x2='8' y2='13'\/%3E%3Cline x1='16' y1='17' x2='8' y2='17'\/%3E%3Cpolyline points='10 9 9 9 8 9'\/%3E%3C\/svg%3E\" alt=\"Planeaci\u00f3n Icono\" width=\"90\" height=\"90\" loading=\"lazy\">\n            <\/div>\n            <div class=\"tarjeta-content\">\n                <h3>Secretar\u00eda de Planeaci\u00f3n Tenjo<\/h3>\n                <p>Verificaci\u00f3n de licencias de construcci\u00f3n y cumplimiento de normas urban\u00edsticas para el despliegue de gr\u00faas y equipos de elevaci\u00f3n.<\/p>\n                <a href=\"tel:6018646130\" class=\"btn-urgencia\">Llamar al (601) 864 6130<\/a>\n                <a href=\"https:\/\/www.tenjo-cundinamarca.gov.co\" target=\"_blank\" rel=\"noopener noreferrer\" class=\"btn-secundario\">Sitio Web Oficial<\/a>\n            <\/div>\n        <\/article>\n\n        <article class=\"tarjeta\">\n            <div class=\"directorio-card-img-wrapper\">\n                <img decoding=\"async\" src=\"data:image\/svg+xml,%3Csvg xmlns='http:\/\/www.w3.org\/2000\/svg' viewBox='0 0 24 24' fill='none' stroke='%232c5282' stroke-width='2' stroke-linecap='round' stroke-linejoin='round'%3E%3Cpolygon points='12 2 15.09 8.26 22 9.27 17 14.14 18.18 21.02 12 17.77 5.82 21.02 7 14.14 2 9.27 8.91 8.26 12 2'\/%3E%3C\/svg%3E\" alt=\"Polic\u00eda Icono\" width=\"90\" height=\"90\" loading=\"lazy\">\n            <\/div>\n            <div class=\"tarjeta-content\">\n                <h3>Estaci\u00f3n de Polic\u00eda Tenjo<\/h3>\n                <p>Control de orden p\u00fablico y acompa\u00f1amiento en seguridad vial para el traslado y operaci\u00f3n de maquinaria sobredimensionada en el municipio.<\/p>\n                <a href=\"tel:112\" class=\"btn-urgencia\">Llamar al 112<\/a>\n                <a href=\"tel:3203023021\" class=\"btn-secundario\">Celular Cuadrante<\/a>\n            <\/div>\n        <\/article>\n    <\/div>\n<\/div>\n\n<script type=\"application\/ld+json\">\n{\n  \"@context\": \"https:\/\/schema.org\",\n  \"@graph\": [\n    {\n      \"@type\": \"FireStation\",\n      \"name\": \"Bomberos Voluntarios de Tenjo\",\n      \"description\": \"Servicios de emergencia para accidentes con maquinaria pesada en Tenjo.\",\n      \"telephone\": \"119\"\n    },\n    {\n      \"@type\": \"GovernmentOrganization\",\n      \"name\": \"Secretar\u00eda de Tr\u00e1nsito y Transporte Tenjo\",\n      \"description\": \"Movilidad y permisos para camiones gr\u00faa.\",\n      \"url\": \"https:\/\/www.tenjo-cundinamarca.gov.co\",\n      \"telephone\": \"(601) 864 6130\"\n    },\n    {\n      \"@type\": \"Hospital\",\n      \"name\": \"Hospital Santa Rosa de Tenjo\",\n      \"description\": \"Atenci\u00f3n primaria de urgencias m\u00e9dicas en Tenjo.\",\n      \"url\": \"http:\/\/www.esehospitalsantarosa-tenjo-cundinamarca.gov.co\/\",\n      \"telephone\": \"123\"\n    },\n    {\n      \"@type\": \"NGO\",\n      \"name\": \"Defensa Civil Tenjo\",\n      \"description\": \"Apoyo en gesti\u00f3n de riesgos y rescate.\",\n      \"url\": \"https:\/\/www.defensacivil.gov.co\",\n      \"telephone\": \"144\"\n    },\n    {\n      \"@type\": \"GovernmentOrganization\",\n      \"name\": \"Secretar\u00eda de Planeaci\u00f3n Tenjo\",\n      \"description\": \"Normativa urban\u00edstica y licencias.\",\n      \"url\": \"https:\/\/www.tenjo-cundinamarca.gov.co\",\n      \"telephone\": \"(601) 864 6130\"\n    },\n    {\n      \"@type\": \"PoliceStation\",\n      \"name\": \"Estaci\u00f3n de Polic\u00eda Tenjo\",\n      \"description\": \"Seguridad y control vial.\",\n      \"telephone\": \"112\"\n    }\n  ]\n}\n<\/script>\n","protected":false},"excerpt":{"rendered":"<p>Optimice la log\u00edstica de su obra con maquinaria certificada y operadores expertos. Garantizamos izajes seguros con brazo hidr\u00e1ulico y eficiencia t\u00e9cnica inmediata.<\/p>\n","protected":false},"author":1,"featured_media":0,"comment_status":"open","ping_status":"open","sticky":false,"template":"","format":"standard","meta":{"_acf_changed":false,"footnotes":""},"categories":[50],"tags":[78,51,56,101],"class_list":["post-4145","post","type-post","status-publish","format-standard","hentry","category-servicios-izaje-carga","tag-equipos-certificados","tag-gruas-industriales","tag-plan-de-izaje","tag-resolucion-4272-2021"],"acf":[],"_links":{"self":[{"href":"https:\/\/www.geconexion.com.co\/alquiler\/wp-json\/wp\/v2\/posts\/4145","targetHints":{"allow":["GET"]}}],"collection":[{"href":"https:\/\/www.geconexion.com.co\/alquiler\/wp-json\/wp\/v2\/posts"}],"about":[{"href":"https:\/\/www.geconexion.com.co\/alquiler\/wp-json\/wp\/v2\/types\/post"}],"author":[{"embeddable":true,"href":"https:\/\/www.geconexion.com.co\/alquiler\/wp-json\/wp\/v2\/users\/1"}],"replies":[{"embeddable":true,"href":"https:\/\/www.geconexion.com.co\/alquiler\/wp-json\/wp\/v2\/comments?post=4145"}],"version-history":[{"count":10,"href":"https:\/\/www.geconexion.com.co\/alquiler\/wp-json\/wp\/v2\/posts\/4145\/revisions"}],"predecessor-version":[{"id":4163,"href":"https:\/\/www.geconexion.com.co\/alquiler\/wp-json\/wp\/v2\/posts\/4145\/revisions\/4163"}],"wp:attachment":[{"href":"https:\/\/www.geconexion.com.co\/alquiler\/wp-json\/wp\/v2\/media?parent=4145"}],"wp:term":[{"taxonomy":"category","embeddable":true,"href":"https:\/\/www.geconexion.com.co\/alquiler\/wp-json\/wp\/v2\/categories?post=4145"},{"taxonomy":"post_tag","embeddable":true,"href":"https:\/\/www.geconexion.com.co\/alquiler\/wp-json\/wp\/v2\/tags?post=4145"}],"curies":[{"name":"wp","href":"https:\/\/api.w.org\/{rel}","templated":true}]}}