{"id":4130,"date":"2026-04-03T00:46:53","date_gmt":"2026-04-03T00:46:53","guid":{"rendered":"https:\/\/www.geconexion.com.co\/alquiler\/?p=4130"},"modified":"2026-04-22T15:25:54","modified_gmt":"2026-04-22T15:25:54","slug":"alquiler-de-camion-grua-en-subachoque","status":"publish","type":"post","link":"https:\/\/www.geconexion.com.co\/alquiler\/alquiler-de-camion-grua-en-subachoque\/","title":{"rendered":"Alquiler de cami\u00f3n gr\u00faa en Subachoque &#8211; 7 ventajas incre\u00edbles"},"content":{"rendered":"\n<p>Si buscas optimizar tus procesos log\u00edsticos con maquinaria de alta resistencia y operadores certificados, nuestro servicio garantiza eficiencia en cada maniobra. Facilitamos el <strong><a href=\"https:\/\/www.geconexion.com.co\/alquiler-de-camion-grua-bogota.html\" target=\"_blank\" rel=\"noreferrer noopener\">alquiler de cami\u00f3n gr\u00faa en Subachoque<\/a><\/strong> con disponibilidad inmediata para proyectos industriales o civiles, asegurando el cumplimiento de sus cronogramas y la m\u00e1xima seguridad en el izaje de cargas pesadas.<\/p>\n\n\n\n<!--more LEER MAS-->\n\n\n\n<div id=\"ez-toc-container\" class=\"ez-toc-v2_0_82_2 counter-hierarchy ez-toc-counter ez-toc-light-blue ez-toc-container-direction\">\n<div class=\"ez-toc-title-container\">\n<p class=\"ez-toc-title\" style=\"cursor:inherit\">Indice<\/p>\n<span class=\"ez-toc-title-toggle\"><a href=\"#\" class=\"ez-toc-pull-right ez-toc-btn ez-toc-btn-xs ez-toc-btn-default ez-toc-toggle\" aria-label=\"Alternar tabla de contenidos\"><span class=\"ez-toc-js-icon-con\"><span class=\"\"><span class=\"eztoc-hide\" style=\"display:none;\">Toggle<\/span><span class=\"ez-toc-icon-toggle-span\"><svg style=\"fill: #999;color:#999\" xmlns=\"http:\/\/www.w3.org\/2000\/svg\" class=\"list-377408\" width=\"20px\" height=\"20px\" viewBox=\"0 0 24 24\" fill=\"none\"><path d=\"M6 6H4v2h2V6zm14 0H8v2h12V6zM4 11h2v2H4v-2zm16 0H8v2h12v-2zM4 16h2v2H4v-2zm16 0H8v2h12v-2z\" fill=\"currentColor\"><\/path><\/svg><svg style=\"fill: #999;color:#999\" class=\"arrow-unsorted-368013\" xmlns=\"http:\/\/www.w3.org\/2000\/svg\" width=\"10px\" height=\"10px\" viewBox=\"0 0 24 24\" version=\"1.2\" baseProfile=\"tiny\"><path d=\"M18.2 9.3l-6.2-6.3-6.2 6.3c-.2.2-.3.4-.3.7s.1.5.3.7c.2.2.4.3.7.3h11c.3 0 .5-.1.7-.3.2-.2.3-.5.3-.7s-.1-.5-.3-.7zM5.8 14.7l6.2 6.3 6.2-6.3c.2-.2.3-.5.3-.7s-.1-.5-.3-.7c-.2-.2-.4-.3-.7-.3h-11c-.3 0-.5.1-.7.3-.2.2-.3.5-.3.7s.1.5.3.7z\"\/><\/svg><\/span><\/span><\/span><\/a><\/span><\/div>\n<nav><ul class='ez-toc-list ez-toc-list-level-1 ' ><li class='ez-toc-page-1 ez-toc-heading-level-2'><a class=\"ez-toc-link ez-toc-heading-1\" href=\"https:\/\/www.geconexion.com.co\/alquiler\/alquiler-de-camion-grua-en-subachoque\/#7_ventajas_del_alquiler_de_camion_grua_en_Subachoque\" >7 ventajas del alquiler de cami\u00f3n gr\u00faa en Subachoque<\/a><\/li><li class='ez-toc-page-1 ez-toc-heading-level-2'><a class=\"ez-toc-link ez-toc-heading-2\" href=\"https:\/\/www.geconexion.com.co\/alquiler\/alquiler-de-camion-grua-en-subachoque\/#Tipos_de_vehiculos_y_capacidad_de_carga_en_el_alquiler_de_camion_grua_en_Subachoque\" >Tipos de veh\u00edculos y capacidad de carga en el alquiler de cami\u00f3n gr\u00faa en Subachoque<\/a><\/li><li class='ez-toc-page-1 ez-toc-heading-level-2'><a class=\"ez-toc-link ez-toc-heading-3\" href=\"https:\/\/www.geconexion.com.co\/alquiler\/alquiler-de-camion-grua-en-subachoque\/#Guia_para_elegir_el_mejor_alquiler_de_camion_grua_en_Subachoque\" >Gu\u00eda para elegir el mejor alquiler de cami\u00f3n gr\u00faa en Subachoque<\/a><\/li><li class='ez-toc-page-1 ez-toc-heading-level-2'><a class=\"ez-toc-link ez-toc-heading-4\" href=\"https:\/\/www.geconexion.com.co\/alquiler\/alquiler-de-camion-grua-en-subachoque\/#Factores_que_determinan_el_precio_del_alquiler_de_camion_grua_en_Subachoque\" >Factores que determinan el precio del alquiler de cami\u00f3n gr\u00faa en Subachoque<\/a><\/li><li class='ez-toc-page-1 ez-toc-heading-level-2'><a class=\"ez-toc-link ez-toc-heading-5\" href=\"https:\/\/www.geconexion.com.co\/alquiler\/alquiler-de-camion-grua-en-subachoque\/#Modalidades_de_alquiler_de_camion_grua_en_Subachoque_horas_dias_o_meses\" >Modalidades de alquiler de cami\u00f3n gr\u00faa en Subachoque: horas, d\u00edas o meses<\/a><\/li><li class='ez-toc-page-1 ez-toc-heading-level-2'><a class=\"ez-toc-link ez-toc-heading-6\" href=\"https:\/\/www.geconexion.com.co\/alquiler\/alquiler-de-camion-grua-en-subachoque\/#Requisitos_para_el_alquiler_de_camion_grua_en_Subachoque_Personal_y_Terreno\" >Requisitos para el alquiler de cami\u00f3n gr\u00faa en Subachoque: Personal y Terreno<\/a><\/li><li class='ez-toc-page-1 ez-toc-heading-level-2'><a class=\"ez-toc-link ez-toc-heading-7\" href=\"https:\/\/www.geconexion.com.co\/alquiler\/alquiler-de-camion-grua-en-subachoque\/#Normativas_y_resoluciones_legales_para_la_prestacion_del_servicio_en_Subachoque\" >Normativas y resoluciones legales para la prestaci\u00f3n del servicio en Subachoque<\/a><\/li><li class='ez-toc-page-1 ez-toc-heading-level-2'><a class=\"ez-toc-link ez-toc-heading-8\" href=\"https:\/\/www.geconexion.com.co\/alquiler\/alquiler-de-camion-grua-en-subachoque\/#Beneficios_de_contratar_un_alquiler_de_camion_grua_en_Subachoque_certificado\" >Beneficios de contratar un alquiler de cami\u00f3n gr\u00faa en Subachoque certificado<\/a><\/li><li class='ez-toc-page-1 ez-toc-heading-level-2'><a class=\"ez-toc-link ez-toc-heading-9\" href=\"https:\/\/www.geconexion.com.co\/alquiler\/alquiler-de-camion-grua-en-subachoque\/#Preguntas_Frecuentes_sobre_el_alquiler_de_camion_grua_en_Subachoque\" >Preguntas Frecuentes sobre el alquiler de cami\u00f3n gr\u00faa en Subachoque<\/a><\/li><li class='ez-toc-page-1 ez-toc-heading-level-2'><a class=\"ez-toc-link ez-toc-heading-10\" href=\"https:\/\/www.geconexion.com.co\/alquiler\/alquiler-de-camion-grua-en-subachoque\/#Directorio_de_emergencias_para_alquiler_de_camion_grua_en_Subachoque\" >Directorio de emergencias para alquiler de cami\u00f3n gr\u00faa en Subachoque<\/a><\/li><\/ul><\/nav><\/div>\n<h2 class=\"wp-block-heading\"><span class=\"ez-toc-section\" id=\"7_ventajas_del_alquiler_de_camion_grua_en_Subachoque\"><\/span>7 ventajas del alquiler de cami\u00f3n gr\u00faa en Subachoque<span class=\"ez-toc-section-end\"><\/span><\/h2>\n\n\n\n<p>A continuaci\u00f3n, detallamos las siete razones clave por las que optar por un servicio especializado de <strong>servicio de brazo hidr\u00e1ulico<\/strong> con un cami\u00f3n gr\u00faa integrado es la decisi\u00f3n m\u00e1s inteligente para la log\u00edstica de tu proyecto. Estas ventajas operativas no solo representan una mejora t\u00e1ctica, sino que garantizan un resultado superior en t\u00e9rminos de seguridad y rentabilidad.<\/p>\n\n\n\n<h3 class=\"wp-block-heading\">\u2705 1. Versatilidad operativa<\/h3>\n\n\n\n<p>El cami\u00f3n gr\u00faa carga, transporta y descarga sin equipos adicionales. Esta unidad aut\u00f3noma simplifica la log\u00edstica en sitio y mejora la fluidez de los procesos.<\/p>\n\n\n\n<h3 class=\"wp-block-heading\">\u2705 2. Ahorro de costos<\/h3>\n\n\n\n<p>Contratar un equipo integrado es m\u00e1s econ\u00f3mico que alquilar un cami\u00f3n y una gr\u00faa por separado. Reduces gastos de combustible, personal y traslados de maquinaria.<\/p>\n\n\n\n<h3 class=\"wp-block-heading\">\u2705 3. Seguridad certificada<\/h3>\n\n\n\n<p>Las maniobras son ejecutadas por operarios expertos bajo estrictas normas de izaje. Esto minimiza riesgos de accidentes y protege la integridad de tu carga pesada.<\/p>\n\n\n\n<h3 class=\"wp-block-heading\">\u2705 4. Optimizaci\u00f3n de tiempos<\/h3>\n\n\n\n<p>La puesta en marcha es inmediata tras la llegada al punto de trabajo. Evitas retrasos por coordinaci\u00f3n de m\u00faltiples veh\u00edculos, cumpliendo siempre con tus cronogramas.<\/p>\n\n\n\n<h3 class=\"wp-block-heading\">\u2705 5. Acceso a espacios reducidos<\/h3>\n\n\n\n<p>Gracias a su dise\u00f1o compacto y brazo articulado, opera eficientemente en lugares donde gr\u00faas de gran tama\u00f1o no pueden ingresar por limitaciones de espacio.<\/p>\n\n\n\n<h3 class=\"wp-block-heading\">\u2705 6. Capacidad de carga adaptable<\/h3>\n\n\n\n<p>El sistema hidr\u00e1ulico permite manipular diversos materiales, desde estructuras met\u00e1licas hasta maquinaria industrial, ajust\u00e1ndose a las necesidades espec\u00edficas de peso y alcance de cada proyecto.<\/p>\n\n\n\n<h3 class=\"wp-block-heading\">\u2705 7. Soporte t\u00e9cnico especializado<\/h3>\n\n\n\n<p>El alquiler incluye asistencia profesional y equipos con mantenimiento preventivo al d\u00eda. Delegar esta tarea en expertos asegura que la operaci\u00f3n nunca se detenga por fallas mec\u00e1nicas.<\/p>\n\n\n\n<p>Contratar nuestro <strong>alquiler de cami\u00f3n gr\u00faa en Subachoque<\/strong> garantiza resultados profesionales en cada maniobra de izaje. Asegura la eficiencia de tu obra con equipos certificados y personal de alta trayectoria.<\/p>\n\n\n\n<h2 class=\"wp-block-heading\"><span class=\"ez-toc-section\" id=\"Tipos_de_vehiculos_y_capacidad_de_carga_en_el_alquiler_de_camion_grua_en_Subachoque\"><\/span>Tipos de veh\u00edculos y capacidad de carga en el <strong>alquiler de cami\u00f3n gr\u00faa en Subachoque<\/strong><span class=\"ez-toc-section-end\"><\/span><\/h2>\n\n\n\n<p>Contamos con una flota diversa dise\u00f1ada para adaptarse a las exigencias t\u00e9cnicas de cada obra, permitiendo una <strong>log\u00edstica de levantamiento industrial<\/strong> eficiente y segura. La selecci\u00f3n del equipo adecuado depende directamente del peso de la carga y las condiciones del terreno donde se ejecutar\u00e1 la maniobra.<\/p>\n\n\n\n<h3 class=\"wp-block-heading\">Tabla de equipos y capacidades<\/h3>\n\n\n\n<figure class=\"wp-block-table\"><table class=\"has-fixed-layout\"><thead><tr><th>Tipo de Veh\u00edculo<\/th><th>Aplicaci\u00f3n Principal<\/th><th>Capacidad \/ Alcance<\/th><\/tr><\/thead><tbody><tr><td><strong>Gr\u00faa Telesc\u00f3pica<\/strong><\/td><td>Montaje de estructuras y grandes alturas.<\/td><td>30 a 100 Toneladas \/ Hasta 60 metros<\/td><\/tr><tr><td><strong>Gr\u00faa Articulada (PH)<\/strong><\/td><td>Precisi\u00f3n en espacios reducidos y fachadas.<\/td><td>5 a 25 Toneladas \/ Hasta 22 metros<\/td><\/tr><tr><td><strong><a href=\"https:\/\/www.geconexion.com.co\/alquiler-de-telehandler.html\" target=\"_blank\" rel=\"noreferrer noopener\">Telehandler<\/a><\/strong><\/td><td>Movimiento de materiales en terrenos dif\u00edciles.<\/td><td>3 a 5 Toneladas \/ Hasta 17 metros<\/td><\/tr><tr><td><strong>Cama Baja<\/strong><\/td><td>Transporte de maquinaria sobredimensionada.<\/td><td>Hasta 40 Toneladas \/ Carga pesada<\/td><\/tr><tr><td><strong>Cami\u00f3n Gr\u00faa R\u00edgido<\/strong><\/td><td>Carga y transporte convencional en ciudad.<\/td><td>5 a 15 Toneladas \/ Hasta 18 metros<\/td><\/tr><tr><td><strong>Gr\u00faa sobre Orugas<\/strong><\/td><td>Maniobras en suelos blandos o inestables.<\/td><td>50 a 200 Toneladas \/ Alta estabilidad<\/td><\/tr><tr><td><strong>Cami\u00f3n Pluma Elevadora<\/strong><\/td><td>Trabajos en altura y mantenimiento el\u00e9ctrico.<\/td><td>1 a 2 Toneladas \/ Hasta 25 metros<\/td><\/tr><\/tbody><\/table><\/figure>\n\n\n\n<p>Disponemos de equipos certificados y mantenidos bajo estrictos est\u00e1ndares para asegurar que cada operaci\u00f3n se realice sin contratiempos. La correcta elecci\u00f3n de la unidad garantiza que los recursos se utilicen de manera \u00f3ptima en cada fase del proyecto.<\/p>\n\n\n\n<h2 class=\"wp-block-heading\"><span class=\"ez-toc-section\" id=\"Guia_para_elegir_el_mejor_alquiler_de_camion_grua_en_Subachoque\"><\/span>Gu\u00eda para elegir el mejor alquiler de cami\u00f3n gr\u00faa en Subachoque<span class=\"ez-toc-section-end\"><\/span><\/h2>\n\n\n\n<p>Seleccionar el equipo adecuado requiere un an\u00e1lisis t\u00e9cnico previo para evitar sobrecostos y garantizar la seguridad en la zona de trabajo. Nuestra operaci\u00f3n de cami\u00f3n con gr\u00faa se adapta a las particularidades de cada terreno, asegurando que la configuraci\u00f3n de la m\u00e1quina sea la \u00f3ptima para el volumen y peso de sus materiales.<\/p>\n\n\n\n<ol class=\"wp-block-list\">\n<li>\ud83c\udfd7\ufe0f <strong>Peso de la carga<\/strong><br>Determine el tonelaje exacto de los elementos a izar para elegir una gr\u00faa cuya capacidad nominal supere el peso real, garantizando un margen de seguridad.<\/li>\n\n\n\n<li>\ud83d\udccf <strong>Radio de operaci\u00f3n<\/strong><br>Mida la distancia horizontal y vertical desde el centro de la gr\u00faa hasta el punto final de ubicaci\u00f3n, ya que a mayor distancia la capacidad de carga disminuye.<\/li>\n\n\n\n<li>\ud83c\udf33 <strong>Condiciones del terreno<\/strong><br>Eval\u00fae si la superficie es firme o inestable (barro o arena) para decidir entre un equipo sobre ruedas o una unidad con tracci\u00f3n especializada.<\/li>\n\n\n\n<li>\ud83d\udea7 <strong>Obst\u00e1culos en el sitio<\/strong><br>Identifique la presencia de cables de alta tensi\u00f3n, techos bajos o estructuras cercanas que requieran el uso de un brazo articulado para realizar movimientos precisos.<\/li>\n\n\n\n<li>\ud83d\udcdc <strong>Certificaciones vigentes<\/strong><br>Verifique que tanto la maquinaria como el operador cuenten con las certificaciones de izaje al d\u00eda para cumplir con la normativa de seguridad industrial.<\/li>\n<\/ol>\n\n\n\n<p>Seguir estas recomendaciones le permitir\u00e1 optimizar los tiempos de ejecuci\u00f3n y reducir riesgos operativos. Al elegir nuestro <strong><strong>alquiler de cami\u00f3n gr\u00faa en Subachoque<\/strong><\/strong>, recibir\u00e1 asesor\u00eda t\u00e9cnica personalizada para garantizar que el equipo seleccionado cumpla estrictamente con las necesidades de su obra.<\/p>\n\n\n\n<h2 class=\"wp-block-heading\"><span class=\"ez-toc-section\" id=\"Factores_que_determinan_el_precio_del_alquiler_de_camion_grua_en_Subachoque\"><\/span>Factores que determinan el precio del alquiler de cami\u00f3n gr\u00faa en Subachoque<span class=\"ez-toc-section-end\"><\/span><\/h2>\n\n\n\n<p>El costo final de una operaci\u00f3n depende de diversas variables t\u00e9cnicas y log\u00edsticas que aseguran un <strong>suministro de maquinaria de izado<\/strong> eficiente. Evaluar estos puntos permite ajustar el presupuesto a las necesidades reales de la obra, evitando cobros innecesarios por capacidades no utilizadas.<\/p>\n\n\n\n<h3 class=\"wp-block-heading\">\u23f1\ufe0f Duraci\u00f3n de la jornada operativa<\/h3>\n\n\n\n<p>Las tarifas se estructuran seg\u00fan el tiempo de uso efectivo en el sitio. Ofrecemos flexibilidad mediante cobros por horas para maniobras r\u00e1pidas, turnos de 8 horas para jornadas est\u00e1ndar o contratos mensuales para proyectos de gran envergadura, permitiendo una mejor planificaci\u00f3n financiera del proyecto.<\/p>\n\n\n\n<h3 class=\"wp-block-heading\">\ud83d\udccd Movilizaci\u00f3n y log\u00edstica de traslado<\/h3>\n\n\n\n<p>El costo incluye el desplazamiento del equipo desde nuestra base hasta el punto exacto de la obra en Subachoque. Factores como peajes, permisos de tr\u00e1nsito para carga sobredimensionada y la complejidad del acceso al terreno influyen directamente en este \u00edtem log\u00edstico.<\/p>\n\n\n\n<h3 class=\"wp-block-heading\">\ud83d\udc77 Personal t\u00e9cnico y certificaciones<\/h3>\n\n\n\n<p>Cada servicio integra operadores altamente calificados con sus respectivos aportes de ley y certificaciones vigentes. En maniobras cr\u00edticas, el presupuesto puede incluir personal de apoyo como aparejadores o se\u00f1aleros, garantizando que el izaje cumpla con toda la normativa de seguridad industrial.<\/p>\n\n\n\n<h3 class=\"wp-block-heading\">\ud83d\udee0\ufe0f Accesorios y herramientas de izaje<\/h3>\n\n\n\n<p>Dependiendo de la naturaleza de la carga, se puede requerir el uso de eslingas de poli\u00e9ster, estrobos de acero, grilletes o balancines especializados. El suministro de estos accesorios certificados asegura un agarre firme y protege la integridad de los materiales delicados o de alto valor.<\/p>\n\n\n\n<h3 class=\"wp-block-heading\">\ud83d\udcc5 Disponibilidad y horario de servicio<\/h3>\n\n\n\n<p>La programaci\u00f3n de la maniobra influye en el valor final, especialmente si se requieren servicios en horarios nocturnos, dominicales o festivos. Planificar el alquiler con antelaci\u00f3n permite asegurar la disponibilidad del equipo exacto y optimizar los costos operativos por fuera de la jornada ordinaria.<\/p>\n\n\n\n<h2 class=\"wp-block-heading\"><span class=\"ez-toc-section\" id=\"Modalidades_de_alquiler_de_camion_grua_en_Subachoque_horas_dias_o_meses\"><\/span>Modalidades de alquiler de cami\u00f3n gr\u00faa en Subachoque: horas, d\u00edas o meses<span class=\"ez-toc-section-end\"><\/span><\/h2>\n\n\n\n<p>Adaptamos nuestra oferta comercial a la din\u00e1mica de su proyecto, brindando opciones flexibles que permiten optimizar el presupuesto seg\u00fan el cronograma de ejecuci\u00f3n. Contamos con esquemas de contrataci\u00f3n dise\u00f1ados para cubrir desde maniobras puntuales hasta intervenciones de larga duraci\u00f3n en obras civiles o industriales.<\/p>\n\n\n\n<ul class=\"wp-block-list\">\n<li><strong>Servicio por horas<\/strong><br>Ideal para movimientos de carga r\u00e1pidos, descargue de materiales en sitio o instalaciones espec\u00edficas que no requieren m\u00e1s de una jornada sencilla.<br><\/li>\n\n\n\n<li><strong>Turnos diarios<\/strong><br>Esta modalidad permite contar con el equipo y el operador durante una jornada completa de 8 horas, facilitando el avance continuo en frentes de trabajo activos.<br><\/li>\n\n\n\n<li><strong>Contratos mensuales<\/strong><br>Dise\u00f1ados para proyectos de gran envergadura donde se requiere el <strong>movimiento de carga pesada<\/strong> de forma recurrente, ofreciendo tarifas preferenciales por volumen de tiempo.<br><\/li>\n\n\n\n<li><strong>Disponibilidad 24\/7<\/strong><br>Contamos con esquemas especiales para trabajos nocturnos o emergencias que demanden operatividad inmediata fuera del horario administrativo convencional.<\/li>\n<\/ul>\n\n\n\n<p>Esta variedad de opciones asegura que usted pague \u00fanicamente por el tiempo efectivo que la m\u00e1quina permanece operativa en su frente de trabajo. Al elegir nuestro <strong>alquiler de cami\u00f3n gr\u00faa en Subachoque<\/strong>, usted obtiene una soluci\u00f3n log\u00edstica rentable que se ajusta milim\u00e9tricamente a los plazos y necesidades de su empresa.<\/p>\n\n\n\n<h2 class=\"wp-block-heading\"><span class=\"ez-toc-section\" id=\"Requisitos_para_el_alquiler_de_camion_grua_en_Subachoque_Personal_y_Terreno\"><\/span>Requisitos para el alquiler de cami\u00f3n gr\u00faa en Subachoque: Personal y Terreno<span class=\"ez-toc-section-end\"><\/span><\/h2>\n\n\n\n<p>Cumplir con los par\u00e1metros t\u00e9cnicos y log\u00edsticos previos es fundamental para una <strong>operaci\u00f3n de cami\u00f3n con gr\u00faa<\/strong> sin contratiempos. Esta preparaci\u00f3n asegura que la maquinaria trabaje en condiciones \u00f3ptimas de estabilidad y seguridad desde el primer minuto.<\/p>\n\n\n\n<h3 class=\"wp-block-heading\">\u2705 Lista de chequeo operativa<\/h3>\n\n\n\n<figure class=\"wp-block-table\"><table class=\"has-fixed-layout\"><thead><tr><th>Requisito<\/th><th>Descripci\u00f3n T\u00e9cnica<\/th><\/tr><\/thead><tbody><tr><td><strong>Personal de apoyo<\/strong><\/td><td>L\u00edder de maniobra o inspector de seguridad para coordinar el \u00e1rea.<\/td><\/tr><tr><td><strong>\u00c1rea de emplazamiento<\/strong><\/td><td>Terreno firme, nivelado y compactado para los estabilizadores.<\/td><\/tr><tr><td><strong>Despeje de obst\u00e1culos<\/strong><\/td><td>Zona libre de cables de alta tensi\u00f3n, ramas o techos bajos.<\/td><\/tr><tr><td><strong>Permisos de acceso<\/strong><\/td><td>Autorizaciones de ingreso a obra o cierres de v\u00eda gestionados.<\/td><\/tr><tr><td><strong>Ficha de la carga<\/strong><\/td><td>Datos exactos de peso, dimensiones y puntos de anclaje.<\/td><\/tr><\/tbody><\/table><\/figure>\n\n\n\n<h2 class=\"wp-block-heading\"><span class=\"ez-toc-section\" id=\"Normativas_y_resoluciones_legales_para_la_prestacion_del_servicio_en_Subachoque\"><\/span>Normativas y resoluciones legales para la prestaci\u00f3n del servicio en Subachoque<span class=\"ez-toc-section-end\"><\/span><\/h2>\n\n\n\n<p>Nuestra labor se rige por la <strong><a href=\"https:\/\/share.google\/EEaKYtkJQOcyTxCsT\" target=\"_blank\" rel=\"noreferrer noopener\">resoluci\u00f3n 4272 de 2021<\/a><\/strong>, la cual establece los par\u00e1metros de seguridad para trabajo en alturas y gr\u00faas autocargables certificadas. Garantizamos que cada maniobra cumpla con los est\u00e1ndares de salud y seguridad en el trabajo (SGSST), protegiendo la integridad de todo el personal operativo en sitio.<\/p>\n\n\n\n<p>Adicionalmente, seguimos la norma ASME B30.5 para la operaci\u00f3n de maquinaria m\u00f3vil, asegurando que cada <strong>alquiler de cami\u00f3n gr\u00faa en Subachoque<\/strong> sea legal y t\u00e9cnicamente confiable. Estas regulaciones internacionales avalan que nuestros equipos y planes de izaje cumplen con la normatividad vigente para proyectos de infraestructura y construcci\u00f3n.<\/p>\n\n\n\n<h2 class=\"wp-block-heading\"><span class=\"ez-toc-section\" id=\"Beneficios_de_contratar_un_alquiler_de_camion_grua_en_Subachoque_certificado\"><\/span>Beneficios de contratar un alquiler de cami\u00f3n gr\u00faa en Subachoque certificado<span class=\"ez-toc-section-end\"><\/span><\/h2>\n\n\n\n<p>Contratar un equipo con respaldo profesional garantiza que cada etapa de su proyecto se ejecute bajo est\u00e1ndares de calidad superiores. La implementaci\u00f3n de <strong>equipos para transporte y elevaci\u00f3n<\/strong> con certificaci\u00f3n vigente no es solo un requisito legal, sino una ventaja estrat\u00e9gica que asegura la continuidad de sus operaciones sin riesgos t\u00e9cnicos.<\/p>\n\n\n\n<ul class=\"wp-block-list\">\n<li>\ud83d\udfe2 <strong>Respaldo documental:<\/strong> Entrega de certificados de la maquinaria y del operador al d\u00eda, facilitando el ingreso a cualquier obra con exigencias de seguridad industrial.<br><\/li>\n\n\n\n<li>\ud83d\udfe2 <strong>Mantenimiento preventivo:<\/strong> Equipos en estado \u00f3ptimo que minimizan la probabilidad de fallas mec\u00e1nicas, evitando paradas inesperadas en el cronograma de trabajo.<br><\/li>\n\n\n\n<li>\ud83d\udfe2 <strong>Precisi\u00f3n en maniobras:<\/strong> Operadores con amplia trayectoria que ejecutan movimientos milim\u00e9tricos, protegiendo cargas delicadas y estructuras existentes.<br><\/li>\n\n\n\n<li>\ud83d\udfe2 <strong>Cumplimiento normativo:<\/strong> Alineaci\u00f3n total con los est\u00e1ndares de seguridad y salud en el trabajo (SGSST) exigidos por las interventor\u00edas y autoridades locales.<br><\/li>\n\n\n\n<li>\ud83d\udfe2 <strong>Asesor\u00eda t\u00e9cnica:<\/strong> Acompa\u00f1amiento especializado para definir el plan de izaje m\u00e1s eficiente, optimizando el uso de recursos y el tiempo de alquiler.<\/li>\n<\/ul>\n\n\n\n<p>La tranquilidad de contar con un servicio certificado se traduce en una ejecuci\u00f3n impecable y segura de sus maniobras de carga. Al elegir nuestro <strong>alquiler de cami\u00f3n gr\u00faa en Subachoque<\/strong>, usted invierte en la integridad de su personal y en el \u00e9xito operativo de su infraestructura.<\/p>\n\n\n\n<h2 class=\"wp-block-heading has-text-align-center\"><span class=\"ez-toc-section\" id=\"Preguntas_Frecuentes_sobre_el_alquiler_de_camion_grua_en_Subachoque\"><\/span>Preguntas Frecuentes sobre el alquiler de cami\u00f3n gr\u00faa en Subachoque<span class=\"ez-toc-section-end\"><\/span><\/h2>\n\n\n\n<div data-wp-context=\"{ &quot;autoclose&quot;: false, &quot;accordionItems&quot;: [] }\" data-wp-interactive=\"core\/accordion\" role=\"group\" class=\"wp-block-accordion has-background is-layout-flow wp-block-accordion-is-layout-flow\" style=\"background-color:#f0f8ff\">\n<div data-wp-class--is-open=\"state.isOpen\" data-wp-context=\"{ &quot;id&quot;: &quot;accordion-item-1&quot;, &quot;openByDefault&quot;: false }\" data-wp-init=\"callbacks.initAccordionItems\" data-wp-on-window--hashchange=\"callbacks.hashChange\" class=\"wp-block-accordion-item is-layout-flow wp-block-accordion-item-is-layout-flow\">\n<h3 class=\"wp-block-accordion-heading\"><button aria-expanded=\"false\" aria-controls=\"accordion-item-1-panel\" data-wp-bind--aria-expanded=\"state.isOpen\" data-wp-on--click=\"actions.toggle\" data-wp-on--keydown=\"actions.handleKeyDown\" id=\"accordion-item-1\" type=\"button\" class=\"wp-block-accordion-heading__toggle\"><span class=\"wp-block-accordion-heading__toggle-title\">1. \u00bfQu\u00e9 incluye el servicio de alquiler?<\/span><span class=\"wp-block-accordion-heading__toggle-icon\" aria-hidden=\"true\">+<\/span><\/button><\/h3>\n\n\n\n<div inert aria-labelledby=\"accordion-item-1\" data-wp-bind--inert=\"!state.isOpen\" id=\"accordion-item-1-panel\" role=\"region\" class=\"wp-block-accordion-panel is-layout-flow wp-block-accordion-panel-is-layout-flow\">\n<p>El servicio incluye la maquinaria certificada, el combustible para la operaci\u00f3n y un operador profesional con sus respectivos aportes de ley.<\/p>\n<\/div>\n<\/div>\n<\/div>\n\n\n\n<div data-wp-context=\"{ &quot;autoclose&quot;: false, &quot;accordionItems&quot;: [] }\" data-wp-interactive=\"core\/accordion\" role=\"group\" class=\"wp-block-accordion has-background is-layout-flow wp-block-accordion-is-layout-flow\" style=\"background-color:#f0f8ff\">\n<div data-wp-class--is-open=\"state.isOpen\" data-wp-context=\"{ &quot;id&quot;: &quot;accordion-item-2&quot;, &quot;openByDefault&quot;: false }\" data-wp-init=\"callbacks.initAccordionItems\" data-wp-on-window--hashchange=\"callbacks.hashChange\" class=\"wp-block-accordion-item is-layout-flow wp-block-accordion-item-is-layout-flow\">\n<h3 class=\"wp-block-accordion-heading\"><button aria-expanded=\"false\" aria-controls=\"accordion-item-2-panel\" data-wp-bind--aria-expanded=\"state.isOpen\" data-wp-on--click=\"actions.toggle\" data-wp-on--keydown=\"actions.handleKeyDown\" id=\"accordion-item-2\" type=\"button\" class=\"wp-block-accordion-heading__toggle\"><span class=\"wp-block-accordion-heading__toggle-title\">2. \u00bfCu\u00e1l es el costo del alquiler de cami\u00f3n gr\u00faa en Subachoque?<\/span><span class=\"wp-block-accordion-heading__toggle-icon\" aria-hidden=\"true\">+<\/span><\/button><\/h3>\n\n\n\n<div inert aria-labelledby=\"accordion-item-2\" data-wp-bind--inert=\"!state.isOpen\" id=\"accordion-item-2-panel\" role=\"region\" class=\"wp-block-accordion-panel is-layout-flow wp-block-accordion-panel-is-layout-flow\">\n<p>El precio se calcula seg\u00fan la capacidad de la gr\u00faa, el tiempo de uso (horas o d\u00edas) y la complejidad t\u00e9cnica de la maniobra.<\/p>\n<\/div>\n<\/div>\n<\/div>\n\n\n\n<div data-wp-context=\"{ &quot;autoclose&quot;: false, &quot;accordionItems&quot;: [] }\" data-wp-interactive=\"core\/accordion\" role=\"group\" class=\"wp-block-accordion has-background is-layout-flow wp-block-accordion-is-layout-flow\" style=\"background-color:#f0f8ff\">\n<div data-wp-class--is-open=\"state.isOpen\" data-wp-context=\"{ &quot;id&quot;: &quot;accordion-item-3&quot;, &quot;openByDefault&quot;: false }\" data-wp-init=\"callbacks.initAccordionItems\" data-wp-on-window--hashchange=\"callbacks.hashChange\" class=\"wp-block-accordion-item is-layout-flow wp-block-accordion-item-is-layout-flow\">\n<h3 class=\"wp-block-accordion-heading\"><button aria-expanded=\"false\" aria-controls=\"accordion-item-3-panel\" data-wp-bind--aria-expanded=\"state.isOpen\" data-wp-on--click=\"actions.toggle\" data-wp-on--keydown=\"actions.handleKeyDown\" id=\"accordion-item-3\" type=\"button\" class=\"wp-block-accordion-heading__toggle\"><span class=\"wp-block-accordion-heading__toggle-title\">3. \u00bfCuentan con seguros de carga y responsabilidad?<\/span><span class=\"wp-block-accordion-heading__toggle-icon\" aria-hidden=\"true\">+<\/span><\/button><\/h3>\n\n\n\n<div inert aria-labelledby=\"accordion-item-3\" data-wp-bind--inert=\"!state.isOpen\" id=\"accordion-item-3-panel\" role=\"region\" class=\"wp-block-accordion-panel is-layout-flow wp-block-accordion-panel-is-layout-flow\">\n<p>S\u00ed, operamos bajo p\u00f3lizas de responsabilidad civil que protegen tanto la integridad de la carga como las instalaciones donde se realiza el izaje.<\/p>\n<\/div>\n<\/div>\n<\/div>\n\n\n\n<div data-wp-context=\"{ &quot;autoclose&quot;: false, &quot;accordionItems&quot;: [] }\" data-wp-interactive=\"core\/accordion\" role=\"group\" class=\"wp-block-accordion has-background is-layout-flow wp-block-accordion-is-layout-flow\" style=\"background-color:#f0f8ff\">\n<div data-wp-class--is-open=\"state.isOpen\" data-wp-context=\"{ &quot;id&quot;: &quot;accordion-item-4&quot;, &quot;openByDefault&quot;: false }\" data-wp-init=\"callbacks.initAccordionItems\" data-wp-on-window--hashchange=\"callbacks.hashChange\" class=\"wp-block-accordion-item is-layout-flow wp-block-accordion-item-is-layout-flow\">\n<h3 class=\"wp-block-accordion-heading\"><button aria-expanded=\"false\" aria-controls=\"accordion-item-4-panel\" data-wp-bind--aria-expanded=\"state.isOpen\" data-wp-on--click=\"actions.toggle\" data-wp-on--keydown=\"actions.handleKeyDown\" id=\"accordion-item-4\" type=\"button\" class=\"wp-block-accordion-heading__toggle\"><span class=\"wp-block-accordion-heading__toggle-title\">4. \u00bfLos operadores tienen certificaciones vigentes?<\/span><span class=\"wp-block-accordion-heading__toggle-icon\" aria-hidden=\"true\">+<\/span><\/button><\/h3>\n\n\n\n<div inert aria-labelledby=\"accordion-item-4\" data-wp-bind--inert=\"!state.isOpen\" id=\"accordion-item-4-panel\" role=\"region\" class=\"wp-block-accordion-panel is-layout-flow wp-block-accordion-panel-is-layout-flow\">\n<p>Absolutamente, todo nuestro personal cuenta con certificaciones de competencias para operaci\u00f3n de gr\u00faas y cursos de trabajo en alturas actualizados.<\/p>\n<\/div>\n<\/div>\n<\/div>\n\n\n\n<div data-wp-context=\"{ &quot;autoclose&quot;: false, &quot;accordionItems&quot;: [] }\" data-wp-interactive=\"core\/accordion\" role=\"group\" class=\"wp-block-accordion has-background is-layout-flow wp-block-accordion-is-layout-flow\" style=\"background-color:#f0f8ff\">\n<div data-wp-class--is-open=\"state.isOpen\" data-wp-context=\"{ &quot;id&quot;: &quot;accordion-item-5&quot;, &quot;openByDefault&quot;: false }\" data-wp-init=\"callbacks.initAccordionItems\" data-wp-on-window--hashchange=\"callbacks.hashChange\" class=\"wp-block-accordion-item is-layout-flow wp-block-accordion-item-is-layout-flow\">\n<h3 class=\"wp-block-accordion-heading\"><button aria-expanded=\"false\" aria-controls=\"accordion-item-5-panel\" data-wp-bind--aria-expanded=\"state.isOpen\" data-wp-on--click=\"actions.toggle\" data-wp-on--keydown=\"actions.handleKeyDown\" id=\"accordion-item-5\" type=\"button\" class=\"wp-block-accordion-heading__toggle\"><span class=\"wp-block-accordion-heading__toggle-title\">5. \u00bfEs necesario un plan de izaje para el servicio?<\/span><span class=\"wp-block-accordion-heading__toggle-icon\" aria-hidden=\"true\">+<\/span><\/button><\/h3>\n\n\n\n<div inert aria-labelledby=\"accordion-item-5\" data-wp-bind--inert=\"!state.isOpen\" id=\"accordion-item-5-panel\" role=\"region\" class=\"wp-block-accordion-panel is-layout-flow wp-block-accordion-panel-is-layout-flow\">\n<p>Para maniobras cr\u00edticas o de alto tonelaje, realizamos un plan de izaje detallado que garantiza la seguridad y estabilidad de todo el movimiento.<\/p>\n<\/div>\n<\/div>\n<\/div>\n\n\n\n<div data-wp-context=\"{ &quot;autoclose&quot;: false, &quot;accordionItems&quot;: [] }\" data-wp-interactive=\"core\/accordion\" role=\"group\" class=\"wp-block-accordion has-background is-layout-flow wp-block-accordion-is-layout-flow\" style=\"background-color:#f0f8ff\">\n<div data-wp-class--is-open=\"state.isOpen\" data-wp-context=\"{ &quot;id&quot;: &quot;accordion-item-6&quot;, &quot;openByDefault&quot;: false }\" data-wp-init=\"callbacks.initAccordionItems\" data-wp-on-window--hashchange=\"callbacks.hashChange\" class=\"wp-block-accordion-item is-layout-flow wp-block-accordion-item-is-layout-flow\">\n<h3 class=\"wp-block-accordion-heading\"><button aria-expanded=\"false\" aria-controls=\"accordion-item-6-panel\" data-wp-bind--aria-expanded=\"state.isOpen\" data-wp-on--click=\"actions.toggle\" data-wp-on--keydown=\"actions.handleKeyDown\" id=\"accordion-item-6\" type=\"button\" class=\"wp-block-accordion-heading__toggle\"><span class=\"wp-block-accordion-heading__toggle-title\">6. \u00bfCon cu\u00e1nta antelaci\u00f3n debo programar el alquiler?<\/span><span class=\"wp-block-accordion-heading__toggle-icon\" aria-hidden=\"true\">+<\/span><\/button><\/h3>\n\n\n\n<div inert aria-labelledby=\"accordion-item-6\" data-wp-bind--inert=\"!state.isOpen\" id=\"accordion-item-6-panel\" role=\"region\" class=\"wp-block-accordion-panel is-layout-flow wp-block-accordion-panel-is-layout-flow\">\n<p>Recomendamos agendar con al menos 24 a 48 horas de anticipaci\u00f3n para asegurar la disponibilidad del equipo exacto que requiere su proyecto.<\/p>\n<\/div>\n<\/div>\n<\/div>\n\n\n\n<div data-wp-context=\"{ &quot;autoclose&quot;: false, &quot;accordionItems&quot;: [] }\" data-wp-interactive=\"core\/accordion\" role=\"group\" class=\"wp-block-accordion has-background is-layout-flow wp-block-accordion-is-layout-flow\" style=\"background-color:#f0f8ff\">\n<div data-wp-class--is-open=\"state.isOpen\" data-wp-context=\"{ &quot;id&quot;: &quot;accordion-item-7&quot;, &quot;openByDefault&quot;: false }\" data-wp-init=\"callbacks.initAccordionItems\" data-wp-on-window--hashchange=\"callbacks.hashChange\" class=\"wp-block-accordion-item is-layout-flow wp-block-accordion-item-is-layout-flow\">\n<h3 class=\"wp-block-accordion-heading\"><button aria-expanded=\"false\" aria-controls=\"accordion-item-7-panel\" data-wp-bind--aria-expanded=\"state.isOpen\" data-wp-on--click=\"actions.toggle\" data-wp-on--keydown=\"actions.handleKeyDown\" id=\"accordion-item-7\" type=\"button\" class=\"wp-block-accordion-heading__toggle\"><span class=\"wp-block-accordion-heading__toggle-title\">7. \u00bfEl servicio est\u00e1 disponible los fines de semana?<\/span><span class=\"wp-block-accordion-heading__toggle-icon\" aria-hidden=\"true\">+<\/span><\/button><\/h3>\n\n\n\n<div inert aria-labelledby=\"accordion-item-7\" data-wp-bind--inert=\"!state.isOpen\" id=\"accordion-item-7-panel\" role=\"region\" class=\"wp-block-accordion-panel is-layout-flow wp-block-accordion-panel-is-layout-flow\">\n<p>S\u00ed, ofrecemos cobertura 24\/7 incluyendo domingos y festivos, previa programaci\u00f3n, para atender emergencias o cronogramas de obra acelerados.<\/p>\n<\/div>\n<\/div>\n<\/div>\n\n\n\n<div style=\"height:39px\" aria-hidden=\"true\" class=\"wp-block-spacer\"><\/div>\n\n\n\n<h3 class=\"wp-block-heading has-text-align-center\">\u00a1Optimice su log\u00edstica hoy mismo!<\/h3>\n\n\n\n<p class=\"has-text-align-center\">Contrate el mejor <strong>alquiler de cami\u00f3n gr\u00faa en Subachoque<\/strong> con equipos certificados y operadores expertos. Garantizamos maniobras seguras, eficientes y al mejor costo para su proyecto.<\/p>\n\n\n\n<div class=\"wp-block-buttons is-content-justification-center is-layout-flex wp-container-core-buttons-is-layout-16018d1d wp-block-buttons-is-layout-flex\">\n<div class=\"wp-block-button\"><a class=\"wp-block-button__link has-vivid-green-cyan-background-color has-background wp-element-button\" href=\"https:\/\/api.whatsapp.com\/send\/?phone=573103093137&amp;text=Hola+&amp;type=phone_number&amp;app_absent=0\" target=\"_blank\" rel=\"noreferrer noopener\"><strong>\u00a1Solicitar Ahora!<\/strong><\/a><\/div>\n<\/div>\n\n\n\n<div style=\"height:32px\" aria-hidden=\"true\" class=\"wp-block-spacer\"><\/div>\n\n\n\n<iframe src=\"https:\/\/www.google.com\/maps\/embed?pb=!1m18!1m12!1m3!1d7950.127281521446!2d-74.17761476254371!3d4.929012169391929!2m3!1f0!2f0!3f0!3m2!1i1024!2i768!4f13.1!3m3!1m2!1s0x8e407e600ef4fcf5%3A0x3fac3f08e84f5c2e!2sSubachoque%2C%20Cundinamarca!5e0!3m2!1ses-419!2sco!4v1775341588895!5m2!1ses-419!2sco\" width=\"100%\" height=\"350\" style=\"border:0;\" allowfullscreen=\"\" loading=\"lazy\" referrerpolicy=\"no-referrer-when-downgrade\"><\/iframe>\n\n\n\n<style>\n.directorio-gruas-subachoque {\n    font-family: system-ui, -apple-system, BlinkMacSystemFont, \"Segoe UI\", Roboto, Oxygen, Ubuntu, Cantarell, \"Open Sans\", \"Helvetica Neue\", sans-serif;\n    margin: 2rem 0;\n    box-sizing: border-box;\n}\n.directorio-gruas-subachoque * {\n    box-sizing: inherit;\n}\n.directorio-gruas-subachoque h2 {\n    text-align: center;\n    color: #1a202c;\n    font-size: 2rem;\n    margin-bottom: 2rem;\n    font-weight: 700;\n}\n.directorio-grid {\n    display: grid;\n    grid-template-columns: 1fr;\n    gap: 1.5rem;\n}\n@media (min-width: 768px) {\n    .directorio-grid {\n        grid-template-columns: repeat(2, 1fr);\n    }\n}\n@media (min-width: 1024px) {\n    .directorio-grid {\n        grid-template-columns: repeat(3, 1fr);\n    }\n}\n.tarjeta {\n    background-color: #ffffff;\n    border-radius: 12px;\n    box-shadow: 0 4px 6px -1px rgba(0, 0, 0, 0.1), 0 2px 4px -1px rgba(0, 0, 0, 0.06);\n    overflow: hidden;\n    transition: transform 0.3s ease, box-shadow 0.3s ease;\n    display: flex;\n    flex-direction: column;\n}\n.tarjeta:hover {\n    transform: translateY(-8px);\n    box-shadow: 0 20px 25px -5px rgba(0, 0, 0, 0.1), 0 10px 10px -5px rgba(0, 0, 0, 0.04);\n}\n.directorio-card-img-wrapper {\n    background-color: #f7fafc;\n    height: 180px;\n    display: flex;\n    align-items: center;\n    justify-content: center;\n    padding: 1rem;\n    border-bottom: 1px solid #e2e8f0;\n}\n.directorio-card-img-wrapper img {\n    width: 90px;\n    height: 90px;\n    object-fit: contain;\n}\n.tarjeta-content {\n    padding: 1.5rem;\n    display: flex;\n    flex-direction: column;\n    flex-grow: 1;\n}\n.tarjeta-content h3 {\n    margin-top: 0;\n    color: #2d3748;\n    font-size: 1.2rem;\n    font-weight: 700;\n    margin-bottom: 0.75rem;\n    line-height: 1.3;\n}\n.tarjeta-content p {\n    color: #4a5568;\n    font-size: 0.95rem;\n    line-height: 1.6;\n    margin-bottom: 1.5rem;\n    flex-grow: 1;\n}\n.btn-urgencia {\n    display: block;\n    text-align: center;\n    background-color: #e53e3e;\n    color: #ffffff !important;\n    padding: 0.75rem 1rem;\n    border-radius: 6px;\n    text-decoration: none;\n    font-weight: 700;\n    margin-bottom: 0.75rem;\n    transition: background-color 0.2s ease;\n}\n.btn-urgencia:hover {\n    background-color: #c53030;\n}\n.btn-secundario {\n    display: block;\n    text-align: center;\n    background-color: #edf2f7;\n    color: #2d3748 !important;\n    padding: 0.75rem 1rem;\n    border-radius: 6px;\n    text-decoration: none;\n    font-weight: 600;\n    transition: background-color 0.2s ease;\n}\n.btn-secundario:hover {\n    background-color: #e2e8f0;\n}\n<\/style>\n\n<div class=\"directorio-gruas-subachoque\">\n    <h2><span class=\"ez-toc-section\" id=\"Directorio_de_emergencias_para_alquiler_de_camion_grua_en_Subachoque\"><\/span>Directorio de emergencias para alquiler de cami\u00f3n gr\u00faa en Subachoque<span class=\"ez-toc-section-end\"><\/span><\/h2>\n    \n    <div class=\"directorio-grid\">\n        <article class=\"tarjeta\">\n            <div class=\"directorio-card-img-wrapper\">\n                <img decoding=\"async\" src=\"data:image\/svg+xml,%3Csvg xmlns='http:\/\/www.w3.org\/2000\/svg' viewBox='0 0 24 24' fill='none' stroke='%23e53e3e' stroke-width='2' stroke-linecap='round' stroke-linejoin='round'%3E%3Cpath d='M8.5 14.5A2.5 2.5 0 0011 12c-2.28 0-3-4.5-3-4.5s-2 3.5-2 6.5a4.5 4.5 0 005.5 4.4z'\/%3E%3Cpath d='M15.5 11.5c0-3-2-6.5-2-6.5s-.72 4.5-3 4.5a2.5 2.5 0 002.5 2.5 4.5 4.5 0 002.5-4.4z'\/%3E%3Cpath d='M12 22c5.52 0 10-4.48 10-10S17.52 2 12 2 2 6.48 2 12s4.48 10 10 10z'\/%3E%3C\/svg%3E\" alt=\"Bomberos Icono\" width=\"90\" height=\"90\" loading=\"lazy\">\n            <\/div>\n            <div class=\"tarjeta-content\">\n                <h3>Bomberos Voluntarios de Subachoque<\/h3>\n                <p>Atenci\u00f3n inmediata de emergencias por incidentes, rescate vehicular, derrame de fluidos o accidentes durante maniobras de izaje con camiones gr\u00faa en el casco urbano y v\u00edas rurales.<\/p>\n                <a href=\"tel:119\" class=\"btn-urgencia\">Llamar al 119<\/a>\n                <a href=\"tel:6018246000\" class=\"btn-secundario\">Tel\u00e9fono: (601) 824 6000<\/a>\n            <\/div>\n        <\/article>\n\n        <article class=\"tarjeta\">\n            <div class=\"directorio-card-img-wrapper\">\n                <img decoding=\"async\" src=\"data:image\/svg+xml,%3Csvg xmlns='http:\/\/www.w3.org\/2000\/svg' viewBox='0 0 24 24' fill='none' stroke='%23dd6b20' stroke-width='2' stroke-linecap='round' stroke-linejoin='round'%3E%3Crect x='3' y='11' width='18' height='8' rx='2'\/%3E%3Ccircle cx='7' cy='19' r='2'\/%3E%3Ccircle cx='17' cy='19' r='2'\/%3E%3Cpath d='M3 11l2-5h14l2 5'\/%3E%3C\/svg%3E\" alt=\"Tr\u00e1nsito Icono\" width=\"90\" height=\"90\" loading=\"lazy\">\n            <\/div>\n            <div class=\"tarjeta-content\">\n                <h3>Secretar\u00eda de Tr\u00e1nsito y Gobierno<\/h3>\n                <p>Autorizaci\u00f3n de cierres viales, control de tr\u00e1fico y reportes de accidentes o bloqueos que involucren maquinaria pesada en las v\u00edas principales y veredales del municipio.<\/p>\n                <a href=\"tel:6018246036\" class=\"btn-urgencia\">Llamar al (601) 824 6036<\/a>\n                <a href=\"https:\/\/www.subachoque-cundinamarca.gov.co\" target=\"_blank\" rel=\"noopener noreferrer\" class=\"btn-secundario\">Sitio Web Oficial<\/a>\n            <\/div>\n        <\/article>\n\n        <article class=\"tarjeta\">\n            <div class=\"directorio-card-img-wrapper\">\n                <img decoding=\"async\" src=\"data:image\/svg+xml,%3Csvg xmlns='http:\/\/www.w3.org\/2000\/svg' viewBox='0 0 24 24' fill='none' stroke='%23e53e3e' stroke-width='2' stroke-linecap='round' stroke-linejoin='round'%3E%3Cpath d='M10 3v7H3v4h7v7h4v-7h7v-4h-7V3h-4z'\/%3E%3C\/svg%3E\" alt=\"Hospital Icono\" width=\"90\" height=\"90\" loading=\"lazy\">\n            <\/div>\n            <div class=\"tarjeta-content\">\n                <h3>Centro de Salud de Subachoque<\/h3>\n                <p>Atenci\u00f3n m\u00e9dica de urgencias en caso de accidentes laborales, lesiones u otro tipo de eventualidades de salud durante la operaci\u00f3n de maquinaria en la zona.<\/p>\n                <a href=\"tel:123\" class=\"btn-urgencia\">Llamar Emergencias<\/a>\n                <a href=\"https:\/\/www.hospitalfacatativa.gov.co\/portafolio-de-servicios\/sede-centro-de-salud-subachoque\" target=\"_blank\" rel=\"noopener noreferrer\" class=\"btn-secundario\">Sitio Web Oficial<\/a>\n            <\/div>\n        <\/article>\n\n        <article class=\"tarjeta\">\n            <div class=\"directorio-card-img-wrapper\">\n                <img decoding=\"async\" src=\"data:image\/svg+xml,%3Csvg xmlns='http:\/\/www.w3.org\/2000\/svg' viewBox='0 0 24 24' fill='none' stroke='%23d69e2e' stroke-width='2' stroke-linecap='round' stroke-linejoin='round'%3E%3Cpath d='M12 22s8-4 8-10V5l-8-3-8 3v7c0 6 8 10 8 10z'\/%3E%3C\/svg%3E\" alt=\"Defensa Civil Icono\" width=\"90\" height=\"90\" loading=\"lazy\">\n            <\/div>\n            <div class=\"tarjeta-content\">\n                <h3>Defensa Civil Subachoque<\/h3>\n                <p>Apoyo t\u00e1ctico en labores de rescate, atenci\u00f3n prehospitalaria y manejo de emergencias a gran escala en zonas rurales, fincas y \u00e1reas de construcci\u00f3n.<\/p>\n                <a href=\"tel:144\" class=\"btn-urgencia\">Llamar al 144<\/a>\n                <a href=\"https:\/\/www.defensacivil.gov.co\" target=\"_blank\" rel=\"noopener noreferrer\" class=\"btn-secundario\">Sitio Web Oficial<\/a>\n            <\/div>\n        <\/article>\n\n        <article class=\"tarjeta\">\n            <div class=\"directorio-card-img-wrapper\">\n                <img decoding=\"async\" src=\"data:image\/svg+xml,%3Csvg xmlns='http:\/\/www.w3.org\/2000\/svg' viewBox='0 0 24 24' fill='none' stroke='%233182ce' stroke-width='2' stroke-linecap='round' stroke-linejoin='round'%3E%3Cpath d='M14 2H6a2 2 0 0 0-2 2v16a2 2 0 0 0 2 2h12a2 2 0 0 0 2-2V8z'\/%3E%3Cpolyline points='14 2 14 8 20 8'\/%3E%3Cline x1='16' y1='13' x2='8' y2='13'\/%3E%3Cline x1='16' y1='17' x2='8' y2='17'\/%3E%3Cpolyline points='10 9 9 9 8 9'\/%3E%3C\/svg%3E\" alt=\"Planeaci\u00f3n Icono\" width=\"90\" height=\"90\" loading=\"lazy\">\n            <\/div>\n            <div class=\"tarjeta-content\">\n                <h3>Secretar\u00eda de Planeaci\u00f3n Municipal<\/h3>\n                <p>Entidad encargada de la verificaci\u00f3n de permisos de obra, intervenciones en espacio p\u00fablico y regulaciones para el uso de maquinaria pesada en proyectos.<\/p>\n                <a href=\"tel:6018246036\" class=\"btn-urgencia\">Llamar al (601) 824 6036<\/a>\n                <a href=\"https:\/\/www.subachoque-cundinamarca.gov.co\" target=\"_blank\" rel=\"noopener noreferrer\" class=\"btn-secundario\">Sitio Web Oficial<\/a>\n            <\/div>\n        <\/article>\n\n        <article class=\"tarjeta\">\n            <div class=\"directorio-card-img-wrapper\">\n                <img decoding=\"async\" src=\"data:image\/svg+xml,%3Csvg xmlns='http:\/\/www.w3.org\/2000\/svg' viewBox='0 0 24 24' fill='none' stroke='%232c5282' stroke-width='2' stroke-linecap='round' stroke-linejoin='round'%3E%3Cpolygon points='12 2 15.09 8.26 22 9.27 17 14.14 18.18 21.02 12 17.77 5.82 21.02 7 14.14 2 9.27 8.91 8.26 12 2'\/%3E%3C\/svg%3E\" alt=\"Polic\u00eda Icono\" width=\"90\" height=\"90\" loading=\"lazy\">\n            <\/div>\n            <div class=\"tarjeta-content\">\n                <h3>Estaci\u00f3n de Polic\u00eda Subachoque<\/h3>\n                <p>Acompa\u00f1amiento en seguridad perimetral, atenci\u00f3n de siniestros y control de orden p\u00fablico durante maniobras complejas en v\u00eda p\u00fablica y zonas de dif\u00edcil acceso.<\/p>\n                <a href=\"tel:112\" class=\"btn-urgencia\">Llamar al 112<\/a>\n                <a href=\"https:\/\/www.policia.gov.co\" target=\"_blank\" rel=\"noopener noreferrer\" class=\"btn-secundario\">Sitio Web Oficial<\/a>\n            <\/div>\n        <\/article>\n    <\/div>\n<\/div>\n\n<script type=\"application\/ld+json\">\n{\n  \"@context\": \"https:\/\/schema.org\",\n  \"@graph\": [\n    {\n      \"@type\": \"FireStation\",\n      \"name\": \"Bomberos Voluntarios de Subachoque\",\n      \"description\": \"Atenci\u00f3n de emergencias y rescate para maquinaria pesada en Subachoque, Cundinamarca.\",\n      \"telephone\": \"119\"\n    },\n    {\n      \"@type\": \"GovernmentOrganization\",\n      \"name\": \"Secretar\u00eda de Tr\u00e1nsito y Gobierno Subachoque\",\n      \"description\": \"Control de tr\u00e1fico y permisos viales para camiones gr\u00faa.\",\n      \"url\": \"https:\/\/www.subachoque-cundinamarca.gov.co\",\n      \"telephone\": \"(601) 824 6036\"\n    },\n    {\n      \"@type\": \"Hospital\",\n      \"name\": \"Centro de Salud de Subachoque\",\n      \"description\": \"Atenci\u00f3n m\u00e9dica de urgencias en Subachoque.\",\n      \"url\": \"https:\/\/www.hospitalfacatativa.gov.co\/portafolio-de-servicios\/sede-centro-de-salud-subachoque\",\n      \"telephone\": \"123\"\n    },\n    {\n      \"@type\": \"NGO\",\n      \"name\": \"Defensa Civil Subachoque\",\n      \"description\": \"Apoyo en rescate y manejo de emergencias a gran escala.\",\n      \"url\": \"https:\/\/www.defensacivil.gov.co\",\n      \"telephone\": \"144\"\n    },\n    {\n      \"@type\": \"GovernmentOrganization\",\n      \"name\": \"Secretar\u00eda de Planeaci\u00f3n Municipal Subachoque\",\n      \"description\": \"Verificaci\u00f3n de permisos de obra y regulaciones espaciales.\",\n      \"url\": \"https:\/\/www.subachoque-cundinamarca.gov.co\",\n      \"telephone\": \"(601) 824 6036\"\n    },\n    {\n      \"@type\": \"PoliceStation\",\n      \"name\": \"Estaci\u00f3n de Polic\u00eda Subachoque\",\n      \"description\": \"Seguridad y control de orden p\u00fablico en maniobras de izaje.\",\n      \"url\": \"https:\/\/www.policia.gov.co\",\n      \"telephone\": \"112\"\n    }\n  ]\n}\n<\/script>\n","protected":false},"excerpt":{"rendered":"<p>Alquiler de cami\u00f3n gr\u00faa certificado con operadores expertos. Garantizamos seguridad y eficiencia en maniobras de izaje para proyectos industriales. \u00a1Cont\u00e1ctanos!<\/p>\n","protected":false},"author":1,"featured_media":0,"comment_status":"open","ping_status":"open","sticky":false,"template":"","format":"standard","meta":{"_acf_changed":false,"footnotes":""},"categories":[50],"tags":[78,51,56,101],"class_list":["post-4130","post","type-post","status-publish","format-standard","hentry","category-servicios-izaje-carga","tag-equipos-certificados","tag-gruas-industriales","tag-plan-de-izaje","tag-resolucion-4272-2021"],"acf":[],"_links":{"self":[{"href":"https:\/\/www.geconexion.com.co\/alquiler\/wp-json\/wp\/v2\/posts\/4130","targetHints":{"allow":["GET"]}}],"collection":[{"href":"https:\/\/www.geconexion.com.co\/alquiler\/wp-json\/wp\/v2\/posts"}],"about":[{"href":"https:\/\/www.geconexion.com.co\/alquiler\/wp-json\/wp\/v2\/types\/post"}],"author":[{"embeddable":true,"href":"https:\/\/www.geconexion.com.co\/alquiler\/wp-json\/wp\/v2\/users\/1"}],"replies":[{"embeddable":true,"href":"https:\/\/www.geconexion.com.co\/alquiler\/wp-json\/wp\/v2\/comments?post=4130"}],"version-history":[{"count":9,"href":"https:\/\/www.geconexion.com.co\/alquiler\/wp-json\/wp\/v2\/posts\/4130\/revisions"}],"predecessor-version":[{"id":4164,"href":"https:\/\/www.geconexion.com.co\/alquiler\/wp-json\/wp\/v2\/posts\/4130\/revisions\/4164"}],"wp:attachment":[{"href":"https:\/\/www.geconexion.com.co\/alquiler\/wp-json\/wp\/v2\/media?parent=4130"}],"wp:term":[{"taxonomy":"category","embeddable":true,"href":"https:\/\/www.geconexion.com.co\/alquiler\/wp-json\/wp\/v2\/categories?post=4130"},{"taxonomy":"post_tag","embeddable":true,"href":"https:\/\/www.geconexion.com.co\/alquiler\/wp-json\/wp\/v2\/tags?post=4130"}],"curies":[{"name":"wp","href":"https:\/\/api.w.org\/{rel}","templated":true}]}}