{"id":4120,"date":"2026-04-03T21:46:33","date_gmt":"2026-04-03T21:46:33","guid":{"rendered":"https:\/\/www.geconexion.com.co\/alquiler\/?p=4120"},"modified":"2026-04-22T15:25:53","modified_gmt":"2026-04-22T15:25:53","slug":"alquiler-de-camion-grua-en-madrid","status":"publish","type":"post","link":"https:\/\/www.geconexion.com.co\/alquiler\/alquiler-de-camion-grua-en-madrid\/","title":{"rendered":"Alquiler de Cami\u00f3n Gr\u00faa en Madrid &#8211; 5 claves para un servicio r\u00e1pido y eficiente"},"content":{"rendered":"\n<p>Potencie la eficiencia de sus proyectos de construcci\u00f3n o log\u00edstica mediante maquinaria de alta precisi\u00f3n y operadores certificados. Asegure la m\u00e1xima rentabilidad en sus maniobras contratando el servicio m\u00e1s profesional de <strong><a href=\"https:\/\/www.geconexion.com.co\/alquiler-de-camion-grua-bogota.html\" target=\"_blank\" rel=\"noreferrer noopener\">alquiler de cami\u00f3n gr\u00faa en Madrid<\/a><\/strong>, garantizando una ejecuci\u00f3n impecable y la tarifa m\u00e1s competitiva del mercado para su contrataci\u00f3n inmediata.<\/p>\n\n\n\n<!--more LEER MAS-->\n\n\n\n<div id=\"ez-toc-container\" class=\"ez-toc-v2_0_82_2 counter-hierarchy ez-toc-counter ez-toc-light-blue ez-toc-container-direction\">\n<div class=\"ez-toc-title-container\">\n<p class=\"ez-toc-title\" style=\"cursor:inherit\">Indice<\/p>\n<span class=\"ez-toc-title-toggle\"><a href=\"#\" class=\"ez-toc-pull-right ez-toc-btn ez-toc-btn-xs ez-toc-btn-default ez-toc-toggle\" aria-label=\"Alternar tabla de contenidos\"><span class=\"ez-toc-js-icon-con\"><span class=\"\"><span class=\"eztoc-hide\" style=\"display:none;\">Toggle<\/span><span class=\"ez-toc-icon-toggle-span\"><svg style=\"fill: #999;color:#999\" xmlns=\"http:\/\/www.w3.org\/2000\/svg\" class=\"list-377408\" width=\"20px\" height=\"20px\" viewBox=\"0 0 24 24\" fill=\"none\"><path d=\"M6 6H4v2h2V6zm14 0H8v2h12V6zM4 11h2v2H4v-2zm16 0H8v2h12v-2zM4 16h2v2H4v-2zm16 0H8v2h12v-2z\" fill=\"currentColor\"><\/path><\/svg><svg style=\"fill: #999;color:#999\" class=\"arrow-unsorted-368013\" xmlns=\"http:\/\/www.w3.org\/2000\/svg\" width=\"10px\" height=\"10px\" viewBox=\"0 0 24 24\" version=\"1.2\" baseProfile=\"tiny\"><path d=\"M18.2 9.3l-6.2-6.3-6.2 6.3c-.2.2-.3.4-.3.7s.1.5.3.7c.2.2.4.3.7.3h11c.3 0 .5-.1.7-.3.2-.2.3-.5.3-.7s-.1-.5-.3-.7zM5.8 14.7l6.2 6.3 6.2-6.3c.2-.2.3-.5.3-.7s-.1-.5-.3-.7c-.2-.2-.4-.3-.7-.3h-11c-.3 0-.5.1-.7.3-.2.2-.3.5-.3.7s.1.5.3.7z\"\/><\/svg><\/span><\/span><\/span><\/a><\/span><\/div>\n<nav><ul class='ez-toc-list ez-toc-list-level-1 ' ><li class='ez-toc-page-1 ez-toc-heading-level-2'><a class=\"ez-toc-link ez-toc-heading-1\" href=\"https:\/\/www.geconexion.com.co\/alquiler\/alquiler-de-camion-grua-en-madrid\/#5_claves_para_un_servicio_garantizado_de_alquiler_de_camion_grua_en_Madrid\" >5 claves para un servicio garantizado de alquiler de cami\u00f3n gr\u00faa en Madrid<\/a><\/li><li class='ez-toc-page-1 ez-toc-heading-level-2'><a class=\"ez-toc-link ez-toc-heading-2\" href=\"https:\/\/www.geconexion.com.co\/alquiler\/alquiler-de-camion-grua-en-madrid\/#Tipos_de_vehiculos_y_capacidad_de_carga_en_el_alquiler_de_camion_grua_en_Madrid\" >Tipos de veh\u00edculos y capacidad de carga en el alquiler de cami\u00f3n gr\u00faa en Madrid<\/a><\/li><li class='ez-toc-page-1 ez-toc-heading-level-2'><a class=\"ez-toc-link ez-toc-heading-3\" href=\"https:\/\/www.geconexion.com.co\/alquiler\/alquiler-de-camion-grua-en-madrid\/#Guia_para_elegir_el_mejor_alquiler_de_camion_grua_en_Madrid\" >Gu\u00eda para elegir el mejor alquiler de cami\u00f3n gr\u00faa en Madrid<\/a><\/li><li class='ez-toc-page-1 ez-toc-heading-level-2'><a class=\"ez-toc-link ez-toc-heading-4\" href=\"https:\/\/www.geconexion.com.co\/alquiler\/alquiler-de-camion-grua-en-madrid\/#Factores_que_determinan_el_precio_del_alquiler_de_camion_grua_en_Madrid\" >Factores que determinan el precio del alquiler de cami\u00f3n gr\u00faa en Madrid<\/a><\/li><li class='ez-toc-page-1 ez-toc-heading-level-2'><a class=\"ez-toc-link ez-toc-heading-5\" href=\"https:\/\/www.geconexion.com.co\/alquiler\/alquiler-de-camion-grua-en-madrid\/#Modalidades_de_alquiler_de_camion_grua_en_Madrid_horas_dias_o_meses\" >Modalidades de alquiler de cami\u00f3n gr\u00faa en Madrid: horas, d\u00edas o meses<\/a><\/li><li class='ez-toc-page-1 ez-toc-heading-level-2'><a class=\"ez-toc-link ez-toc-heading-6\" href=\"https:\/\/www.geconexion.com.co\/alquiler\/alquiler-de-camion-grua-en-madrid\/#Requisitos_para_el_alquiler_de_camion_grua_en_Madrid_Personal_y_Terreno\" >Requisitos para el alquiler de cami\u00f3n gr\u00faa en Madrid: Personal y Terreno<\/a><\/li><li class='ez-toc-page-1 ez-toc-heading-level-2'><a class=\"ez-toc-link ez-toc-heading-7\" href=\"https:\/\/www.geconexion.com.co\/alquiler\/alquiler-de-camion-grua-en-madrid\/#Normativas_y_resoluciones_legales_para_la_prestacion_del_servicio\" >Normativas y resoluciones legales para la prestaci\u00f3n del servicio<\/a><\/li><li class='ez-toc-page-1 ez-toc-heading-level-2'><a class=\"ez-toc-link ez-toc-heading-8\" href=\"https:\/\/www.geconexion.com.co\/alquiler\/alquiler-de-camion-grua-en-madrid\/#Beneficios_de_contratar_un_alquiler_de_camion_grua_en_Madrid_certificado\" >Beneficios de contratar un alquiler de cami\u00f3n gr\u00faa en Madrid certificado<\/a><\/li><li class='ez-toc-page-1 ez-toc-heading-level-2'><a class=\"ez-toc-link ez-toc-heading-9\" href=\"https:\/\/www.geconexion.com.co\/alquiler\/alquiler-de-camion-grua-en-madrid\/#Preguntas_Frecuentes_sobre_el_alquiler_de_camion_grua_en_Madrid\" >Preguntas Frecuentes sobre el alquiler de cami\u00f3n gr\u00faa en Madrid<\/a><\/li><li class='ez-toc-page-1 ez-toc-heading-level-2'><a class=\"ez-toc-link ez-toc-heading-10\" href=\"https:\/\/www.geconexion.com.co\/alquiler\/alquiler-de-camion-grua-en-madrid\/#Directorio_de_emergencias_para_alquiler_de_camion_grua_en_Madrid\" >Directorio de emergencias para alquiler de cami\u00f3n gr\u00faa en Madrid<\/a><\/li><\/ul><\/nav><\/div>\n<h2 class=\"wp-block-heading\"><span class=\"ez-toc-section\" id=\"5_claves_para_un_servicio_garantizado_de_alquiler_de_camion_grua_en_Madrid\"><\/span>5 claves para un servicio garantizado de alquiler de cami\u00f3n gr\u00faa en Madrid<span class=\"ez-toc-section-end\"><\/span><\/h2>\n\n\n\n<p>Para asegurar el \u00e9xito en sus maniobras, es vital seleccionar proveedores que integren seguridad y precisi\u00f3n t\u00e9cnica. En el mercado de alquiler de cami\u00f3n gr\u00faa, la eficiencia operativa depende de seguir estos cinco pilares fundamentales para una contrataci\u00f3n segura.<\/p>\n\n\n\n<h3 class=\"wp-block-heading\">1. Planificaci\u00f3n del izaje de cargas<\/h3>\n\n\n\n<p>Realice un estudio previo del peso y dimensiones de la mercanc\u00eda. Una correcta gesti\u00f3n del <strong>izaje de cargas<\/strong> evita sobrecostos y garantiza que el equipo seleccionado sea el adecuado para el entorno de trabajo.<\/p>\n\n\n\n<h3 class=\"wp-block-heading\">2. Certificaci\u00f3n de operadores y equipos<\/h3>\n\n\n\n<p>Verifique que tanto la maquinaria como el personal cuenten con licencias vigentes. Contratar operarios certificados previene accidentes laborales y asegura el cumplimiento de la normativa de seguridad industrial en la capital.<\/p>\n\n\n\n<h3 class=\"wp-block-heading\">3. Inspecci\u00f3n t\u00e9cnica del brazo articulado<\/h3>\n\n\n\n<p>Asegure que el sistema hidr\u00e1ulico y el <strong>brazo articulado<\/strong> est\u00e9n en \u00f3ptimas condiciones. Un mantenimiento preventivo riguroso garantiza que la potencia de elevaci\u00f3n sea constante y sin fallos mec\u00e1nicos durante la operaci\u00f3n.<\/p>\n\n\n\n<h3 class=\"wp-block-heading\">4. Transparencia en la cotizaci\u00f3n del servicio<\/h3>\n\n\n\n<p>Solicite un presupuesto detallado que desglose el valor por horas o jornadas. La claridad en las tarifas de alquiler permite una mejor planificaci\u00f3n financiera y evita cargos ocultos en sus proyectos de log\u00edstica.<\/p>\n\n\n\n<h3 class=\"wp-block-heading\">5. Evaluaci\u00f3n de la experiencia en el sector<\/h3>\n\n\n\n<p>Elija empresas con trayectoria comprobada en el manejo de cargas pesadas. La experiencia del proveedor es el mejor respaldo para solucionar imprevistos en tiempo real y optimizar los tiempos de ejecuci\u00f3n.<\/p>\n\n\n\n<h2 class=\"wp-block-heading\"><span class=\"ez-toc-section\" id=\"Tipos_de_vehiculos_y_capacidad_de_carga_en_el_alquiler_de_camion_grua_en_Madrid\"><\/span>Tipos de veh\u00edculos y capacidad de carga en el alquiler de cami\u00f3n gr\u00faa en Madrid<span class=\"ez-toc-section-end\"><\/span><\/h2>\n\n\n\n<p>La versatilidad de la flota disponible en la capital permite ejecutar desde movimientos de precisi\u00f3n en espacios reducidos hasta el izaje de grandes estructuras industriales. Seleccionar el equipo correcto bajo la modalidad de alquiler de cami\u00f3n gr\u00faa garantiza la seguridad operativa y optimiza los costos log\u00edsticos de su proyecto.<\/p>\n\n\n\n<h3 class=\"wp-block-heading\">Especificaciones t\u00e9cnicas por tipo de equipo<\/h3>\n\n\n\n<figure class=\"wp-block-table\"><table class=\"has-fixed-layout\"><thead><tr><th>Tipo de Veh\u00edculo<\/th><th>Capacidad de Carga<\/th><th>Uso Principal<\/th><\/tr><\/thead><tbody><tr><td><strong>Cami\u00f3n Gr\u00faa Articulado<\/strong><\/td><td>3 a 20 Toneladas<\/td><td>Carga y descarga de materiales de construcci\u00f3n y log\u00edstica urbana.<\/td><\/tr><tr><td><strong>Gr\u00faa Telesc\u00f3pica<\/strong><\/td><td>20 a 100+ Toneladas<\/td><td>Montaje de estructuras pesadas y proyectos de infraestructura civil.<\/td><\/tr><tr><td><strong>Cami\u00f3n Gr\u00faa con Canasta<\/strong><\/td><td>500 kg (Carga en punta)<\/td><td>Mantenimiento de fachadas, poda de \u00e1rboles y trabajos el\u00e9ctricos.<\/td><\/tr><tr><td><strong>Gr\u00faa de Planch\u00f3n<\/strong><\/td><td>5 a 12 Toneladas<\/td><td>Transporte de maquinaria amarilla, veh\u00edculos y equipos industriales.<\/td><\/tr><tr><td><strong>Mini Gr\u00faa (Spider)<\/strong><\/td><td>1 a 5 Toneladas<\/td><td>Maniobras en interiores, s\u00f3tanos o zonas de acceso muy restringido.<\/td><\/tr><tr><td><strong>Cami\u00f3n Gr\u00faa Todoterreno<\/strong><\/td><td>10 a 30 Toneladas<\/td><td>Operaciones en terrenos irregulares, obras viales y zonas rurales.<\/td><\/tr><\/tbody><\/table><\/figure>\n\n\n\n<p>Contar con la asesor\u00eda t\u00e9cnica adecuada permite identificar el tonelaje exacto requerido para su operaci\u00f3n, evitando el subarrendamiento de equipos innecesariamente costosos o insuficientes para el peso real de la carga.<\/p>\n\n\n\n<h2 class=\"wp-block-heading\"><span class=\"ez-toc-section\" id=\"Guia_para_elegir_el_mejor_alquiler_de_camion_grua_en_Madrid\"><\/span>Gu\u00eda para elegir el mejor alquiler de cami\u00f3n gr\u00faa en Madrid<span class=\"ez-toc-section-end\"><\/span><\/h2>\n\n\n\n<p>Seleccionar el equipo adecuado requiere validar tanto la capacidad t\u00e9cnica como el respaldo operativo en campo. Antes de formalizar el contrato, asegure que el <strong>servicio de gr\u00faa planch\u00f3n<\/strong> solicitado cuente con la infraestructura necesaria para cumplir con los cronogramas de su obra sin contratiempos.<\/p>\n\n\n\n<ol class=\"wp-block-list\">\n<li>\ud83c\udfd7\ufe0f <strong>Capacidad de izaje:<\/strong> Confirme que el tonelaje del equipo supere el peso real de la carga.<br><\/li>\n\n\n\n<li>\ud83d\udccf <strong>Alcance del brazo:<\/strong> Verifique la longitud m\u00e1xima requerida para posicionar el material.<br><\/li>\n\n\n\n<li>\ud83d\udcdc <strong>Certificaci\u00f3n Rigger:<\/strong> Asegure que el personal de apoyo est\u00e9 calificado para dirigir las maniobras.<br><\/li>\n\n\n\n<li>\ud83d\udee0\ufe0f <strong>Estado de la flota:<\/strong> Inspeccione que los veh\u00edculos cuenten con mantenimientos preventivos al d\u00eda.<br><\/li>\n\n\n\n<li>\ud83d\udee1\ufe0f <strong>Seguros de carga:<\/strong> Valide la cobertura de las p\u00f3lizas ante cualquier eventualidad durante el traslado.<\/li>\n<\/ol>\n\n\n\n<p>Al seguir estos criterios, usted garantiza que el soporte t\u00e9cnico contratado cumpla con los est\u00e1ndares de seguridad exigidos, optimizando la ejecuci\u00f3n de cada maniobra industrial en la capital.<\/p>\n\n\n\n<h2 class=\"wp-block-heading\"><span class=\"ez-toc-section\" id=\"Factores_que_determinan_el_precio_del_alquiler_de_camion_grua_en_Madrid\"><\/span>Factores que determinan el precio del alquiler de cami\u00f3n gr\u00faa en Madrid<span class=\"ez-toc-section-end\"><\/span><\/h2>\n\n\n\n<p>El presupuesto final para la contrataci\u00f3n de maquinaria pesada depende de variables t\u00e9cnicas y log\u00edsticas que aseguran el \u00e9xito de la maniobra. Para obtener un <strong>alquiler de cami\u00f3n gr\u00faa en Madrid<\/strong> con la mejor relaci\u00f3n costo-beneficio, es fundamental desglosar los requerimientos espec\u00edficos de su proyecto antes de solicitar una cotizaci\u00f3n formal.<\/p>\n\n\n\n<h3 class=\"wp-block-heading\">\u23f1\ufe0f Jornada laboral y tiempo de operaci\u00f3n<\/h3>\n\n\n\n<p>El costo se calcula principalmente por el tiempo de uso del equipo en sitio. Las empresas suelen manejar tarifas base por <strong>cami\u00f3n gr\u00faa por horas<\/strong> o jornadas completas de ocho horas, dependiendo de la complejidad del montaje.<\/p>\n\n\n\n<h3 class=\"wp-block-heading\">\ud83c\udfd7\ufe0f Capacidad de izaje y tonelaje<\/h3>\n\n\n\n<p>A mayor peso de la carga, se requiere una m\u00e1quina con mayor estabilidad y potencia. El alquiler de equipos de gran capacidad o con <strong>alquiler de gr\u00faas telesc\u00f3picas<\/strong> especializadas incrementa el valor de la inversi\u00f3n debido al mantenimiento y consumo de estos veh\u00edculos.<\/p>\n\n\n\n<h3 class=\"wp-block-heading\">\ud83d\udccd Distancia y desplazamientos en la capital<\/h3>\n\n\n\n<p>El kilometraje desde el parqueadero de m\u00e1quinas hasta el punto de la obra influye directamente en el precio. Los traslados dentro de la ciudad o hacia municipios aleda\u00f1os generan cargos adicionales por concepto de combustible y peajes.<\/p>\n\n\n\n<h3 class=\"wp-block-heading\">\ud83d\udc77 Horarios y personal especializado<\/h3>\n\n\n\n<p>Las maniobras nocturnas o en d\u00edas no laborales suelen tener recargos seg\u00fan la normativa vigente. Adem\u00e1s, si la operaci\u00f3n requiere rigger o auxiliares de tr\u00e1fico, estos costos se suman al valor total del servicio contratado.<\/p>\n\n\n\n<p>Definir con precisi\u00f3n el peso de la carga y el tiempo estimado de uso permite evitar sobrecostos innecesarios. Al considerar estos elementos, usted asegura una inversi\u00f3n eficiente alineada con la complejidad t\u00e9cnica de su operaci\u00f3n de izaje.<\/p>\n\n\n\n<h2 class=\"wp-block-heading\"><span class=\"ez-toc-section\" id=\"Modalidades_de_alquiler_de_camion_grua_en_Madrid_horas_dias_o_meses\"><\/span>Modalidades de alquiler de cami\u00f3n gr\u00faa en Madrid: horas, d\u00edas o meses<span class=\"ez-toc-section-end\"><\/span><\/h2>\n\n\n\n<p>La flexibilidad en la contrataci\u00f3n permite que cada proyecto ajuste sus costos operativos al tiempo real de ejecuci\u00f3n. Al solicitar equipos para transporte y elevaci\u00f3n, usted puede elegir el esquema que mejor se adapte a la cronolog\u00eda de su obra o movimiento industrial.<\/p>\n\n\n\n<ol class=\"wp-block-list\">\n<li>\u23f1\ufe0f <strong>Contrataci\u00f3n por horas:<\/strong> Ideal para maniobras r\u00e1pidas como el cargue y descargue de materiales espec\u00edficos. Generalmente, las empresas establecen un m\u00ednimo de tiempo para el uso de <strong>gr\u00faas de brazo articulado<\/strong> en el sitio de la operaci\u00f3n.<\/li>\n\n\n\n<li>\ud83d\udcc5 <strong>Alquiler por d\u00edas:<\/strong> Es la opci\u00f3n preferida para proyectos de construcci\u00f3n de mediana envergadura. Al contratar por jornadas completas de 8 horas, se obtiene un mejor rendimiento del equipo y se asegura la disponibilidad continua del operador.<\/li>\n\n\n\n<li>\ud83d\uddd3\ufe0f <strong>Servicio por meses:<\/strong> Para mantenimientos industriales permanentes, el alquiler mensual ofrece las tarifas m\u00e1s competitivas, eliminando costos recurrentes de movilizaci\u00f3n y peajes dentro de la capital.<\/li>\n\n\n\n<li>\ud83c\udfd7\ufe0f <strong>Proyectos de largo plazo:<\/strong> Esquema dise\u00f1ado para grandes infraestructuras donde la maquinaria permanece en la zona de trabajo de forma indefinida, garantizando un flujo log\u00edstico constante y m\u00e1xima eficiencia en costos fijos.<\/li>\n<\/ol>\n\n\n\n<p>Seleccionar la modalidad correcta permite un control riguroso del presupuesto y garantiza que la log\u00edstica de elevaci\u00f3n no sufra interrupciones por falta de disponibilidad de equipos.<\/p>\n\n\n\n<h2 class=\"wp-block-heading\"><span class=\"ez-toc-section\" id=\"Requisitos_para_el_alquiler_de_camion_grua_en_Madrid_Personal_y_Terreno\"><\/span>Requisitos para el alquiler de cami\u00f3n gr\u00faa en Madrid: Personal y Terreno<span class=\"ez-toc-section-end\"><\/span><\/h2>\n\n\n\n<p>La viabilidad de una maniobra de elevaci\u00f3n depende de factores de seguridad y adecuaci\u00f3n del entorno. Antes de programar el <strong>alquiler de cami\u00f3n gr\u00faa en Madrid<\/strong>, es imperativo que el contratante garantice las condiciones m\u00ednimas para que el equipo opere sin riesgos estructurales o humanos.<\/p>\n\n\n\n<h3 class=\"wp-block-heading\">\ud83d\udc77 Personal t\u00e9cnico calificado<\/h3>\n\n\n\n<p>Toda operaci\u00f3n de izaje debe contar con un operador con licencia vigente y, seg\u00fan la complejidad, un rigger o aparejador. El uso de <strong>izaje de cargas<\/strong> industriales exige personal que conozca las se\u00f1ales de mando y las tablas de carga del equipo para evitar accidentes.<\/p>\n\n\n\n<h3 class=\"wp-block-heading\">\ud83c\udfd7\ufe0f Firmeza y nivelaci\u00f3n del terreno<\/h3>\n\n\n\n<p>El \u00e1rea de apoyo para los estabilizadores debe ser compacta y estar libre de excavaciones o rellenos blandos. Un terreno inestable compromete la verticalidad de la gr\u00faa, poniendo en peligro la integridad de la carga y de las estructuras circundantes.<\/p>\n\n\n\n<h3 class=\"wp-block-heading\">\ud83d\udccf Espacio de maniobra y g\u00e1libo<\/h3>\n\n\n\n<p>Es necesario verificar la ausencia de obst\u00e1culos a\u00e9reos, como cables de alta tensi\u00f3n, y asegurar un radio de giro despejado. Contar con el espacio suficiente permite que el brazo hidr\u00e1ulico se extienda con total libertad durante el movimiento de los materiales.<\/p>\n\n\n\n<h3 class=\"wp-block-heading\">\ud83d\udee1\ufe0f Permisos y se\u00f1alizaci\u00f3n vial<\/h3>\n\n\n\n<p>Para trabajos en v\u00eda p\u00fablica dentro de la capital, se deben tramitar los permisos de ocupaci\u00f3n correspondientes. Delimitar el \u00e1rea con conos, cintas de peligro y vallas de seguridad es obligatorio para proteger a los peatones y el flujo vehicular.<\/p>\n\n\n\n<h2 class=\"wp-block-heading\"><span class=\"ez-toc-section\" id=\"Normativas_y_resoluciones_legales_para_la_prestacion_del_servicio\"><\/span>Normativas y resoluciones legales para la prestaci\u00f3n del servicio<span class=\"ez-toc-section-end\"><\/span><\/h2>\n\n\n\n<p>El cumplimiento de la regulaci\u00f3n vigente es el \u00fanico mecanismo que garantiza la transparencia y seguridad en las operaciones de levantamiento y traslado de mercanc\u00edas. En Colombia, toda actividad que involucre el uso de maquinaria pesada debe alinearse con las directrices del Ministerio de Transporte, asegurando que los veh\u00edculos cuenten con las revisiones tecnomec\u00e1nicas al d\u00eda y los seguros de responsabilidad civil contractual necesarios para proteger tanto la integridad de los activos como la de terceros en la v\u00eda.<\/p>\n\n\n\n<p>La ejecuci\u00f3n t\u00e9cnica se rige principalmente por la <strong><a href=\"https:\/\/www.alcaldiabogota.gov.co\/sisjur\/normas\/Norma1.jsp?i=22132\" target=\"_blank\" rel=\"noreferrer noopener\">Resoluci\u00f3n 4959 de 2006<\/a><\/strong>, la cual establece los requisitos y procedimientos para conceder permisos cuando se trata de un <strong>movimiento de maquinaria pesada<\/strong> que sea indivisible o extrapesada. Es imperativo que el proveedor gestione ante el Inv\u00edas o las autoridades locales de tr\u00e1nsito los salvoconductos requeridos para circular por per\u00edmetros urbanos, respetando siempre los l\u00edmites de pesos y dimensiones por eje definidos para la infraestructura vial nacional y evitando as\u00ed sanciones legales o inmovilizaciones preventivas.<\/p>\n\n\n\n<h2 class=\"wp-block-heading\"><span class=\"ez-toc-section\" id=\"Beneficios_de_contratar_un_alquiler_de_camion_grua_en_Madrid_certificado\"><\/span>Beneficios de contratar un alquiler de cami\u00f3n gr\u00faa en Madrid certificado<span class=\"ez-toc-section-end\"><\/span><\/h2>\n\n\n\n<p>La vinculaci\u00f3n de equipos con aval t\u00e9cnico garantiza que cada maniobra se ejecute bajo est\u00e1ndares internacionales de calidad y protecci\u00f3n. Al gestionar el movimiento de carga pesada con una empresa certificada, usted transfiere los riesgos operativos a profesionales, asegurando una ejecuci\u00f3n t\u00e9cnica impecable desde el primer movimiento.<\/p>\n\n\n\n<ol class=\"wp-block-list\">\n<li>\u2705 <strong>Seguridad Operacional:<\/strong> Mitigaci\u00f3n total de riesgos de volcamiento o ca\u00edda de materiales mediante el uso de <strong>gr\u00faas de brazo articulado<\/strong> inspeccionadas.<\/li>\n\n\n\n<li>\u2705 <strong>Eficiencia Log\u00edstica:<\/strong> Reducci\u00f3n significativa en los tiempos de cargue y descargue, optimizando el cronograma de ejecuci\u00f3n de su obra.<\/li>\n\n\n\n<li>\u2705 <strong>Respaldo Legal:<\/strong> Cumplimiento estricto de las p\u00f3lizas de responsabilidad civil y las normativas de transporte vigentes en la capital.<\/li>\n\n\n\n<li>\u2705 <strong>Ahorro de Costos:<\/strong> Eliminaci\u00f3n de gastos por mantenimiento, almacenamiento o impuestos asociados a la propiedad de maquinaria pesada.<\/li>\n\n\n\n<li>\u2705 <strong>Versatilidad T\u00e9cnica:<\/strong> Acceso inmediato a diferentes capacidades de elevaci\u00f3n seg\u00fan el requerimiento puntual de cada etapa de su proyecto.<\/li>\n<\/ol>\n\n\n\n<h2 class=\"wp-block-heading has-text-align-center\"><span class=\"ez-toc-section\" id=\"Preguntas_Frecuentes_sobre_el_alquiler_de_camion_grua_en_Madrid\"><\/span>Preguntas Frecuentes sobre el alquiler de cami\u00f3n gr\u00faa en Madrid<span class=\"ez-toc-section-end\"><\/span><\/h2>\n\n\n\n<div data-wp-context=\"{ &quot;autoclose&quot;: true, &quot;accordionItems&quot;: [] }\" data-wp-interactive=\"core\/accordion\" role=\"group\" class=\"wp-block-accordion has-background is-layout-flow wp-block-accordion-is-layout-flow\" style=\"background-color:#f0f8ff\">\n<div data-wp-class--is-open=\"state.isOpen\" data-wp-context=\"{ &quot;id&quot;: &quot;accordion-item-1&quot;, &quot;openByDefault&quot;: false }\" data-wp-init=\"callbacks.initAccordionItems\" data-wp-on-window--hashchange=\"callbacks.hashChange\" class=\"wp-block-accordion-item is-layout-flow wp-block-accordion-item-is-layout-flow\">\n<h3 class=\"wp-block-accordion-heading\"><button aria-expanded=\"false\" aria-controls=\"accordion-item-1-panel\" data-wp-bind--aria-expanded=\"state.isOpen\" data-wp-on--click=\"actions.toggle\" data-wp-on--keydown=\"actions.handleKeyDown\" id=\"accordion-item-1\" type=\"button\" class=\"wp-block-accordion-heading__toggle\"><span class=\"wp-block-accordion-heading__toggle-title\">1. \u00bfQu\u00e9 informaci\u00f3n debo proporcionar para una cotizaci\u00f3n?<\/span><span class=\"wp-block-accordion-heading__toggle-icon\" aria-hidden=\"true\">+<\/span><\/button><\/h3>\n\n\n\n<div inert aria-labelledby=\"accordion-item-1\" data-wp-bind--inert=\"!state.isOpen\" id=\"accordion-item-1-panel\" role=\"region\" class=\"wp-block-accordion-panel is-layout-flow wp-block-accordion-panel-is-layout-flow\">\n<p>Debe indicar el peso de la carga, la altura de elevaci\u00f3n, el lugar de la maniobra y el tiempo estimado de uso.<\/p>\n<\/div>\n<\/div>\n<\/div>\n\n\n\n<div data-wp-context=\"{ &quot;autoclose&quot;: true, &quot;accordionItems&quot;: [] }\" data-wp-interactive=\"core\/accordion\" role=\"group\" class=\"wp-block-accordion has-background is-layout-flow wp-block-accordion-is-layout-flow\" style=\"background-color:#f0f8ff\">\n<div data-wp-class--is-open=\"state.isOpen\" data-wp-context=\"{ &quot;id&quot;: &quot;accordion-item-2&quot;, &quot;openByDefault&quot;: false }\" data-wp-init=\"callbacks.initAccordionItems\" data-wp-on-window--hashchange=\"callbacks.hashChange\" class=\"wp-block-accordion-item is-layout-flow wp-block-accordion-item-is-layout-flow\">\n<h3 class=\"wp-block-accordion-heading\"><button aria-expanded=\"false\" aria-controls=\"accordion-item-2-panel\" data-wp-bind--aria-expanded=\"state.isOpen\" data-wp-on--click=\"actions.toggle\" data-wp-on--keydown=\"actions.handleKeyDown\" id=\"accordion-item-2\" type=\"button\" class=\"wp-block-accordion-heading__toggle\"><span class=\"wp-block-accordion-heading__toggle-title\">2. \u00bfCu\u00e1l es el precio promedio por hora del alquiler de cami\u00f3n gr\u00faa en Madrid?<\/span><span class=\"wp-block-accordion-heading__toggle-icon\" aria-hidden=\"true\">+<\/span><\/button><\/h3>\n\n\n\n<div inert aria-labelledby=\"accordion-item-2\" data-wp-bind--inert=\"!state.isOpen\" id=\"accordion-item-2-panel\" role=\"region\" class=\"wp-block-accordion-panel is-layout-flow wp-block-accordion-panel-is-layout-flow\">\n<p>El valor var\u00eda seg\u00fan el tonelaje del equipo, pero generalmente se establece una tarifa base m\u00ednima de cuatro horas de operaci\u00f3n.<\/p>\n<\/div>\n<\/div>\n<\/div>\n\n\n\n<div data-wp-context=\"{ &quot;autoclose&quot;: true, &quot;accordionItems&quot;: [] }\" data-wp-interactive=\"core\/accordion\" role=\"group\" class=\"wp-block-accordion has-background is-layout-flow wp-block-accordion-is-layout-flow\" style=\"background-color:#f0f8ff\">\n<div data-wp-class--is-open=\"state.isOpen\" data-wp-context=\"{ &quot;id&quot;: &quot;accordion-item-3&quot;, &quot;openByDefault&quot;: false }\" data-wp-init=\"callbacks.initAccordionItems\" data-wp-on-window--hashchange=\"callbacks.hashChange\" class=\"wp-block-accordion-item is-layout-flow wp-block-accordion-item-is-layout-flow\">\n<h3 class=\"wp-block-accordion-heading\"><button aria-expanded=\"false\" aria-controls=\"accordion-item-3-panel\" data-wp-bind--aria-expanded=\"state.isOpen\" data-wp-on--click=\"actions.toggle\" data-wp-on--keydown=\"actions.handleKeyDown\" id=\"accordion-item-3\" type=\"button\" class=\"wp-block-accordion-heading__toggle\"><span class=\"wp-block-accordion-heading__toggle-title\">3. \u00bfEl servicio incluye el operador de la maquinaria?<\/span><span class=\"wp-block-accordion-heading__toggle-icon\" aria-hidden=\"true\">+<\/span><\/button><\/h3>\n\n\n\n<div inert aria-labelledby=\"accordion-item-3\" data-wp-bind--inert=\"!state.isOpen\" id=\"accordion-item-3-panel\" role=\"region\" class=\"wp-block-accordion-panel is-layout-flow wp-block-accordion-panel-is-layout-flow\">\n<p>S\u00ed, todos nuestros equipos se alquilan con operarios certificados y con amplia experiencia en maniobras de precisi\u00f3n.<\/p>\n<\/div>\n<\/div>\n<\/div>\n\n\n\n<div data-wp-context=\"{ &quot;autoclose&quot;: true, &quot;accordionItems&quot;: [] }\" data-wp-interactive=\"core\/accordion\" role=\"group\" class=\"wp-block-accordion has-background is-layout-flow wp-block-accordion-is-layout-flow\" style=\"background-color:#f0f8ff\">\n<div data-wp-class--is-open=\"state.isOpen\" data-wp-context=\"{ &quot;id&quot;: &quot;accordion-item-4&quot;, &quot;openByDefault&quot;: false }\" data-wp-init=\"callbacks.initAccordionItems\" data-wp-on-window--hashchange=\"callbacks.hashChange\" class=\"wp-block-accordion-item is-layout-flow wp-block-accordion-item-is-layout-flow\">\n<h3 class=\"wp-block-accordion-heading\"><button aria-expanded=\"false\" aria-controls=\"accordion-item-4-panel\" data-wp-bind--aria-expanded=\"state.isOpen\" data-wp-on--click=\"actions.toggle\" data-wp-on--keydown=\"actions.handleKeyDown\" id=\"accordion-item-4\" type=\"button\" class=\"wp-block-accordion-heading__toggle\"><span class=\"wp-block-accordion-heading__toggle-title\">4. \u00bfSe requieren permisos especiales para trabajar en la v\u00eda p\u00fablica?<\/span><span class=\"wp-block-accordion-heading__toggle-icon\" aria-hidden=\"true\">+<\/span><\/button><\/h3>\n\n\n\n<div inert aria-labelledby=\"accordion-item-4\" data-wp-bind--inert=\"!state.isOpen\" id=\"accordion-item-4-panel\" role=\"region\" class=\"wp-block-accordion-panel is-layout-flow wp-block-accordion-panel-is-layout-flow\">\n<p>Es obligatorio tramitar permisos de ocupaci\u00f3n ante la autoridad de tr\u00e1nsito local para evitar multas e inmovilizaciones.<\/p>\n<\/div>\n<\/div>\n<\/div>\n\n\n\n<div data-wp-context=\"{ &quot;autoclose&quot;: true, &quot;accordionItems&quot;: [] }\" data-wp-interactive=\"core\/accordion\" role=\"group\" class=\"wp-block-accordion has-background is-layout-flow wp-block-accordion-is-layout-flow\" style=\"background-color:#f0f8ff\">\n<div data-wp-class--is-open=\"state.isOpen\" data-wp-context=\"{ &quot;id&quot;: &quot;accordion-item-5&quot;, &quot;openByDefault&quot;: false }\" data-wp-init=\"callbacks.initAccordionItems\" data-wp-on-window--hashchange=\"callbacks.hashChange\" class=\"wp-block-accordion-item is-layout-flow wp-block-accordion-item-is-layout-flow\">\n<h3 class=\"wp-block-accordion-heading\"><button aria-expanded=\"false\" aria-controls=\"accordion-item-5-panel\" data-wp-bind--aria-expanded=\"state.isOpen\" data-wp-on--click=\"actions.toggle\" data-wp-on--keydown=\"actions.handleKeyDown\" id=\"accordion-item-5\" type=\"button\" class=\"wp-block-accordion-heading__toggle\"><span class=\"wp-block-accordion-heading__toggle-title\">5. \u00bfQu\u00e9 sucede si la maniobra se extiende m\u00e1s de lo planeado?<\/span><span class=\"wp-block-accordion-heading__toggle-icon\" aria-hidden=\"true\">+<\/span><\/button><\/h3>\n\n\n\n<div inert aria-labelledby=\"accordion-item-5\" data-wp-bind--inert=\"!state.isOpen\" id=\"accordion-item-5-panel\" role=\"region\" class=\"wp-block-accordion-panel is-layout-flow wp-block-accordion-panel-is-layout-flow\">\n<p>El tiempo adicional se factura proporcionalmente seg\u00fan la tarifa horaria pactada previamente en el contrato de servicio.<\/p>\n<\/div>\n<\/div>\n<\/div>\n\n\n\n<div data-wp-context=\"{ &quot;autoclose&quot;: true, &quot;accordionItems&quot;: [] }\" data-wp-interactive=\"core\/accordion\" role=\"group\" class=\"wp-block-accordion has-background is-layout-flow wp-block-accordion-is-layout-flow\" style=\"background-color:#f0f8ff\">\n<div data-wp-class--is-open=\"state.isOpen\" data-wp-context=\"{ &quot;id&quot;: &quot;accordion-item-6&quot;, &quot;openByDefault&quot;: false }\" data-wp-init=\"callbacks.initAccordionItems\" data-wp-on-window--hashchange=\"callbacks.hashChange\" class=\"wp-block-accordion-item is-layout-flow wp-block-accordion-item-is-layout-flow\">\n<h3 class=\"wp-block-accordion-heading\"><button aria-expanded=\"false\" aria-controls=\"accordion-item-6-panel\" data-wp-bind--aria-expanded=\"state.isOpen\" data-wp-on--click=\"actions.toggle\" data-wp-on--keydown=\"actions.handleKeyDown\" id=\"accordion-item-6\" type=\"button\" class=\"wp-block-accordion-heading__toggle\"><span class=\"wp-block-accordion-heading__toggle-title\">6. \u00bfLos equipos cuentan con p\u00f3lizas de seguros vigentes?<\/span><span class=\"wp-block-accordion-heading__toggle-icon\" aria-hidden=\"true\">+<\/span><\/button><\/h3>\n\n\n\n<div inert aria-labelledby=\"accordion-item-6\" data-wp-bind--inert=\"!state.isOpen\" id=\"accordion-item-6-panel\" role=\"region\" class=\"wp-block-accordion-panel is-layout-flow wp-block-accordion-panel-is-layout-flow\">\n<p>Toda la flota dispone de seguros de responsabilidad civil contractual y extracontractual para cubrir cualquier eventualidad durante el izaje.<\/p>\n<\/div>\n<\/div>\n<\/div>\n\n\n\n<div data-wp-context=\"{ &quot;autoclose&quot;: true, &quot;accordionItems&quot;: [] }\" data-wp-interactive=\"core\/accordion\" role=\"group\" class=\"wp-block-accordion has-background is-layout-flow wp-block-accordion-is-layout-flow\" style=\"background-color:#f0f8ff\">\n<div data-wp-class--is-open=\"state.isOpen\" data-wp-context=\"{ &quot;id&quot;: &quot;accordion-item-7&quot;, &quot;openByDefault&quot;: false }\" data-wp-init=\"callbacks.initAccordionItems\" data-wp-on-window--hashchange=\"callbacks.hashChange\" class=\"wp-block-accordion-item is-layout-flow wp-block-accordion-item-is-layout-flow\">\n<h3 class=\"wp-block-accordion-heading\"><button aria-expanded=\"false\" aria-controls=\"accordion-item-7-panel\" data-wp-bind--aria-expanded=\"state.isOpen\" data-wp-on--click=\"actions.toggle\" data-wp-on--keydown=\"actions.handleKeyDown\" id=\"accordion-item-7\" type=\"button\" class=\"wp-block-accordion-heading__toggle\"><span class=\"wp-block-accordion-heading__toggle-title\">7. \u00bfPueden realizar maniobras en espacios cerrados o s\u00f3tanos?<\/span><span class=\"wp-block-accordion-heading__toggle-icon\" aria-hidden=\"true\">+<\/span><\/button><\/h3>\n\n\n\n<div inert aria-labelledby=\"accordion-item-7\" data-wp-bind--inert=\"!state.isOpen\" id=\"accordion-item-7-panel\" role=\"region\" class=\"wp-block-accordion-panel is-layout-flow wp-block-accordion-panel-is-layout-flow\">\n<p>Disponemos de equipos compactos y de bajo perfil dise\u00f1ados espec\u00edficamente para operar en lugares con altura restringida.<\/p>\n<\/div>\n<\/div>\n<\/div>\n\n\n\n<div style=\"height:35px\" aria-hidden=\"true\" class=\"wp-block-spacer\"><\/div>\n\n\n\n<h3 class=\"wp-block-heading has-text-align-center\">\u00a1Optimice su log\u00edstica con expertos en elevaci\u00f3n!<\/h3>\n\n\n\n<p class=\"has-text-align-center\">Cont\u00e1ctenos ahora mismo para recibir una asesor\u00eda t\u00e9cnica especializada en alquiler de cami\u00f3n gr\u00faa en Madrid y garantice el \u00e9xito de su maniobra.<\/p>\n\n\n\n<div class=\"wp-block-buttons is-content-justification-center is-layout-flex wp-container-core-buttons-is-layout-16018d1d wp-block-buttons-is-layout-flex\">\n<div class=\"wp-block-button\"><a class=\"wp-block-button__link has-vivid-green-cyan-background-color has-background wp-element-button\" href=\"https:\/\/api.whatsapp.com\/send\/?phone=573103093137&amp;text=Hola+&amp;type=phone_number&amp;app_absent=0\" target=\"_blank\" rel=\"noreferrer noopener\"><strong>\u00a1Cotizar Servicio!<\/strong><\/a><\/div>\n<\/div>\n\n\n\n<div style=\"height:30px\" aria-hidden=\"true\" class=\"wp-block-spacer\"><\/div>\n\n\n\n<iframe src=\"https:\/\/www.google.com\/maps\/embed?pb=!1m18!1m12!1m3!1d31809.691116998514!2d-74.28587580537382!3d4.733306865160673!2m3!1f0!2f0!3f0!3m2!1i1024!2i768!4f13.1!3m3!1m2!1s0x8e3f7835577df787%3A0xfe4076aa4af1d48!2sMadrid%2C%20Cundinamarca!5e0!3m2!1ses-419!2sco!4v1775261972709!5m2!1ses-419!2sco\" width=\"100%\" height=\"350\" style=\"border:0;\" allowfullscreen=\"\" loading=\"lazy\" referrerpolicy=\"no-referrer-when-downgrade\"><\/iframe>\n\n\n\n<style>\n.directorio-gruas-madrid {\n    font-family: system-ui, -apple-system, BlinkMacSystemFont, \"Segoe UI\", Roboto, Oxygen, Ubuntu, Cantarell, \"Open Sans\", \"Helvetica Neue\", sans-serif;\n    margin: 2rem 0;\n    box-sizing: border-box;\n}\n.directorio-gruas-madrid * {\n    box-sizing: inherit;\n}\n.directorio-gruas-madrid h2 {\n    text-align: center;\n    color: #1a202c;\n    font-size: 2rem;\n    margin-bottom: 2rem;\n    font-weight: 700;\n}\n.directorio-grid {\n    display: grid;\n    grid-template-columns: 1fr;\n    gap: 1.5rem;\n}\n@media (min-width: 768px) {\n    .directorio-grid {\n        grid-template-columns: repeat(2, 1fr);\n    }\n}\n@media (min-width: 1024px) {\n    .directorio-grid {\n        grid-template-columns: repeat(3, 1fr);\n    }\n}\n.tarjeta {\n    background-color: #ffffff;\n    border-radius: 12px;\n    box-shadow: 0 4px 6px -1px rgba(0, 0, 0, 0.1), 0 2px 4px -1px rgba(0, 0, 0, 0.06);\n    overflow: hidden;\n    transition: transform 0.3s ease, box-shadow 0.3s ease;\n    display: flex;\n    flex-direction: column;\n}\n.tarjeta:hover {\n    transform: translateY(-8px);\n    box-shadow: 0 20px 25px -5px rgba(0, 0, 0, 0.1), 0 10px 10px -5px rgba(0, 0, 0, 0.04);\n}\n.directorio-card-img-wrapper {\n    background-color: #f7fafc;\n    height: 180px;\n    display: flex;\n    align-items: center;\n    justify-content: center;\n    padding: 1rem;\n    border-bottom: 1px solid #e2e8f0;\n}\n.directorio-card-img-wrapper img {\n    width: 90px;\n    height: 90px;\n    object-fit: contain;\n}\n.tarjeta-content {\n    padding: 1.5rem;\n    display: flex;\n    flex-direction: column;\n    flex-grow: 1;\n}\n.tarjeta-content h3 {\n    margin-top: 0;\n    color: #2d3748;\n    font-size: 1.2rem;\n    font-weight: 700;\n    margin-bottom: 0.75rem;\n    line-height: 1.3;\n}\n.tarjeta-content p {\n    color: #4a5568;\n    font-size: 0.95rem;\n    line-height: 1.6;\n    margin-bottom: 1.5rem;\n    flex-grow: 1;\n}\n.btn-urgencia {\n    display: block;\n    text-align: center;\n    background-color: #e53e3e;\n    color: #ffffff !important;\n    padding: 0.75rem 1rem;\n    border-radius: 6px;\n    text-decoration: none;\n    font-weight: 700;\n    margin-bottom: 0.75rem;\n    transition: background-color 0.2s ease;\n}\n.btn-urgencia:hover {\n    background-color: #c53030;\n}\n.btn-secundario {\n    display: block;\n    text-align: center;\n    background-color: #edf2f7;\n    color: #2d3748 !important;\n    padding: 0.75rem 1rem;\n    border-radius: 6px;\n    text-decoration: none;\n    font-weight: 600;\n    transition: background-color 0.2s ease;\n}\n.btn-secundario:hover {\n    background-color: #e2e8f0;\n}\n<\/style>\n\n<div class=\"directorio-gruas-madrid\">\n    <h2><span class=\"ez-toc-section\" id=\"Directorio_de_emergencias_para_alquiler_de_camion_grua_en_Madrid\"><\/span>Directorio de emergencias para alquiler de cami\u00f3n gr\u00faa en Madrid<span class=\"ez-toc-section-end\"><\/span><\/h2>\n    \n    <div class=\"directorio-grid\">\n        <article class=\"tarjeta\">\n            <div class=\"directorio-card-img-wrapper\">\n                <img decoding=\"async\" src=\"data:image\/svg+xml,%3Csvg xmlns='http:\/\/www.w3.org\/2000\/svg' viewBox='0 0 24 24' fill='none' stroke='%23e53e3e' stroke-width='2' stroke-linecap='round' stroke-linejoin='round'%3E%3Cpath d='M8.5 14.5A2.5 2.5 0 0011 12c-2.28 0-3-4.5-3-4.5s-2 3.5-2 6.5a4.5 4.5 0 005.5 4.4z'\/%3E%3Cpath d='M15.5 11.5c0-3-2-6.5-2-6.5s-.72 4.5-3 4.5a2.5 2.5 0 002.5 2.5 4.5 4.5 0 002.5-4.4z'\/%3E%3Cpath d='M12 22c5.52 0 10-4.48 10-10S17.52 2 12 2 2 6.48 2 12s4.48 10 10 10z'\/%3E%3C\/svg%3E\" alt=\"Bomberos Icono\" width=\"90\" height=\"90\" loading=\"lazy\">\n            <\/div>\n            <div class=\"tarjeta-content\">\n                <h3>Bomberos Voluntarios de Madrid<\/h3>\n                <p>Atenci\u00f3n inmediata de emergencias por incidentes, rescate vehicular, derrame de fluidos o accidentes durante maniobras de izaje con camiones gr\u00faa en la zona urbana e industrial.<\/p>\n                <a href=\"tel:119\" class=\"btn-urgencia\">Llamar al 119<\/a>\n                <a href=\"tel:6018250119\" class=\"btn-secundario\">Tel\u00e9fono: (601) 825 0119<\/a>\n            <\/div>\n        <\/article>\n\n        <article class=\"tarjeta\">\n            <div class=\"directorio-card-img-wrapper\">\n                <img decoding=\"async\" src=\"data:image\/svg+xml,%3Csvg xmlns='http:\/\/www.w3.org\/2000\/svg' viewBox='0 0 24 24' fill='none' stroke='%23dd6b20' stroke-width='2' stroke-linecap='round' stroke-linejoin='round'%3E%3Crect x='3' y='11' width='18' height='8' rx='2'\/%3E%3Ccircle cx='7' cy='19' r='2'\/%3E%3Ccircle cx='17' cy='19' r='2'\/%3E%3Cpath d='M3 11l2-5h14l2 5'\/%3E%3C\/svg%3E\" alt=\"Tr\u00e1nsito Icono\" width=\"90\" height=\"90\" loading=\"lazy\">\n            <\/div>\n            <div class=\"tarjeta-content\">\n                <h3>Secretar\u00eda de Tr\u00e1nsito y Transporte<\/h3>\n                <p>Autorizaci\u00f3n de cierres viales, control de tr\u00e1fico y reportes de accidentes o bloqueos que involucren maquinaria pesada en las v\u00edas del municipio y corredores principales.<\/p>\n                <a href=\"tel:6018250505\" class=\"btn-urgencia\">Llamar al (601) 825 0505<\/a>\n                <a href=\"https:\/\/www.madrid-cundinamarca.gov.co\" target=\"_blank\" rel=\"noopener noreferrer\" class=\"btn-secundario\">Sitio Web Oficial<\/a>\n            <\/div>\n        <\/article>\n\n        <article class=\"tarjeta\">\n            <div class=\"directorio-card-img-wrapper\">\n                <img decoding=\"async\" src=\"data:image\/svg+xml,%3Csvg xmlns='http:\/\/www.w3.org\/2000\/svg' viewBox='0 0 24 24' fill='none' stroke='%23e53e3e' stroke-width='2' stroke-linecap='round' stroke-linejoin='round'%3E%3Cpath d='M10 3v7H3v4h7v7h4v-7h7v-4h-7V3h-4z'\/%3E%3C\/svg%3E\" alt=\"Hospital Icono\" width=\"90\" height=\"90\" loading=\"lazy\">\n            <\/div>\n            <div class=\"tarjeta-content\">\n                <h3>Hospital Santa Matilde de Madrid<\/h3>\n                <p>Atenci\u00f3n m\u00e9dica de urgencias en caso de accidentes laborales, lesiones u otro tipo de eventualidades de salud durante la operaci\u00f3n de maquinaria en el municipio.<\/p>\n                <a href=\"tel:123\" class=\"btn-urgencia\">Llamar Emergencias<\/a>\n                <a href=\"https:\/\/www.esesantamatilde-madrid-cundinamarca.gov.co\/\" target=\"_blank\" rel=\"noopener noreferrer\" class=\"btn-secundario\">Sitio Web Oficial<\/a>\n            <\/div>\n        <\/article>\n\n        <article class=\"tarjeta\">\n            <div class=\"directorio-card-img-wrapper\">\n                <img decoding=\"async\" src=\"data:image\/svg+xml,%3Csvg xmlns='http:\/\/www.w3.org\/2000\/svg' viewBox='0 0 24 24' fill='none' stroke='%23d69e2e' stroke-width='2' stroke-linecap='round' stroke-linejoin='round'%3E%3Cpath d='M12 22s8-4 8-10V5l-8-3-8 3v7c0 6 8 10 8 10z'\/%3E%3C\/svg%3E\" alt=\"Defensa Civil Icono\" width=\"90\" height=\"90\" loading=\"lazy\">\n            <\/div>\n            <div class=\"tarjeta-content\">\n                <h3>Defensa Civil Madrid<\/h3>\n                <p>Apoyo t\u00e1ctico en labores de rescate, atenci\u00f3n prehospitalaria y manejo de emergencias a gran escala en zonas industriales, parques log\u00edsticos y \u00e1reas de construcci\u00f3n.<\/p>\n                <a href=\"tel:144\" class=\"btn-urgencia\">Llamar al 144<\/a>\n                <a href=\"https:\/\/www.defensacivil.gov.co\" target=\"_blank\" rel=\"noopener noreferrer\" class=\"btn-secundario\">Sitio Web Oficial<\/a>\n            <\/div>\n        <\/article>\n\n        <article class=\"tarjeta\">\n            <div class=\"directorio-card-img-wrapper\">\n                <img decoding=\"async\" src=\"data:image\/svg+xml,%3Csvg xmlns='http:\/\/www.w3.org\/2000\/svg' viewBox='0 0 24 24' fill='none' stroke='%233182ce' stroke-width='2' stroke-linecap='round' stroke-linejoin='round'%3E%3Cpath d='M14 2H6a2 2 0 0 0-2 2v16a2 2 0 0 0 2 2h12a2 2 0 0 0 2-2V8z'\/%3E%3Cpolyline points='14 2 14 8 20 8'\/%3E%3Cline x1='16' y1='13' x2='8' y2='13'\/%3E%3Cline x1='16' y1='17' x2='8' y2='17'\/%3E%3Cpolyline points='10 9 9 9 8 9'\/%3E%3C\/svg%3E\" alt=\"Planeaci\u00f3n Icono\" width=\"90\" height=\"90\" loading=\"lazy\">\n            <\/div>\n            <div class=\"tarjeta-content\">\n                <h3>Secretar\u00eda de Planeaci\u00f3n Municipal<\/h3>\n                <p>Entidad encargada de la verificaci\u00f3n de permisos de obra, invasi\u00f3n de espacio p\u00fablico y regulaciones para el uso de maquinaria pesada en proyectos del municipio.<\/p>\n                <a href=\"tel:6018250505\" class=\"btn-urgencia\">Llamar al (601) 825 0505<\/a>\n                <a href=\"https:\/\/www.madrid-cundinamarca.gov.co\" target=\"_blank\" rel=\"noopener noreferrer\" class=\"btn-secundario\">Sitio Web Oficial<\/a>\n            <\/div>\n        <\/article>\n\n        <article class=\"tarjeta\">\n            <div class=\"directorio-card-img-wrapper\">\n                <img decoding=\"async\" src=\"data:image\/svg+xml,%3Csvg xmlns='http:\/\/www.w3.org\/2000\/svg' viewBox='0 0 24 24' fill='none' stroke='%232c5282' stroke-width='2' stroke-linecap='round' stroke-linejoin='round'%3E%3Cpolygon points='12 2 15.09 8.26 22 9.27 17 14.14 18.18 21.02 12 17.77 5.82 21.02 7 14.14 2 9.27 8.91 8.26 12 2'\/%3E%3C\/svg%3E\" alt=\"Polic\u00eda Icono\" width=\"90\" height=\"90\" loading=\"lazy\">\n            <\/div>\n            <div class=\"tarjeta-content\">\n                <h3>Estaci\u00f3n de Polic\u00eda Madrid<\/h3>\n                <p>Acompa\u00f1amiento en seguridad perimetral, atenci\u00f3n de siniestros y control de orden p\u00fablico durante maniobras complejas en v\u00eda p\u00fablica y zonas log\u00edsticas.<\/p>\n                <a href=\"tel:112\" class=\"btn-urgencia\">Llamar al 112<\/a>\n                <a href=\"https:\/\/www.policia.gov.co\" target=\"_blank\" rel=\"noopener noreferrer\" class=\"btn-secundario\">Sitio Web Oficial<\/a>\n            <\/div>\n        <\/article>\n    <\/div>\n<\/div>\n\n<script type=\"application\/ld+json\">\n{\n  \"@context\": \"https:\/\/schema.org\",\n  \"@graph\": [\n    {\n      \"@type\": \"FireStation\",\n      \"name\": \"Bomberos Voluntarios de Madrid\",\n      \"description\": \"Atenci\u00f3n de emergencias y rescate para maquinaria pesada en Madrid, Cundinamarca.\",\n      \"telephone\": \"119\"\n    },\n    {\n      \"@type\": \"GovernmentOrganization\",\n      \"name\": \"Secretar\u00eda de Tr\u00e1nsito y Transporte Madrid\",\n      \"description\": \"Control de tr\u00e1fico y permisos viales para camiones gr\u00faa.\",\n      \"url\": \"https:\/\/www.madrid-cundinamarca.gov.co\",\n      \"telephone\": \"(601) 825 0505\"\n    },\n    {\n      \"@type\": \"Hospital\",\n      \"name\": \"Hospital Santa Matilde de Madrid\",\n      \"description\": \"Atenci\u00f3n m\u00e9dica de urgencias en Madrid.\",\n      \"url\": \"https:\/\/www.esesantamatilde-madrid-cundinamarca.gov.co\/\",\n      \"telephone\": \"123\"\n    },\n    {\n      \"@type\": \"NGO\",\n      \"name\": \"Defensa Civil Madrid\",\n      \"description\": \"Apoyo en rescate y manejo de emergencias a gran escala.\",\n      \"url\": \"https:\/\/www.defensacivil.gov.co\",\n      \"telephone\": \"144\"\n    },\n    {\n      \"@type\": \"GovernmentOrganization\",\n      \"name\": \"Secretar\u00eda de Planeaci\u00f3n Municipal Madrid\",\n      \"description\": \"Verificaci\u00f3n de permisos de obra y regulaciones espaciales.\",\n      \"url\": \"https:\/\/www.madrid-cundinamarca.gov.co\",\n      \"telephone\": \"(601) 825 0505\"\n    },\n    {\n      \"@type\": \"PoliceStation\",\n      \"name\": \"Estaci\u00f3n de Polic\u00eda Madrid\",\n      \"description\": \"Seguridad y control de orden p\u00fablico en maniobras de izaje.\",\n      \"url\": \"https:\/\/www.policia.gov.co\",\n      \"telephone\": \"112\"\n    }\n  ]\n}\n<\/script>\n","protected":false},"excerpt":{"rendered":"<p>Asegure precisi\u00f3n t\u00e9cnica en sus maniobras con equipos certificados. Obtenga asesor\u00eda experta en elevaci\u00f3n de cargas y optimice sus proyectos con m\u00e1xima seguridad.<\/p>\n","protected":false},"author":1,"featured_media":0,"comment_status":"open","ping_status":"open","sticky":false,"template":"","format":"standard","meta":{"_acf_changed":false,"footnotes":""},"categories":[50],"tags":[78,51,56,101],"class_list":["post-4120","post","type-post","status-publish","format-standard","hentry","category-servicios-izaje-carga","tag-equipos-certificados","tag-gruas-industriales","tag-plan-de-izaje","tag-resolucion-4272-2021"],"acf":[],"_links":{"self":[{"href":"https:\/\/www.geconexion.com.co\/alquiler\/wp-json\/wp\/v2\/posts\/4120","targetHints":{"allow":["GET"]}}],"collection":[{"href":"https:\/\/www.geconexion.com.co\/alquiler\/wp-json\/wp\/v2\/posts"}],"about":[{"href":"https:\/\/www.geconexion.com.co\/alquiler\/wp-json\/wp\/v2\/types\/post"}],"author":[{"embeddable":true,"href":"https:\/\/www.geconexion.com.co\/alquiler\/wp-json\/wp\/v2\/users\/1"}],"replies":[{"embeddable":true,"href":"https:\/\/www.geconexion.com.co\/alquiler\/wp-json\/wp\/v2\/comments?post=4120"}],"version-history":[{"count":6,"href":"https:\/\/www.geconexion.com.co\/alquiler\/wp-json\/wp\/v2\/posts\/4120\/revisions"}],"predecessor-version":[{"id":4191,"href":"https:\/\/www.geconexion.com.co\/alquiler\/wp-json\/wp\/v2\/posts\/4120\/revisions\/4191"}],"wp:attachment":[{"href":"https:\/\/www.geconexion.com.co\/alquiler\/wp-json\/wp\/v2\/media?parent=4120"}],"wp:term":[{"taxonomy":"category","embeddable":true,"href":"https:\/\/www.geconexion.com.co\/alquiler\/wp-json\/wp\/v2\/categories?post=4120"},{"taxonomy":"post_tag","embeddable":true,"href":"https:\/\/www.geconexion.com.co\/alquiler\/wp-json\/wp\/v2\/tags?post=4120"}],"curies":[{"name":"wp","href":"https:\/\/api.w.org\/{rel}","templated":true}]}}