{"id":4104,"date":"2026-04-03T20:35:54","date_gmt":"2026-04-03T20:35:54","guid":{"rendered":"https:\/\/www.geconexion.com.co\/alquiler\/?p=4104"},"modified":"2026-04-22T15:25:53","modified_gmt":"2026-04-22T15:25:53","slug":"alquiler-de-camion-grua-en-funza","status":"publish","type":"post","link":"https:\/\/www.geconexion.com.co\/alquiler\/alquiler-de-camion-grua-en-funza\/","title":{"rendered":"Alquiler de Cami\u00f3n Gr\u00faa en Funza &#8211; 7 Beneficios Impactantes"},"content":{"rendered":"\n<p>Optimice sus proyectos industriales con equipos de izaje de alta precisi\u00f3n y seguridad. Contamos con un <strong><a href=\"https:\/\/www.geconexion.com.co\/alquiler-de-camion-grua-bogota.html\" target=\"_blank\" rel=\"noreferrer noopener\">alquiler de cami\u00f3n gr\u00faa en Funza<\/a><\/strong> que garantiza maquinaria certificada y operarios expertos para agilizar sus movimientos de carga pesada de forma inmediata. <strong>Contrate ahora<\/strong> un servicio eficiente y transaccional dise\u00f1ado para cumplir con los cronogramas m\u00e1s exigentes de su obra.<\/p>\n\n\n\n<!--more LEER MAS-->\n\n\n\n<div id=\"ez-toc-container\" class=\"ez-toc-v2_0_82_2 counter-hierarchy ez-toc-counter ez-toc-light-blue ez-toc-container-direction\">\n<div class=\"ez-toc-title-container\">\n<p class=\"ez-toc-title\" style=\"cursor:inherit\">Indice<\/p>\n<span class=\"ez-toc-title-toggle\"><a href=\"#\" class=\"ez-toc-pull-right ez-toc-btn ez-toc-btn-xs ez-toc-btn-default ez-toc-toggle\" aria-label=\"Alternar tabla de contenidos\"><span class=\"ez-toc-js-icon-con\"><span class=\"\"><span class=\"eztoc-hide\" style=\"display:none;\">Toggle<\/span><span class=\"ez-toc-icon-toggle-span\"><svg style=\"fill: #999;color:#999\" xmlns=\"http:\/\/www.w3.org\/2000\/svg\" class=\"list-377408\" width=\"20px\" height=\"20px\" viewBox=\"0 0 24 24\" fill=\"none\"><path d=\"M6 6H4v2h2V6zm14 0H8v2h12V6zM4 11h2v2H4v-2zm16 0H8v2h12v-2zM4 16h2v2H4v-2zm16 0H8v2h12v-2z\" fill=\"currentColor\"><\/path><\/svg><svg style=\"fill: #999;color:#999\" class=\"arrow-unsorted-368013\" xmlns=\"http:\/\/www.w3.org\/2000\/svg\" width=\"10px\" height=\"10px\" viewBox=\"0 0 24 24\" version=\"1.2\" baseProfile=\"tiny\"><path d=\"M18.2 9.3l-6.2-6.3-6.2 6.3c-.2.2-.3.4-.3.7s.1.5.3.7c.2.2.4.3.7.3h11c.3 0 .5-.1.7-.3.2-.2.3-.5.3-.7s-.1-.5-.3-.7zM5.8 14.7l6.2 6.3 6.2-6.3c.2-.2.3-.5.3-.7s-.1-.5-.3-.7c-.2-.2-.4-.3-.7-.3h-11c-.3 0-.5.1-.7.3-.2.2-.3.5-.3.7s.1.5.3.7z\"\/><\/svg><\/span><\/span><\/span><\/a><\/span><\/div>\n<nav><ul class='ez-toc-list ez-toc-list-level-1 ' ><li class='ez-toc-page-1 ez-toc-heading-level-2'><a class=\"ez-toc-link ez-toc-heading-1\" href=\"https:\/\/www.geconexion.com.co\/alquiler\/alquiler-de-camion-grua-en-funza\/#7_Beneficios_de_contratar_un_alquiler_de_camion_grua_en_Funza_certificado\" >7 Beneficios de contratar un alquiler de cami\u00f3n gr\u00faa en Funza certificado<\/a><\/li><li class='ez-toc-page-1 ez-toc-heading-level-2'><a class=\"ez-toc-link ez-toc-heading-2\" href=\"https:\/\/www.geconexion.com.co\/alquiler\/alquiler-de-camion-grua-en-funza\/#Tipos_de_vehiculos_y_capacidad_de_carga_en_el_alquiler_de_camion_grua_en_Funza\" >Tipos de veh\u00edculos y capacidad de carga en el alquiler de cami\u00f3n gr\u00faa en Funza<\/a><\/li><li class='ez-toc-page-1 ez-toc-heading-level-2'><a class=\"ez-toc-link ez-toc-heading-3\" href=\"https:\/\/www.geconexion.com.co\/alquiler\/alquiler-de-camion-grua-en-funza\/#Guia_para_elegir_el_mejor_alquiler_de_camion_grua_en_Funza_segun_su_proyecto\" >Gu\u00eda para elegir el mejor alquiler de cami\u00f3n gr\u00faa en Funza seg\u00fan su proyecto<\/a><\/li><li class='ez-toc-page-1 ez-toc-heading-level-2'><a class=\"ez-toc-link ez-toc-heading-4\" href=\"https:\/\/www.geconexion.com.co\/alquiler\/alquiler-de-camion-grua-en-funza\/#Factores_que_determinan_el_precio_del_alquiler_de_camion_grua_en_Funza\" >Factores que determinan el precio del alquiler de cami\u00f3n gr\u00faa en Funza<\/a><\/li><li class='ez-toc-page-1 ez-toc-heading-level-2'><a class=\"ez-toc-link ez-toc-heading-5\" href=\"https:\/\/www.geconexion.com.co\/alquiler\/alquiler-de-camion-grua-en-funza\/#Modalidades_de_alquiler_de_camion_grua_en_Funza_horas_dias_o_meses\" >Modalidades de alquiler de cami\u00f3n gr\u00faa en Funza: horas, d\u00edas o meses<\/a><\/li><li class='ez-toc-page-1 ez-toc-heading-level-2'><a class=\"ez-toc-link ez-toc-heading-6\" href=\"https:\/\/www.geconexion.com.co\/alquiler\/alquiler-de-camion-grua-en-funza\/#Requisitos_para_el_alquiler_de_camion_grua_en_Funza_Personal_y_Terreno\" >Requisitos para el alquiler de cami\u00f3n gr\u00faa en Funza: Personal y Terreno<\/a><\/li><li class='ez-toc-page-1 ez-toc-heading-level-2'><a class=\"ez-toc-link ez-toc-heading-7\" href=\"https:\/\/www.geconexion.com.co\/alquiler\/alquiler-de-camion-grua-en-funza\/#Normativas_y_resoluciones_legales_para_el_alquiler_de_camion_grua_en_Funza\" >Normativas y resoluciones legales para el alquiler de cami\u00f3n gr\u00faa en Funza<\/a><\/li><li class='ez-toc-page-1 ez-toc-heading-level-2'><a class=\"ez-toc-link ez-toc-heading-8\" href=\"https:\/\/www.geconexion.com.co\/alquiler\/alquiler-de-camion-grua-en-funza\/#Beneficios_de_contratar_un_alquiler_de_camion_grua_en_Funza_certificado\" >Beneficios de contratar un alquiler de cami\u00f3n gr\u00faa en Funza certificado<\/a><\/li><li class='ez-toc-page-1 ez-toc-heading-level-2'><a class=\"ez-toc-link ez-toc-heading-9\" href=\"https:\/\/www.geconexion.com.co\/alquiler\/alquiler-de-camion-grua-en-funza\/#Preguntas_Frecuentes_sobre_el_alquiler_de_camion_grua_en_Funza\" >Preguntas Frecuentes sobre el alquiler de cami\u00f3n gr\u00faa en Funza<\/a><\/li><li class='ez-toc-page-1 ez-toc-heading-level-2'><a class=\"ez-toc-link ez-toc-heading-10\" href=\"https:\/\/www.geconexion.com.co\/alquiler\/alquiler-de-camion-grua-en-funza\/#Directorio_de_emergencias_para_alquiler_de_camion_grua_en_Funza\" >Directorio de emergencias para alquiler de cami\u00f3n gr\u00faa en Funza<\/a><\/li><\/ul><\/nav><\/div>\n<h2 class=\"wp-block-heading\"><span class=\"ez-toc-section\" id=\"7_Beneficios_de_contratar_un_alquiler_de_camion_grua_en_Funza_certificado\"><\/span>7 Beneficios de contratar un alquiler de cami\u00f3n gr\u00faa en Funza certificado<span class=\"ez-toc-section-end\"><\/span><\/h2>\n\n\n\n<p>Contar con el respaldo de equipos de izaje de alto rendimiento permite que sus proyectos industriales mantengan un flujo de trabajo continuo y sin interrupciones. Al integrar un <strong>servicio de brazo hidr\u00e1ulico<\/strong> en sus maniobras, su empresa asegura una precisi\u00f3n superior en el movimiento de estructuras, optimizando los recursos y garantizando que cada fase de la obra se ejecute con est\u00e1ndares de calidad profesional.<\/p>\n\n\n\n<h3 class=\"wp-block-heading\">\ud83d\udee1\ufe0f 1. Seguridad operacional garantizada<\/h3>\n\n\n\n<p>Cada maniobra se realiza bajo estrictos protocolos de seguridad, utilizando maquinaria con mantenimientos al d\u00eda para proteger la integridad de la carga y del personal en el sitio.<\/p>\n\n\n\n<h3 class=\"wp-block-heading\">\ud83d\udc77 2. Operadores certificados y expertos<\/h3>\n\n\n\n<p>El servicio incluye personal t\u00e9cnico altamente capacitado en el manejo de controles y estabilizadores, lo que reduce el riesgo de incidentes y asegura una ejecuci\u00f3n impecable.<\/p>\n\n\n\n<h3 class=\"wp-block-heading\">\ud83d\udccd 3. Versatilidad en espacios reducidos<\/h3>\n\n\n\n<p>La configuraci\u00f3n de nuestros equipos permite trabajar en \u00e1reas de dif\u00edcil acceso, facilitando el montaje y desmontaje de maquinaria pesada donde otros veh\u00edculos no pueden operar.<\/p>\n\n\n\n<h3 class=\"wp-block-heading\">\u23f1\ufe0f 4. Cumplimiento de cronogramas exigentes<\/h3>\n\n\n\n<p>La disponibilidad inmediata de los equipos asegura que su proyecto no sufra retrasos innecesarios, permitiendo que la log\u00edstica se alinee perfectamente con sus tiempos de entrega.<\/p>\n\n\n\n<h3 class=\"wp-block-heading\">\ud83d\udcc9 5. Reducci\u00f3n de costos operativos<\/h3>\n\n\n\n<p>Al contratar equipos modernos y eficientes, se minimiza el gasto en reparaciones imprevistas o en la contrataci\u00f3n de personal adicional para la manipulaci\u00f3n de materiales.<\/p>\n\n\n\n<h3 class=\"wp-block-heading\">\ud83c\udfd7\ufe0f 6. Capacidad de carga adaptable<\/h3>\n\n\n\n<p>Disponemos de una flota con diversas capacidades de tonelaje, lo que permite seleccionar la herramienta exacta para el peso y volumen espec\u00edfico de su mercanc\u00eda.<\/p>\n\n\n\n<h3 class=\"wp-block-heading\">\ud83d\udcde 7. Respaldo t\u00e9cnico especializado<\/h3>\n\n\n\n<p>Ofrecemos asesor\u00eda constante durante la prestaci\u00f3n del servicio para resolver cualquier requerimiento t\u00e9cnico, asegurando que el izaje se realice bajo las mejores condiciones posibles.<\/p>\n\n\n\n<h2 class=\"wp-block-heading\"><span class=\"ez-toc-section\" id=\"Tipos_de_vehiculos_y_capacidad_de_carga_en_el_alquiler_de_camion_grua_en_Funza\"><\/span>Tipos de veh\u00edculos y capacidad de carga en el alquiler de cami\u00f3n gr\u00faa en Funza<span class=\"ez-toc-section-end\"><\/span><\/h2>\n\n\n\n<p>La planificaci\u00f3n log\u00edstica de cualquier obra civil requiere de una flota diversificada que se adapte a las condiciones del terreno y al volumen de los materiales. Al optar por la <strong>contrataci\u00f3n de gr\u00faa planch\u00f3n<\/strong> o equipos articulados, su empresa accede a soluciones de transporte y elevaci\u00f3n integradas que agilizan el traslado de maquinaria pesada desde el punto de acopio hasta el lugar exacto de montaje con total seguridad.<\/p>\n\n\n\n<h3 class=\"wp-block-heading\">Tabla de capacidad de carga<\/h3>\n\n\n\n<figure class=\"wp-block-table\"><table class=\"has-fixed-layout\"><thead><tr><th>Tipo de Veh\u00edculo<\/th><th>Capacidad<\/th><th>Uso Principal<\/th><\/tr><\/thead><tbody><tr><td><strong>Cami\u00f3n Gr\u00faa Articulado<\/strong><\/td><td>3 a 15 Toneladas<\/td><td>Montaje de estructuras y espacios reducidos<\/td><\/tr><tr><td><strong>Gr\u00faa de Brazo Telesc\u00f3pico<\/strong><\/td><td>10 a 40 Toneladas<\/td><td>Izaje de gran altura y precisi\u00f3n industrial<\/td><\/tr><tr><td><strong>Cami\u00f3n Gr\u00faa Planch\u00f3n<\/strong><\/td><td>5 a 12 Toneladas<\/td><td>Transporte de maquinaria y auto-descarga<\/td><\/tr><tr><td><strong>Gr\u00faa Autocargable<\/strong><\/td><td>4 a 8 Toneladas<\/td><td>Log\u00edstica de materiales y carga de pallets<\/td><\/tr><tr><td><strong>Minigr\u00faa (Spider)<\/strong><\/td><td>1 a 3 Toneladas<\/td><td>Trabajos en interiores o suelos delicados<\/td><\/tr><tr><td><strong>Cami\u00f3n con Brazo Hidr\u00e1ulico<\/strong><\/td><td>12 a 25 Toneladas<\/td><td>Movimiento de contenedores y equipos pesados<\/td><\/tr><\/tbody><\/table><\/figure>\n\n\n\n<p>Seleccionar el equipo adecuado es vital para evitar sobrecostos y riesgos operativos. Contamos con una flota t\u00e9cnica verificada que asegura que cada tonelada sea manipulada bajo los m\u00e1s altos est\u00e1ndares de eficiencia y normatividad vigente.<\/p>\n\n\n\n<h2 class=\"wp-block-heading\"><span class=\"ez-toc-section\" id=\"Guia_para_elegir_el_mejor_alquiler_de_camion_grua_en_Funza_segun_su_proyecto\"><\/span>Gu\u00eda para elegir el mejor alquiler de cami\u00f3n gr\u00faa en Funza seg\u00fan su proyecto<span class=\"ez-toc-section-end\"><\/span><\/h2>\n\n\n\n<p>La correcta selecci\u00f3n de la maquinaria de izado es un factor determinante para el \u00e9xito financiero y operativo de cualquier obra civil. Al realizar una <strong>operaci\u00f3n de cami\u00f3n con gr\u00faa<\/strong> en entornos industriales complejos, es imperativo evaluar no solo la capacidad nominal de carga, sino tambi\u00e9n el radio de giro y la altura m\u00e1xima requerida, asegurando que el equipo elegido se adapte milim\u00e9tricamente a las condiciones geogr\u00e1ficas y t\u00e9cnicas de su terreno en Funza.<\/p>\n\n\n\n<ul class=\"wp-block-list\">\n<li><strong>\ud83d\udccf An\u00e1lisis de carga y radio<\/strong><br>Verifique el peso exacto del material y la distancia horizontal desde el centro de la gr\u00faa hasta el punto de descarga final.<\/li>\n\n\n\n<li><strong>\ud83c\udfd7\ufe0f Tipo de terreno<\/strong><br>Eval\u00fae si la superficie es firme o requiere placas de apoyo especiales para garantizar la estabilidad total de los estabilizadores hidr\u00e1ulicos.<\/li>\n\n\n\n<li><strong>\ud83d\udee0\ufe0f Accesorios de izaje<\/strong><br>Confirme que el servicio incluya eslingas, grilletes y balancines certificados que cumplan con las normas de seguridad industrial vigentes.<\/li>\n\n\n\n<li><strong>\ud83d\udcd1 Certificaciones legales<\/strong><br>Aseg\u00farese de que tanto el equipo como el operador cuenten con las licencias y seguros exigidos por las autoridades locales y nacionales.<\/li>\n\n\n\n<li><strong>\ud83d\udee3\ufe0f Accesibilidad del sitio<\/strong><br>Analice las dimensiones de las v\u00edas de ingreso para determinar si es preferible un equipo articulado de chasis corto o una gr\u00faa telesc\u00f3pica de mayor alcance.<\/li>\n<\/ul>\n\n\n\n<p>Una elecci\u00f3n basada en datos t\u00e9cnicos previene incidentes y sobrecostos por tiempos de espera o re-procesos. Contar con asesor\u00eda especializada desde la fase de planeaci\u00f3n garantiza que su inversi\u00f3n se traduzca en una ejecuci\u00f3n impecable y segura de principio a fin.<\/p>\n\n\n\n<h2 class=\"wp-block-heading\"><span class=\"ez-toc-section\" id=\"Factores_que_determinan_el_precio_del_alquiler_de_camion_grua_en_Funza\"><\/span>Factores que determinan el precio del alquiler de cami\u00f3n gr\u00faa en Funza<span class=\"ez-toc-section-end\"><\/span><\/h2>\n\n\n\n<p>El presupuesto de una obra depende directamente de una planificaci\u00f3n log\u00edstica transparente que evite sobrecostos imprevistos. Al evaluar la <strong>log\u00edstica de levantamiento industrial<\/strong>, es crucial considerar variables como la distancia de desplazamiento, el tonelaje real y el tiempo de operaci\u00f3n efectiva, factores que permiten estructurar un costo competitivo alineado con la complejidad t\u00e9cnica y los est\u00e1ndares de seguridad de su proyecto en la zona.<\/p>\n\n\n\n<h3 class=\"wp-block-heading\">\u23f3 1. Duraci\u00f3n y turnos de operaci\u00f3n<\/h3>\n\n\n\n<p>El costo var\u00eda significativamente si el servicio se requiere por horas, d\u00edas o mensualidades. Las jornadas nocturnas o en d\u00edas festivos suelen tener recargos adicionales debido a la disponibilidad del personal t\u00e9cnico.<\/p>\n\n\n\n<h3 class=\"wp-block-heading\">\ud83c\udfcb\ufe0f 2. Capacidad de carga requerida<\/h3>\n\n\n\n<p>A mayor tonelaje y alcance del brazo, el valor del alquiler aumenta. Seleccionar la maquinaria exacta para el peso de su mercanc\u00eda evita pagar por una capacidad ociosa que no ser\u00e1 utilizada en la maniobra.<\/p>\n\n\n\n<h3 class=\"wp-block-heading\">\ud83d\udee3\ufe0f 3. Distancia de traslado y peajes<\/h3>\n\n\n\n<p>El punto de origen de la maquinaria hasta el sitio de la obra en Funza influye en el precio final. Los costos de movilizaci\u00f3n y el consumo de combustible son proporcionales a la distancia recorrida por el equipo pesado.<\/p>\n\n\n\n<h3 class=\"wp-block-heading\">\ud83d\udc77 4. Certificaciones y seguros especiales<\/h3>\n\n\n\n<p>Contar con equipos que posean p\u00f3lizas de responsabilidad civil y certificaciones de izaje vigentes puede variar la tarifa, pero garantiza un respaldo legal y operativo total ante cualquier eventualidad en el sitio de trabajo.<\/p>\n\n\n\n<h3 class=\"wp-block-heading\">\ud83d\udee0\ufe0f 5. Accesorios y equipos complementarios<\/h3>\n\n\n\n<p>El uso de balancines, canastas para personal o eslingas de alta resistencia impacta en la cotizaci\u00f3n. Definir previamente qu\u00e9 elementos adicionales se necesitan asegura un precio cerrado y sin sorpresas posteriores.<\/p>\n\n\n\n<h2 class=\"wp-block-heading\"><span class=\"ez-toc-section\" id=\"Modalidades_de_alquiler_de_camion_grua_en_Funza_horas_dias_o_meses\"><\/span>Modalidades de alquiler de cami\u00f3n gr\u00faa en Funza: horas, d\u00edas o meses<span class=\"ez-toc-section-end\"><\/span><\/h2>\n\n\n\n<p>La flexibilidad en la contrataci\u00f3n permite que cada empresa ajuste sus costos fijos a las necesidades reales de su cronograma de obra. Al integrar un <strong>suministro de maquinaria de izado<\/strong> bajo demanda, usted garantiza que el equipo est\u00e9 presente \u00fanicamente durante las fases cr\u00edticas de montaje o cargue, evitando tiempos muertos y optimizando el flujo de caja de sus proyectos industriales en la regi\u00f3n.<\/p>\n\n\n\n<h3 class=\"wp-block-heading\">Opciones de contrataci\u00f3n seg\u00fan su necesidad<\/h3>\n\n\n\n<figure class=\"wp-block-table\"><table class=\"has-fixed-layout\"><thead><tr><th>Modalidad<\/th><th>Uso Recomendado<\/th><th>Beneficio Principal<\/th><\/tr><\/thead><tbody><tr><td><strong>Por Horas<\/strong><\/td><td>Izajes puntuales o descargue de contenedores.<\/td><td>Pago exacto por el uso operativo.<\/td><\/tr><tr><td><strong>Por Jornada (8h)<\/strong><\/td><td>Montajes de estructuras o traslados internos.<\/td><td>Mayor rendimiento por turno de trabajo.<\/td><\/tr><tr><td><strong>Semanal<\/strong><\/td><td>Proyectos de construcci\u00f3n de mediana escala.<\/td><td>Prioridad en la disponibilidad del equipo.<\/td><\/tr><tr><td><strong>Mensual<\/strong><\/td><td>Obras civiles de largo aliento e industria.<\/td><td>Tarifa preferencial y costos fijos reducidos.<\/td><\/tr><\/tbody><\/table><\/figure>\n\n\n\n<p>Seleccionar la modalidad adecuada depende directamente de la complejidad de la maniobra y de la preparaci\u00f3n previa del terreno. Contamos con planes personalizados que aseguran el respaldo t\u00e9cnico necesario, permitiendo que su log\u00edstica de levantamiento se ejecute sin retrasos y con la m\u00e1xima eficiencia econ\u00f3mica.<\/p>\n\n\n\n<h2 class=\"wp-block-heading\"><span class=\"ez-toc-section\" id=\"Requisitos_para_el_alquiler_de_camion_grua_en_Funza_Personal_y_Terreno\"><\/span>Requisitos para el alquiler de cami\u00f3n gr\u00faa en Funza: Personal y Terreno<span class=\"ez-toc-section-end\"><\/span><\/h2>\n\n\n\n<p>La preparaci\u00f3n adecuada del sitio de trabajo es el primer paso para garantizar una maniobra libre de riesgos y retrasos. Al coordinar un <strong>movimiento de carga pesada<\/strong>, es indispensable que el \u00e1rea de operaci\u00f3n cumpla con especificaciones t\u00e9cnicas que soporten el peso del equipo y permitan el despliegue total de los estabilizadores, asegurando que la log\u00edstica se desarrolle bajo los m\u00e1s estrictos est\u00e1ndares de ingenier\u00eda y seguridad industrial.<\/p>\n\n\n\n<ol class=\"wp-block-list\">\n<li><strong>\ud83c\udfd7\ufe0f Firmeza del suelo:<\/strong> El terreno debe estar debidamente compactado y nivelado para evitar hundimientos durante el izaje de los materiales.<\/li>\n\n\n\n<li><strong>\ud83d\udcd0 Espacio de maniobra:<\/strong> Se requiere un \u00e1rea despejada de obst\u00e1culos a\u00e9reos (cables de alta tensi\u00f3n) y terrestres que permitan el giro del brazo.<\/li>\n\n\n\n<li><strong>\ud83e\udeaa Documentaci\u00f3n del personal:<\/strong> Todo operario debe contar con seguridad social vigente (ARL, EPS) y certificaci\u00f3n para trabajos en alturas si aplica.<\/li>\n\n\n\n<li><strong>\ud83d\udccb Permisos locales:<\/strong> Verifique si el ingreso del veh\u00edculo pesado al sector de Funza requiere permisos especiales de movilidad o cierre de v\u00edas.<\/li>\n\n\n\n<li><strong>\ud83d\udd10 Puntos de anclaje:<\/strong> La carga debe poseer puntos de sujeci\u00f3n definidos y seguros para el uso de eslingas o cadenas certificadas.<\/li>\n<\/ol>\n\n\n\n<p>El cumplimiento de estos requisitos previos no solo agiliza la entrada en operaci\u00f3n de la maquinaria, sino que blinda legalmente a su empresa ante cualquier inspecci\u00f3n. Contar con un entorno de trabajo preparado reduce significativamente el tiempo de alquiler y maximiza la productividad de su jornada laboral.<\/p>\n\n\n\n<h2 class=\"wp-block-heading\"><span class=\"ez-toc-section\" id=\"Normativas_y_resoluciones_legales_para_el_alquiler_de_camion_grua_en_Funza\"><\/span>Normativas y resoluciones legales para el alquiler de cami\u00f3n gr\u00faa en Funza<span class=\"ez-toc-section-end\"><\/span><\/h2>\n\n\n\n<p>El cumplimiento de la <strong><a href=\"https:\/\/www.alcaldiabogota.gov.co\/sisjur\/normas\/Norma1.jsp?i=22132\" target=\"_blank\" rel=\"noreferrer noopener\">Resoluci\u00f3n 4959 de 2006<\/a><\/strong> es obligatorio para el tr\u00e1nsito de veh\u00edculos con carga extrapesada y sobredimensionada en el territorio nacional. Al contratar un suministro de maquinaria de izado, su empresa debe verificar que el equipo cuente con los permisos de carga vigentes y el Registro Nacional de Despacho de Carga (RNDC), asegurando que la movilizaci\u00f3n por las v\u00edas principales de Cundinamarca se realice bajo el amparo de la ley y sin riesgos de inmovilizaciones preventivas.<\/p>\n\n\n\n<p>Asimismo, la <strong><a href=\"https:\/\/share.google\/5RoUqfxM7I2J2aEzC\" target=\"_blank\" rel=\"noreferrer noopener\">Resoluci\u00f3n 4272 de 2021<\/a><\/strong> establece los requisitos m\u00ednimos de seguridad para el trabajo en alturas y operaciones de levantamiento mec\u00e1nico en Colombia. Es imperativo que el <strong>alquiler de cami\u00f3n gr\u00faa en Funza<\/strong> incluya operarios certificados con curso de alturas vigente y licencias de conducci\u00f3n categor\u00eda C2 o C3, garantizando que cada maniobra industrial cumpla con los est\u00e1ndares de seguridad y salud en el trabajo exigidos por el Ministerio del Trabajo para prevenir incidentes en la obra.<\/p>\n\n\n\n<h2 class=\"wp-block-heading\"><span class=\"ez-toc-section\" id=\"Beneficios_de_contratar_un_alquiler_de_camion_grua_en_Funza_certificado\"><\/span>Beneficios de contratar un alquiler de cami\u00f3n gr\u00faa en Funza certificado<span class=\"ez-toc-section-end\"><\/span><\/h2>\n\n\n\n<p>La seguridad en las maniobras de levantamiento es una prioridad que no admite improvisaciones en el sector industrial de la sabana. Al garantizar que sus proyectos cuenten con <strong>gr\u00faas autocargables certificadas<\/strong>, su empresa no solo cumple con las exigencias de las aseguradoras, sino que blinda toda la operaci\u00f3n contra fallas mec\u00e1nicas imprevistas, permitiendo que el flujo de trabajo se mantenga constante y bajo los m\u00e1s altos est\u00e1ndares de eficiencia t\u00e9cnica y legal.<\/p>\n\n\n\n<ul class=\"wp-block-list\">\n<li>\u2705 <strong>Garant\u00eda de mantenimiento:<\/strong> Equipos con hojas de vida actualizadas y pruebas de carga vigentes para evitar accidentes en el sitio.<\/li>\n\n\n\n<li>\u2705 <strong>Respaldo de p\u00f3lizas:<\/strong> Cobertura total de responsabilidad civil extracontractual que protege su patrimonio ante cualquier eventualidad operativa.<\/li>\n\n\n\n<li>\u2705 <strong>Personal calificado:<\/strong> Operadores con competencias certificadas por entes nacionales, expertos en el manejo de tablas de carga y se\u00f1ales de izaje.<\/li>\n\n\n\n<li>\u2705 <strong>Calidad en los accesorios:<\/strong> Uso exclusivo de eslingas, grilletes y estrobos con certificaci\u00f3n de f\u00e1brica para asegurar la integridad de la mercanc\u00eda.<\/li>\n<\/ul>\n\n\n\n<h2 class=\"wp-block-heading\"><span class=\"ez-toc-section\" id=\"Preguntas_Frecuentes_sobre_el_alquiler_de_camion_grua_en_Funza\"><\/span>Preguntas Frecuentes sobre el alquiler de cami\u00f3n gr\u00faa en Funza<span class=\"ez-toc-section-end\"><\/span><\/h2>\n\n\n\n<div data-wp-context=\"{ &quot;autoclose&quot;: true, &quot;accordionItems&quot;: [] }\" data-wp-interactive=\"core\/accordion\" role=\"group\" class=\"wp-block-accordion has-background is-layout-flow wp-block-accordion-is-layout-flow\" style=\"background-color:#f0f8ff\">\n<div data-wp-class--is-open=\"state.isOpen\" data-wp-context=\"{ &quot;id&quot;: &quot;accordion-item-1&quot;, &quot;openByDefault&quot;: false }\" data-wp-init=\"callbacks.initAccordionItems\" data-wp-on-window--hashchange=\"callbacks.hashChange\" class=\"wp-block-accordion-item is-layout-flow wp-block-accordion-item-is-layout-flow\">\n<h3 class=\"wp-block-accordion-heading\"><button aria-expanded=\"false\" aria-controls=\"accordion-item-1-panel\" data-wp-bind--aria-expanded=\"state.isOpen\" data-wp-on--click=\"actions.toggle\" data-wp-on--keydown=\"actions.handleKeyDown\" id=\"accordion-item-1\" type=\"button\" class=\"wp-block-accordion-heading__toggle\"><span class=\"wp-block-accordion-heading__toggle-title\">1. \u00bfQu\u00e9 incluye el servicio b\u00e1sico de alquiler?<\/span><span class=\"wp-block-accordion-heading__toggle-icon\" aria-hidden=\"true\">+<\/span><\/button><\/h3>\n\n\n\n<div inert aria-labelledby=\"accordion-item-1\" data-wp-bind--inert=\"!state.isOpen\" id=\"accordion-item-1-panel\" role=\"region\" class=\"wp-block-accordion-panel is-layout-flow wp-block-accordion-panel-is-layout-flow\">\n<p>El servicio est\u00e1ndar contempla la disponibilidad de la maquinaria, el combustible necesario para la operaci\u00f3n en sitio y el acompa\u00f1amiento de un operador certificado para ejecutar las maniobras de izaje.<\/p>\n<\/div>\n<\/div>\n<\/div>\n\n\n\n<div data-wp-context=\"{ &quot;autoclose&quot;: true, &quot;accordionItems&quot;: [] }\" data-wp-interactive=\"core\/accordion\" role=\"group\" class=\"wp-block-accordion has-background is-layout-flow wp-block-accordion-is-layout-flow\" style=\"background-color:#f0f8ff\">\n<div data-wp-class--is-open=\"state.isOpen\" data-wp-context=\"{ &quot;id&quot;: &quot;accordion-item-2&quot;, &quot;openByDefault&quot;: false }\" data-wp-init=\"callbacks.initAccordionItems\" data-wp-on-window--hashchange=\"callbacks.hashChange\" class=\"wp-block-accordion-item is-layout-flow wp-block-accordion-item-is-layout-flow\">\n<h3 class=\"wp-block-accordion-heading\"><button aria-expanded=\"false\" aria-controls=\"accordion-item-2-panel\" data-wp-bind--aria-expanded=\"state.isOpen\" data-wp-on--click=\"actions.toggle\" data-wp-on--keydown=\"actions.handleKeyDown\" id=\"accordion-item-2\" type=\"button\" class=\"wp-block-accordion-heading__toggle\"><span class=\"wp-block-accordion-heading__toggle-title\">2. \u00bfCu\u00e1l es el tiempo m\u00ednimo para contratar un alquiler de cami\u00f3n gr\u00faa en Funza?<\/span><span class=\"wp-block-accordion-heading__toggle-icon\" aria-hidden=\"true\">+<\/span><\/button><\/h3>\n\n\n\n<div inert aria-labelledby=\"accordion-item-2\" data-wp-bind--inert=\"!state.isOpen\" id=\"accordion-item-2-panel\" role=\"region\" class=\"wp-block-accordion-panel is-layout-flow wp-block-accordion-panel-is-layout-flow\">\n<p>La mayor\u00eda de los servicios se programan por jornadas m\u00ednimas de 4 a 8 horas, dependiendo de la complejidad de la carga y la ubicaci\u00f3n exacta de su proyecto industrial.<\/p>\n<\/div>\n<\/div>\n<\/div>\n\n\n\n<div data-wp-context=\"{ &quot;autoclose&quot;: true, &quot;accordionItems&quot;: [] }\" data-wp-interactive=\"core\/accordion\" role=\"group\" class=\"wp-block-accordion has-background is-layout-flow wp-block-accordion-is-layout-flow\" style=\"background-color:#f0f8ff\">\n<div data-wp-class--is-open=\"state.isOpen\" data-wp-context=\"{ &quot;id&quot;: &quot;accordion-item-3&quot;, &quot;openByDefault&quot;: false }\" data-wp-init=\"callbacks.initAccordionItems\" data-wp-on-window--hashchange=\"callbacks.hashChange\" class=\"wp-block-accordion-item is-layout-flow wp-block-accordion-item-is-layout-flow\">\n<h3 class=\"wp-block-accordion-heading\"><button aria-expanded=\"false\" aria-controls=\"accordion-item-3-panel\" data-wp-bind--aria-expanded=\"state.isOpen\" data-wp-on--click=\"actions.toggle\" data-wp-on--keydown=\"actions.handleKeyDown\" id=\"accordion-item-3\" type=\"button\" class=\"wp-block-accordion-heading__toggle\"><span class=\"wp-block-accordion-heading__toggle-title\">3. \u00bfEs necesario realizar una visita t\u00e9cnica previa?<\/span><span class=\"wp-block-accordion-heading__toggle-icon\" aria-hidden=\"true\">+<\/span><\/button><\/h3>\n\n\n\n<div inert aria-labelledby=\"accordion-item-3\" data-wp-bind--inert=\"!state.isOpen\" id=\"accordion-item-3-panel\" role=\"region\" class=\"wp-block-accordion-panel is-layout-flow wp-block-accordion-panel-is-layout-flow\">\n<p>S\u00ed, es altamente recomendable para evaluar las condiciones del terreno, identificar obst\u00e1culos a\u00e9reos y determinar con exactitud el equipo necesario para la capacidad de carga requerida.<\/p>\n<\/div>\n<\/div>\n<\/div>\n\n\n\n<div data-wp-context=\"{ &quot;autoclose&quot;: true, &quot;accordionItems&quot;: [] }\" data-wp-interactive=\"core\/accordion\" role=\"group\" class=\"wp-block-accordion has-background is-layout-flow wp-block-accordion-is-layout-flow\" style=\"background-color:#f0f8ff\">\n<div data-wp-class--is-open=\"state.isOpen\" data-wp-context=\"{ &quot;id&quot;: &quot;accordion-item-4&quot;, &quot;openByDefault&quot;: false }\" data-wp-init=\"callbacks.initAccordionItems\" data-wp-on-window--hashchange=\"callbacks.hashChange\" class=\"wp-block-accordion-item is-layout-flow wp-block-accordion-item-is-layout-flow\">\n<h3 class=\"wp-block-accordion-heading\"><button aria-expanded=\"false\" aria-controls=\"accordion-item-4-panel\" data-wp-bind--aria-expanded=\"state.isOpen\" data-wp-on--click=\"actions.toggle\" data-wp-on--keydown=\"actions.handleKeyDown\" id=\"accordion-item-4\" type=\"button\" class=\"wp-block-accordion-heading__toggle\"><span class=\"wp-block-accordion-heading__toggle-title\">4. \u00bfLos operadores cuentan con certificaciones vigentes?<\/span><span class=\"wp-block-accordion-heading__toggle-icon\" aria-hidden=\"true\">+<\/span><\/button><\/h3>\n\n\n\n<div inert aria-labelledby=\"accordion-item-4\" data-wp-bind--inert=\"!state.isOpen\" id=\"accordion-item-4-panel\" role=\"region\" class=\"wp-block-accordion-panel is-layout-flow wp-block-accordion-panel-is-layout-flow\">\n<p>Absolutamente. Todo el personal t\u00e9cnico posee certificaciones de competencias laborales y cursos de alturas actualizados, cumpliendo con la normativa de seguridad y salud en el trabajo.<\/p>\n<\/div>\n<\/div>\n<\/div>\n\n\n\n<div data-wp-context=\"{ &quot;autoclose&quot;: true, &quot;accordionItems&quot;: [] }\" data-wp-interactive=\"core\/accordion\" role=\"group\" class=\"wp-block-accordion has-background is-layout-flow wp-block-accordion-is-layout-flow\" style=\"background-color:#f0f8ff\">\n<div data-wp-class--is-open=\"state.isOpen\" data-wp-context=\"{ &quot;id&quot;: &quot;accordion-item-5&quot;, &quot;openByDefault&quot;: false }\" data-wp-init=\"callbacks.initAccordionItems\" data-wp-on-window--hashchange=\"callbacks.hashChange\" class=\"wp-block-accordion-item is-layout-flow wp-block-accordion-item-is-layout-flow\">\n<h3 class=\"wp-block-accordion-heading\"><button aria-expanded=\"false\" aria-controls=\"accordion-item-5-panel\" data-wp-bind--aria-expanded=\"state.isOpen\" data-wp-on--click=\"actions.toggle\" data-wp-on--keydown=\"actions.handleKeyDown\" id=\"accordion-item-5\" type=\"button\" class=\"wp-block-accordion-heading__toggle\"><span class=\"wp-block-accordion-heading__toggle-title\">5. \u00bfQu\u00e9 documentos debo presentar para la contrataci\u00f3n?<\/span><span class=\"wp-block-accordion-heading__toggle-icon\" aria-hidden=\"true\">+<\/span><\/button><\/h3>\n\n\n\n<div inert aria-labelledby=\"accordion-item-5\" data-wp-bind--inert=\"!state.isOpen\" id=\"accordion-item-5-panel\" role=\"region\" class=\"wp-block-accordion-panel is-layout-flow wp-block-accordion-panel-is-layout-flow\">\n<p>Generalmente se requiere el RUT de la empresa, la orden de servicio debidamente firmada y los datos del responsable de seguridad industrial en la obra o bodega.<\/p>\n<\/div>\n<\/div>\n<\/div>\n\n\n\n<div data-wp-context=\"{ &quot;autoclose&quot;: true, &quot;accordionItems&quot;: [] }\" data-wp-interactive=\"core\/accordion\" role=\"group\" class=\"wp-block-accordion has-background is-layout-flow wp-block-accordion-is-layout-flow\" style=\"background-color:#f0f8ff\">\n<div data-wp-class--is-open=\"state.isOpen\" data-wp-context=\"{ &quot;id&quot;: &quot;accordion-item-6&quot;, &quot;openByDefault&quot;: false }\" data-wp-init=\"callbacks.initAccordionItems\" data-wp-on-window--hashchange=\"callbacks.hashChange\" class=\"wp-block-accordion-item is-layout-flow wp-block-accordion-item-is-layout-flow\">\n<h3 class=\"wp-block-accordion-heading\"><button aria-expanded=\"false\" aria-controls=\"accordion-item-6-panel\" data-wp-bind--aria-expanded=\"state.isOpen\" data-wp-on--click=\"actions.toggle\" data-wp-on--keydown=\"actions.handleKeyDown\" id=\"accordion-item-6\" type=\"button\" class=\"wp-block-accordion-heading__toggle\"><span class=\"wp-block-accordion-heading__toggle-title\">6. \u00bfEl servicio incluye seguros de responsabilidad civil?<\/span><span class=\"wp-block-accordion-heading__toggle-icon\" aria-hidden=\"true\">+<\/span><\/button><\/h3>\n\n\n\n<div inert aria-labelledby=\"accordion-item-6\" data-wp-bind--inert=\"!state.isOpen\" id=\"accordion-item-6-panel\" role=\"region\" class=\"wp-block-accordion-panel is-layout-flow wp-block-accordion-panel-is-layout-flow\">\n<p>Todos nuestros equipos operan bajo p\u00f3lizas de responsabilidad civil extracontractual, brindando un respaldo integral ante cualquier eventualidad que pueda ocurrir durante la manipulaci\u00f3n de la carga.<\/p>\n<\/div>\n<\/div>\n<\/div>\n\n\n\n<div data-wp-context=\"{ &quot;autoclose&quot;: true, &quot;accordionItems&quot;: [] }\" data-wp-interactive=\"core\/accordion\" role=\"group\" class=\"wp-block-accordion has-background is-layout-flow wp-block-accordion-is-layout-flow\" style=\"background-color:#f0f8ff\">\n<div data-wp-class--is-open=\"state.isOpen\" data-wp-context=\"{ &quot;id&quot;: &quot;accordion-item-7&quot;, &quot;openByDefault&quot;: false }\" data-wp-init=\"callbacks.initAccordionItems\" data-wp-on-window--hashchange=\"callbacks.hashChange\" class=\"wp-block-accordion-item is-layout-flow wp-block-accordion-item-is-layout-flow\">\n<h3 class=\"wp-block-accordion-heading\"><button aria-expanded=\"false\" aria-controls=\"accordion-item-7-panel\" data-wp-bind--aria-expanded=\"state.isOpen\" data-wp-on--click=\"actions.toggle\" data-wp-on--keydown=\"actions.handleKeyDown\" id=\"accordion-item-7\" type=\"button\" class=\"wp-block-accordion-heading__toggle\"><span class=\"wp-block-accordion-heading__toggle-title\">7. \u00bfPuedo solicitar un alquiler de cami\u00f3n gr\u00faa en Funza para trabajos nocturnos?<\/span><span class=\"wp-block-accordion-heading__toggle-icon\" aria-hidden=\"true\">+<\/span><\/button><\/h3>\n\n\n\n<div inert aria-labelledby=\"accordion-item-7\" data-wp-bind--inert=\"!state.isOpen\" id=\"accordion-item-7-panel\" role=\"region\" class=\"wp-block-accordion-panel is-layout-flow wp-block-accordion-panel-is-layout-flow\">\n<p>S\u00ed, ofrecemos disponibilidad para operaciones en horarios especiales o nocturnos, previa coordinaci\u00f3n log\u00edstica para garantizar el cumplimiento de los protocolos de iluminaci\u00f3n y seguridad vial.<\/p>\n<\/div>\n<\/div>\n<\/div>\n\n\n\n<div style=\"height:33px\" aria-hidden=\"true\" class=\"wp-block-spacer\"><\/div>\n\n\n\n<h3 class=\"wp-block-heading has-text-align-center\">\u00a1Contrate Su Alquiler De Cami\u00f3n Gr\u00faa Ahora!<\/h3>\n\n\n\n<p class=\"has-text-align-center\">Optimice sus proyectos industriales con un <strong>alquiler de cami\u00f3n gr\u00faa en Funza<\/strong> que garantiza seguridad y cumplimiento t\u00e9cnico inmediato.<\/p>\n\n\n\n<div class=\"wp-block-buttons is-content-justification-center is-layout-flex wp-container-core-buttons-is-layout-16018d1d wp-block-buttons-is-layout-flex\">\n<div class=\"wp-block-button\"><a class=\"wp-block-button__link has-vivid-green-cyan-background-color has-background wp-element-button\" href=\"https:\/\/api.whatsapp.com\/send\/?phone=573103093137&amp;text=Hola+&amp;type=phone_number&amp;app_absent=0\" target=\"_blank\" rel=\"noreferrer noopener\"><strong>\u00a1Solicitar Cotizaci\u00f3n Ya!<\/strong><\/a><\/div>\n<\/div>\n\n\n\n<div style=\"height:35px\" aria-hidden=\"true\" class=\"wp-block-spacer\"><\/div>\n\n\n\n<iframe src=\"https:\/\/www.google.com\/maps\/embed?pb=!1m18!1m12!1m3!1d31810.52196649365!2d-74.22837105537783!3d4.7151983174323115!2m3!1f0!2f0!3f0!3m2!1i1024!2i768!4f13.1!3m3!1m2!1s0x8e3f82a935a650d5%3A0x7bcbcfe2307bb094!2sFunza%2C%20Cundinamarca!5e0!3m2!1ses-419!2sco!4v1775252111843!5m2!1ses-419!2sco\" width=\"100%\" height=\"350\" style=\"border:0;\" allowfullscreen=\"\" loading=\"lazy\" referrerpolicy=\"no-referrer-when-downgrade\"><\/iframe>\n\n\n\n<style>\n.directorio-gruas-funza {\n    font-family: system-ui, -apple-system, BlinkMacSystemFont, \"Segoe UI\", Roboto, Oxygen, Ubuntu, Cantarell, \"Open Sans\", \"Helvetica Neue\", sans-serif;\n    margin: 2rem 0;\n    box-sizing: border-box;\n}\n.directorio-gruas-funza * {\n    box-sizing: inherit;\n}\n.directorio-gruas-funza h2 {\n    text-align: center;\n    color: #1a202c;\n    font-size: 2rem;\n    margin-bottom: 2rem;\n    font-weight: 700;\n}\n.directorio-grid {\n    display: grid;\n    grid-template-columns: 1fr;\n    gap: 1.5rem;\n}\n@media (min-width: 768px) {\n    .directorio-grid {\n        grid-template-columns: repeat(2, 1fr);\n    }\n}\n@media (min-width: 1024px) {\n    .directorio-grid {\n        grid-template-columns: repeat(3, 1fr);\n    }\n}\n.tarjeta {\n    background-color: #ffffff;\n    border-radius: 12px;\n    box-shadow: 0 4px 6px -1px rgba(0, 0, 0, 0.1), 0 2px 4px -1px rgba(0, 0, 0, 0.06);\n    overflow: hidden;\n    transition: transform 0.3s ease, box-shadow 0.3s ease;\n    display: flex;\n    flex-direction: column;\n}\n.tarjeta:hover {\n    transform: translateY(-8px);\n    box-shadow: 0 20px 25px -5px rgba(0, 0, 0, 0.1), 0 10px 10px -5px rgba(0, 0, 0, 0.04);\n}\n.directorio-card-img-wrapper {\n    background-color: #f7fafc;\n    height: 180px;\n    display: flex;\n    align-items: center;\n    justify-content: center;\n    padding: 1rem;\n    border-bottom: 1px solid #e2e8f0;\n}\n.directorio-card-img-wrapper img {\n    width: 90px;\n    height: 90px;\n    object-fit: contain;\n}\n.tarjeta-content {\n    padding: 1.5rem;\n    display: flex;\n    flex-direction: column;\n    flex-grow: 1;\n}\n.tarjeta-content h3 {\n    margin-top: 0;\n    color: #2d3748;\n    font-size: 1.2rem;\n    font-weight: 700;\n    margin-bottom: 0.75rem;\n    line-height: 1.3;\n}\n.tarjeta-content p {\n    color: #4a5568;\n    font-size: 0.95rem;\n    line-height: 1.6;\n    margin-bottom: 1.5rem;\n    flex-grow: 1;\n}\n.btn-urgencia {\n    display: block;\n    text-align: center;\n    background-color: #e53e3e;\n    color: #ffffff !important;\n    padding: 0.75rem 1rem;\n    border-radius: 6px;\n    text-decoration: none;\n    font-weight: 700;\n    margin-bottom: 0.75rem;\n    transition: background-color 0.2s ease;\n}\n.btn-urgencia:hover {\n    background-color: #c53030;\n}\n.btn-secundario {\n    display: block;\n    text-align: center;\n    background-color: #edf2f7;\n    color: #2d3748 !important;\n    padding: 0.75rem 1rem;\n    border-radius: 6px;\n    text-decoration: none;\n    font-weight: 600;\n    transition: background-color 0.2s ease;\n}\n.btn-secundario:hover {\n    background-color: #e2e8f0;\n}\n<\/style>\n\n<div class=\"directorio-gruas-funza\">\n    <h2><span class=\"ez-toc-section\" id=\"Directorio_de_emergencias_para_alquiler_de_camion_grua_en_Funza\"><\/span>Directorio de emergencias para alquiler de cami\u00f3n gr\u00faa en Funza<span class=\"ez-toc-section-end\"><\/span><\/h2>\n    \n    <div class=\"directorio-grid\">\n        <article class=\"tarjeta\">\n            <div class=\"directorio-card-img-wrapper\">\n                <img decoding=\"async\" src=\"data:image\/svg+xml,%3Csvg xmlns='http:\/\/www.w3.org\/2000\/svg' viewBox='0 0 24 24' fill='none' stroke='%23e53e3e' stroke-width='2' stroke-linecap='round' stroke-linejoin='round'%3E%3Cpath d='M8.5 14.5A2.5 2.5 0 0011 12c-2.28 0-3-4.5-3-4.5s-2 3.5-2 6.5a4.5 4.5 0 005.5 4.4z'\/%3E%3Cpath d='M15.5 11.5c0-3-2-6.5-2-6.5s-.72 4.5-3 4.5a2.5 2.5 0 002.5 2.5 4.5 4.5 0 002.5-4.4z'\/%3E%3Cpath d='M12 22c5.52 0 10-4.48 10-10S17.52 2 12 2 2 6.48 2 12s4.48 10 10 10z'\/%3E%3C\/svg%3E\" alt=\"Bomberos Icono\" width=\"90\" height=\"90\" loading=\"lazy\">\n            <\/div>\n            <div class=\"tarjeta-content\">\n                <h3>Bomberos Voluntarios de Funza<\/h3>\n                <p>Atenci\u00f3n inmediata de emergencias por incidentes, rescate vehicular, derrame de fluidos o accidentes durante maniobras de izaje con camiones gr\u00faa en la zona industrial y urbana.<\/p>\n                <a href=\"tel:119\" class=\"btn-urgencia\">Llamar al 119<\/a>\n                <a href=\"tel:6018219010\" class=\"btn-secundario\">Tel\u00e9fono: (601) 821 9010<\/a>\n            <\/div>\n        <\/article>\n\n        <article class=\"tarjeta\">\n            <div class=\"directorio-card-img-wrapper\">\n                <img decoding=\"async\" src=\"data:image\/svg+xml,%3Csvg xmlns='http:\/\/www.w3.org\/2000\/svg' viewBox='0 0 24 24' fill='none' stroke='%23dd6b20' stroke-width='2' stroke-linecap='round' stroke-linejoin='round'%3E%3Crect x='3' y='11' width='18' height='8' rx='2'\/%3E%3Ccircle cx='7' cy='19' r='2'\/%3E%3Ccircle cx='17' cy='19' r='2'\/%3E%3Cpath d='M3 11l2-5h14l2 5'\/%3E%3C\/svg%3E\" alt=\"Tr\u00e1nsito Icono\" width=\"90\" height=\"90\" loading=\"lazy\">\n            <\/div>\n            <div class=\"tarjeta-content\">\n                <h3>Secretar\u00eda de Movilidad de Funza<\/h3>\n                <p>Autorizaci\u00f3n de cierres viales, control de tr\u00e1fico y reportes de accidentes o bloqueos que involucren maquinaria pesada en las v\u00edas del municipio y corredores log\u00edsticos.<\/p>\n                <a href=\"tel:6018260020\" class=\"btn-urgencia\">Llamar al (601) 826 0020<\/a>\n                <a href=\"https:\/\/www.funza-cundinamarca.gov.co\" target=\"_blank\" rel=\"noopener noreferrer\" class=\"btn-secundario\">Sitio Web Oficial<\/a>\n            <\/div>\n        <\/article>\n\n        <article class=\"tarjeta\">\n            <div class=\"directorio-card-img-wrapper\">\n                <img decoding=\"async\" src=\"data:image\/svg+xml,%3Csvg xmlns='http:\/\/www.w3.org\/2000\/svg' viewBox='0 0 24 24' fill='none' stroke='%23e53e3e' stroke-width='2' stroke-linecap='round' stroke-linejoin='round'%3E%3Cpath d='M10 3v7H3v4h7v7h4v-7h7v-4h-7V3h-4z'\/%3E%3C\/svg%3E\" alt=\"Hospital Icono\" width=\"90\" height=\"90\" loading=\"lazy\">\n            <\/div>\n            <div class=\"tarjeta-content\">\n                <h3>Hospital Nuestra Se\u00f1ora de las Mercedes<\/h3>\n                <p>Atenci\u00f3n m\u00e9dica de urgencias en caso de accidentes laborales, lesiones u otro tipo de eventualidades de salud durante la operaci\u00f3n de maquinaria en Funza.<\/p>\n                <a href=\"tel:123\" class=\"btn-urgencia\">Llamar Emergencias<\/a>\n                <a href=\"https:\/\/www.hospitalfunza.gov.co\" target=\"_blank\" rel=\"noopener noreferrer\" class=\"btn-secundario\">Sitio Web Oficial<\/a>\n            <\/div>\n        <\/article>\n\n        <article class=\"tarjeta\">\n            <div class=\"directorio-card-img-wrapper\">\n                <img decoding=\"async\" src=\"data:image\/svg+xml,%3Csvg xmlns='http:\/\/www.w3.org\/2000\/svg' viewBox='0 0 24 24' fill='none' stroke='%23d69e2e' stroke-width='2' stroke-linecap='round' stroke-linejoin='round'%3E%3Cpath d='M12 22s8-4 8-10V5l-8-3-8 3v7c0 6 8 10 8 10z'\/%3E%3C\/svg%3E\" alt=\"Defensa Civil Icono\" width=\"90\" height=\"90\" loading=\"lazy\">\n            <\/div>\n            <div class=\"tarjeta-content\">\n                <h3>Defensa Civil Funza<\/h3>\n                <p>Apoyo t\u00e1ctico en labores de rescate, atenci\u00f3n prehospitalaria y manejo de emergencias a gran escala en zonas industriales, parques log\u00edsticos y de construcci\u00f3n.<\/p>\n                <a href=\"tel:144\" class=\"btn-urgencia\">Llamar al 144<\/a>\n                <a href=\"https:\/\/www.defensacivil.gov.co\" target=\"_blank\" rel=\"noopener noreferrer\" class=\"btn-secundario\">Sitio Web Oficial<\/a>\n            <\/div>\n        <\/article>\n\n        <article class=\"tarjeta\">\n            <div class=\"directorio-card-img-wrapper\">\n                <img decoding=\"async\" src=\"data:image\/svg+xml,%3Csvg xmlns='http:\/\/www.w3.org\/2000\/svg' viewBox='0 0 24 24' fill='none' stroke='%233182ce' stroke-width='2' stroke-linecap='round' stroke-linejoin='round'%3E%3Cpath d='M14 2H6a2 2 0 0 0-2 2v16a2 2 0 0 0 2 2h12a2 2 0 0 0 2-2V8z'\/%3E%3Cpolyline points='14 2 14 8 20 8'\/%3E%3Cline x1='16' y1='13' x2='8' y2='13'\/%3E%3Cline x1='16' y1='17' x2='8' y2='17'\/%3E%3Cpolyline points='10 9 9 9 8 9'\/%3E%3C\/svg%3E\" alt=\"Planeaci\u00f3n Icono\" width=\"90\" height=\"90\" loading=\"lazy\">\n            <\/div>\n            <div class=\"tarjeta-content\">\n                <h3>Secretar\u00eda de Planeaci\u00f3n y Ordenamiento Territorial<\/h3>\n                <p>Entidad encargada de la verificaci\u00f3n de permisos de obra, espacio p\u00fablico y regulaciones para el uso de maquinaria pesada en proyectos del municipio.<\/p>\n                <a href=\"tel:6018260020\" class=\"btn-urgencia\">Llamar al (601) 826 0020<\/a>\n                <a href=\"https:\/\/www.funza-cundinamarca.gov.co\" target=\"_blank\" rel=\"noopener noreferrer\" class=\"btn-secundario\">Sitio Web Oficial<\/a>\n            <\/div>\n        <\/article>\n\n        <article class=\"tarjeta\">\n            <div class=\"directorio-card-img-wrapper\">\n                <img decoding=\"async\" src=\"data:image\/svg+xml,%3Csvg xmlns='http:\/\/www.w3.org\/2000\/svg' viewBox='0 0 24 24' fill='none' stroke='%232c5282' stroke-width='2' stroke-linecap='round' stroke-linejoin='round'%3E%3Cpolygon points='12 2 15.09 8.26 22 9.27 17 14.14 18.18 21.02 12 17.77 5.82 21.02 7 14.14 2 9.27 8.91 8.26 12 2'\/%3E%3C\/svg%3E\" alt=\"Polic\u00eda Icono\" width=\"90\" height=\"90\" loading=\"lazy\">\n            <\/div>\n            <div class=\"tarjeta-content\">\n                <h3>Estaci\u00f3n de Polic\u00eda Funza<\/h3>\n                <p>Acompa\u00f1amiento en seguridad perimetral, atenci\u00f3n de siniestros y control de orden p\u00fablico durante maniobras complejas en v\u00eda p\u00fablica y parques industriales.<\/p>\n                <a href=\"tel:112\" class=\"btn-urgencia\">Llamar al 112<\/a>\n                <a href=\"https:\/\/www.policia.gov.co\" target=\"_blank\" rel=\"noopener noreferrer\" class=\"btn-secundario\">Sitio Web Oficial<\/a>\n            <\/div>\n        <\/article>\n    <\/div>\n<\/div>\n\n<script type=\"application\/ld+json\">\n{\n  \"@context\": \"https:\/\/schema.org\",\n  \"@graph\": [\n    {\n      \"@type\": \"FireStation\",\n      \"name\": \"Bomberos Voluntarios de Funza\",\n      \"description\": \"Atenci\u00f3n de emergencias y rescate para maquinaria pesada en Funza.\",\n      \"telephone\": \"119\"\n    },\n    {\n      \"@type\": \"GovernmentOrganization\",\n      \"name\": \"Secretar\u00eda de Movilidad de Funza\",\n      \"description\": \"Control de tr\u00e1fico y permisos viales para camiones gr\u00faa.\",\n      \"url\": \"https:\/\/www.funza-cundinamarca.gov.co\",\n      \"telephone\": \"(601) 826 0020\"\n    },\n    {\n      \"@type\": \"Hospital\",\n      \"name\": \"Hospital Nuestra Se\u00f1ora de las Mercedes\",\n      \"description\": \"Atenci\u00f3n m\u00e9dica de urgencias en Funza.\",\n      \"url\": \"https:\/\/www.hospitalfunza.gov.co\",\n      \"telephone\": \"123\"\n    },\n    {\n      \"@type\": \"NGO\",\n      \"name\": \"Defensa Civil Funza\",\n      \"description\": \"Apoyo en rescate y manejo de emergencias a gran escala.\",\n      \"url\": \"https:\/\/www.defensacivil.gov.co\",\n      \"telephone\": \"144\"\n    },\n    {\n      \"@type\": \"GovernmentOrganization\",\n      \"name\": \"Secretar\u00eda de Planeaci\u00f3n y Ordenamiento Territorial Funza\",\n      \"description\": \"Verificaci\u00f3n de permisos de obra y regulaciones espaciales.\",\n      \"url\": \"https:\/\/www.funza-cundinamarca.gov.co\",\n      \"telephone\": \"(601) 826 0020\"\n    },\n    {\n      \"@type\": \"PoliceStation\",\n      \"name\": \"Estaci\u00f3n de Polic\u00eda Funza\",\n      \"description\": \"Seguridad y control de orden p\u00fablico en maniobras de izaje.\",\n      \"url\": \"https:\/\/www.policia.gov.co\",\n      \"telephone\": \"112\"\n    }\n  ]\n}\n<\/script>\n","protected":false},"excerpt":{"rendered":"<p>Servicio de izaje certificado con equipos modernos y operadores expertos. Asegure el \u00e9xito de sus proyectos industriales con seguridad y eficiencia garantizada.<\/p>\n","protected":false},"author":1,"featured_media":0,"comment_status":"open","ping_status":"open","sticky":false,"template":"","format":"standard","meta":{"_acf_changed":false,"footnotes":""},"categories":[50],"tags":[78,51,56,101],"class_list":["post-4104","post","type-post","status-publish","format-standard","hentry","category-servicios-izaje-carga","tag-equipos-certificados","tag-gruas-industriales","tag-plan-de-izaje","tag-resolucion-4272-2021"],"acf":[],"_links":{"self":[{"href":"https:\/\/www.geconexion.com.co\/alquiler\/wp-json\/wp\/v2\/posts\/4104","targetHints":{"allow":["GET"]}}],"collection":[{"href":"https:\/\/www.geconexion.com.co\/alquiler\/wp-json\/wp\/v2\/posts"}],"about":[{"href":"https:\/\/www.geconexion.com.co\/alquiler\/wp-json\/wp\/v2\/types\/post"}],"author":[{"embeddable":true,"href":"https:\/\/www.geconexion.com.co\/alquiler\/wp-json\/wp\/v2\/users\/1"}],"replies":[{"embeddable":true,"href":"https:\/\/www.geconexion.com.co\/alquiler\/wp-json\/wp\/v2\/comments?post=4104"}],"version-history":[{"count":9,"href":"https:\/\/www.geconexion.com.co\/alquiler\/wp-json\/wp\/v2\/posts\/4104\/revisions"}],"predecessor-version":[{"id":4119,"href":"https:\/\/www.geconexion.com.co\/alquiler\/wp-json\/wp\/v2\/posts\/4104\/revisions\/4119"}],"wp:attachment":[{"href":"https:\/\/www.geconexion.com.co\/alquiler\/wp-json\/wp\/v2\/media?parent=4104"}],"wp:term":[{"taxonomy":"category","embeddable":true,"href":"https:\/\/www.geconexion.com.co\/alquiler\/wp-json\/wp\/v2\/categories?post=4104"},{"taxonomy":"post_tag","embeddable":true,"href":"https:\/\/www.geconexion.com.co\/alquiler\/wp-json\/wp\/v2\/tags?post=4104"}],"curies":[{"name":"wp","href":"https:\/\/api.w.org\/{rel}","templated":true}]}}