{"id":4020,"date":"2026-03-18T15:05:33","date_gmt":"2026-03-18T15:05:33","guid":{"rendered":"https:\/\/www.geconexion.com.co\/alquiler\/?p=4020"},"modified":"2026-04-22T23:43:41","modified_gmt":"2026-04-22T23:43:41","slug":"cursos-de-alturas-en-bogota","status":"publish","type":"post","link":"https:\/\/www.geconexion.com.co\/alquiler\/cursos-de-alturas-en-bogota\/","title":{"rendered":"Cursos de Alturas en Bogot\u00e1 &#8211; Certificaci\u00f3n Legal 2026 y Aval del Ministerio"},"content":{"rendered":"\n<div class=\"wp-block-columns is-layout-flex wp-container-core-columns-is-layout-9d6595d7 wp-block-columns-is-layout-flex\">\n<div class=\"wp-block-column is-layout-flow wp-block-column-is-layout-flow\">\n<p>Asegura el cumplimiento normativo bajo la Resoluci\u00f3n 4272 y evita sanciones costosas en tus proyectos de ingenier\u00eda o construcci\u00f3n. Al inscribirte en nuestros <strong>cursos de alturas en Bogot\u00e1<\/strong>, obtienes formaci\u00f3n t\u00e9cnica de alto nivel con carga inmediata de certificados al sistema del Ministerio del Trabajo. Optimiza la seguridad de tu personal y garantiza la operatividad de tu empresa con asesor\u00eda experta en tr\u00e1mites legales y operativos.<\/p>\n\n\n\n<div class=\"wp-block-buttons is-content-justification-center is-layout-flex wp-container-core-buttons-is-layout-16018d1d wp-block-buttons-is-layout-flex\">\n<div class=\"wp-block-button\"><a class=\"wp-block-button__link has-background wp-element-button\" href=\"https:\/\/api.whatsapp.com\/send\/?phone=573103093137&amp;text=Hola+&amp;type=phone_number&amp;app_absent=0\" style=\"background-color:#5eb039\" target=\"_blank\" rel=\"noreferrer noopener\">\ud83d\udcde \u00a1<strong>Cotizar Certificaci\u00f3n Hoy<\/strong>!<\/a><\/div>\n<\/div>\n<\/div>\n\n\n\n<div class=\"wp-block-column is-layout-flow wp-block-column-is-layout-flow\"><div class=\"wp-block-image\">\n<figure class=\"aligncenter size-medium\"><img loading=\"lazy\" decoding=\"async\" width=\"267\" height=\"300\" src=\"https:\/\/www.geconexion.com.co\/alquiler\/wp-content\/uploads\/2026\/03\/cursos-de-alturas-bogota-267x300.jpeg\" alt=\"cursos de alturas en Bogot\u00e1 con personal femenino realizando ejercicios de posicionamiento en andamios multidireccionales.\" class=\"wp-image-4049\" srcset=\"https:\/\/www.geconexion.com.co\/alquiler\/wp-content\/uploads\/2026\/03\/cursos-de-alturas-bogota-267x300.jpeg 267w, https:\/\/www.geconexion.com.co\/alquiler\/wp-content\/uploads\/2026\/03\/cursos-de-alturas-bogota-494x555.jpeg 494w, https:\/\/www.geconexion.com.co\/alquiler\/wp-content\/uploads\/2026\/03\/cursos-de-alturas-bogota.jpeg 500w\" sizes=\"auto, (max-width: 267px) 100vw, 267px\" \/><\/figure>\n<\/div>\n\n\n<div style=\"height:28px\" aria-hidden=\"true\" class=\"wp-block-spacer\"><\/div>\n<\/div>\n<\/div>\n\n\n\n<!--more LEER MAS-->\n\n\n\n<div id=\"ez-toc-container\" class=\"ez-toc-v2_0_82_2 counter-hierarchy ez-toc-counter ez-toc-light-blue ez-toc-container-direction\">\n<div class=\"ez-toc-title-container\">\n<p class=\"ez-toc-title\" style=\"cursor:inherit\">Indice<\/p>\n<span class=\"ez-toc-title-toggle\"><a href=\"#\" class=\"ez-toc-pull-right ez-toc-btn ez-toc-btn-xs ez-toc-btn-default ez-toc-toggle\" aria-label=\"Alternar tabla de contenidos\"><span class=\"ez-toc-js-icon-con\"><span class=\"\"><span class=\"eztoc-hide\" style=\"display:none;\">Toggle<\/span><span class=\"ez-toc-icon-toggle-span\"><svg style=\"fill: #999;color:#999\" xmlns=\"http:\/\/www.w3.org\/2000\/svg\" class=\"list-377408\" width=\"20px\" height=\"20px\" viewBox=\"0 0 24 24\" fill=\"none\"><path d=\"M6 6H4v2h2V6zm14 0H8v2h12V6zM4 11h2v2H4v-2zm16 0H8v2h12v-2zM4 16h2v2H4v-2zm16 0H8v2h12v-2z\" fill=\"currentColor\"><\/path><\/svg><svg style=\"fill: #999;color:#999\" class=\"arrow-unsorted-368013\" xmlns=\"http:\/\/www.w3.org\/2000\/svg\" width=\"10px\" height=\"10px\" viewBox=\"0 0 24 24\" version=\"1.2\" baseProfile=\"tiny\"><path d=\"M18.2 9.3l-6.2-6.3-6.2 6.3c-.2.2-.3.4-.3.7s.1.5.3.7c.2.2.4.3.7.3h11c.3 0 .5-.1.7-.3.2-.2.3-.5.3-.7s-.1-.5-.3-.7zM5.8 14.7l6.2 6.3 6.2-6.3c.2-.2.3-.5.3-.7s-.1-.5-.3-.7c-.2-.2-.4-.3-.7-.3h-11c-.3 0-.5.1-.7.3-.2.2-.3.5-.3.7s.1.5.3.7z\"\/><\/svg><\/span><\/span><\/span><\/a><\/span><\/div>\n<nav><ul class='ez-toc-list ez-toc-list-level-1 ' ><li class='ez-toc-page-1 ez-toc-heading-level-2'><a class=\"ez-toc-link ez-toc-heading-1\" href=\"https:\/\/www.geconexion.com.co\/alquiler\/cursos-de-alturas-en-bogota\/#%C2%BFCuales_son_los_tipos_de_cursos_de_alturas_en_Bogota\" >\u00bfCu\u00e1les son los tipos de cursos de alturas en Bogot\u00e1?<\/a><\/li><li class='ez-toc-page-1 ez-toc-heading-level-2'><a class=\"ez-toc-link ez-toc-heading-2\" href=\"https:\/\/www.geconexion.com.co\/alquiler\/cursos-de-alturas-en-bogota\/#%C2%BFCual_es_el_precio_de_los_cursos_de_alturas_en_Bogota\" >\u00bfCu\u00e1l es el precio de los cursos de alturas en Bogot\u00e1?<\/a><\/li><li class='ez-toc-page-1 ez-toc-heading-level-2'><a class=\"ez-toc-link ez-toc-heading-3\" href=\"https:\/\/www.geconexion.com.co\/alquiler\/cursos-de-alturas-en-bogota\/#Requisitos_para_la_inscripcion_a_cursos_de_alturas_en_Bogota\" >Requisitos para la inscripci\u00f3n a cursos de alturas en Bogot\u00e1<\/a><\/li><li class='ez-toc-page-1 ez-toc-heading-level-2'><a class=\"ez-toc-link ez-toc-heading-4\" href=\"https:\/\/www.geconexion.com.co\/alquiler\/cursos-de-alturas-en-bogota\/#Beneficios_exclusivos_de_nuestros_cursos_de_alturas_en_Bogota\" >Beneficios exclusivos de nuestros cursos de alturas en Bogot\u00e1<\/a><\/li><li class='ez-toc-page-1 ez-toc-heading-level-2'><a class=\"ez-toc-link ez-toc-heading-5\" href=\"https:\/\/www.geconexion.com.co\/alquiler\/cursos-de-alturas-en-bogota\/#Metodologia_de_entrenamiento_para_los_cursos_de_alturas_en_Bogota\" >Metodolog\u00eda de entrenamiento para los cursos de alturas en Bogot\u00e1<\/a><\/li><li class='ez-toc-page-1 ez-toc-heading-level-2'><a class=\"ez-toc-link ez-toc-heading-6\" href=\"https:\/\/www.geconexion.com.co\/alquiler\/cursos-de-alturas-en-bogota\/#Sectores_industriales_que_requieren_cursos_de_alturas_en_Bogota\" >Sectores industriales que requieren cursos de alturas en Bogot\u00e1<\/a><\/li><li class='ez-toc-page-1 ez-toc-heading-level-2'><a class=\"ez-toc-link ez-toc-heading-7\" href=\"https:\/\/www.geconexion.com.co\/alquiler\/cursos-de-alturas-en-bogota\/#Normatividad_vigente_para_el_trabajo_seguro_en_alturas_en_Colombia\" >Normatividad vigente para el trabajo seguro en alturas en Colombia<\/a><\/li><li class='ez-toc-page-1 ez-toc-heading-level-2'><a class=\"ez-toc-link ez-toc-heading-8\" href=\"https:\/\/www.geconexion.com.co\/alquiler\/cursos-de-alturas-en-bogota\/#Preguntas_frecuentes_sobre_los_cursos_de_alturas_en_Bogota\" >Preguntas frecuentes sobre los cursos de alturas en Bogot\u00e1<\/a><\/li><li class='ez-toc-page-1 ez-toc-heading-level-2'><a class=\"ez-toc-link ez-toc-heading-9\" href=\"https:\/\/www.geconexion.com.co\/alquiler\/cursos-de-alturas-en-bogota\/#Directorio_de_Entidades_para_los_cursos_de_alturas_en_Bogota\" >Directorio de Entidades para los cursos de alturas en Bogot\u00e1<\/a><\/li><\/ul><\/nav><\/div>\n<h2 class=\"wp-block-heading\"><span class=\"ez-toc-section\" id=\"%C2%BFCuales_son_los_tipos_de_cursos_de_alturas_en_Bogota\"><\/span>\u00bfCu\u00e1les son los tipos de cursos de alturas en Bogot\u00e1?<span class=\"ez-toc-section-end\"><\/span><\/h2>\n\n\n\n<p>Para garantizar la seguridad en obras y proyectos industriales, la normativa colombiana vigente clasifica la formaci\u00f3n seg\u00fan el rol del trabajador. Acceder a una <strong>capacitaci\u00f3n de trabajo seguro en alturas<\/strong> adecuada evita que las empresas asignen tareas a personal no apto, previniendo accidentes fatales y cierres de proyectos por parte de las autoridades.<\/p>\n\n\n\n<p>A continuaci\u00f3n, se detallan los perfiles obligatorios y las condiciones t\u00e9cnicas de su certificaci\u00f3n para una programaci\u00f3n eficiente de su personal:<\/p>\n\n\n\n<div class=\"wp-block-columns has-background is-layout-flex wp-container-core-columns-is-layout-9d6595d7 wp-block-columns-is-layout-flex\" style=\"background-color:#f0f8ff\">\n<div class=\"wp-block-column is-layout-flow wp-block-column-is-layout-flow\">\n<p class=\"has-text-align-center has-medium-font-size\">\ud83d\udc77 <strong>Trabajador Autorizado<\/strong><\/p>\n\n\n\n<p class=\"has-text-align-center\">Dise\u00f1ado para operarios que realizan labores por encima de los 2 metros. Es obligatorio en sectores de construcci\u00f3n, telecomunicaciones y mantenimiento de fachadas.<\/p>\n\n\n\n<p class=\"has-text-align-center\"><strong>Duraci\u00f3n\/Vigencia:<\/strong> 32 Horas \/ 18 Meses.<\/p>\n\n\n\n<p class=\"has-text-align-center\"><strong>Entrega:<\/strong> Carga en Sistema &lt; 24h.<\/p>\n<\/div>\n\n\n\n<div class=\"wp-block-column is-layout-flow wp-block-column-is-layout-flow\">\n<p class=\"has-text-align-center has-medium-font-size\">\ud83d\udd04 <strong>Reentrenamiento<\/strong><\/p>\n\n\n\n<p class=\"has-text-align-center\">Proceso de actualizaci\u00f3n anual o por cambio de condiciones laborales. Es vital para refrescar maniobras de rescate y uso de nuevos equipos de protecci\u00f3n.<\/p>\n\n\n\n<p class=\"has-text-align-center\"><strong>Duraci\u00f3n\/Vigencia:<\/strong> 20 Horas \/ 18 Meses.<\/p>\n\n\n\n<p class=\"has-text-align-center\"><strong>Entrega:<\/strong> Carga en Sistema &lt; 24h.<\/p>\n<\/div>\n<\/div>\n\n\n\n<div class=\"wp-block-columns has-background is-layout-flex wp-container-core-columns-is-layout-9d6595d7 wp-block-columns-is-layout-flex\" style=\"background-color:#f0f8ff\">\n<div class=\"wp-block-column is-layout-flow wp-block-column-is-layout-flow\">\n<p class=\"has-text-align-center has-medium-font-size\">\ud83d\udccb <strong>Coordinador de Alturas<\/strong><\/p>\n\n\n\n<p class=\"has-text-align-center\">Nivel exigido para el personal encargado de avalar permisos de trabajo y supervisar que las condiciones de seguridad en la estructura sean \u00f3ptimas.<\/p>\n\n\n\n<p class=\"has-text-align-center\"><strong>Duraci\u00f3n\/Vigencia:<\/strong> 80 Horas \/ Anual.<\/p>\n\n\n\n<p class=\"has-text-align-center\"><strong>Entrega:<\/strong> Carga en Sistema &lt; 24h.<\/p>\n<\/div>\n\n\n\n<div class=\"wp-block-column is-layout-flow wp-block-column-is-layout-flow\">\n<p class=\"has-text-align-center has-medium-font-size\">\ud83d\udc54 <strong>Jefe de \u00c1rea (Admin)<\/strong><\/p>\n\n\n\n<p class=\"has-text-align-center\">Capacitaci\u00f3n administrativa para directores o gerentes que toman decisiones sobre la planeaci\u00f3n del trabajo en alturas, pero que no realizan la labor operativa.<\/p>\n\n\n\n<p class=\"has-text-align-center\"><strong>Duraci\u00f3n\/Vigencia:<\/strong> 8 Horas \/ Anual.<\/p>\n\n\n\n<p class=\"has-text-align-center\"><strong>Entrega:<\/strong> Digital \/ Inmediato.<\/p>\n<\/div>\n<\/div>\n\n\n\n<h2 class=\"wp-block-heading\"><span class=\"ez-toc-section\" id=\"%C2%BFCual_es_el_precio_de_los_cursos_de_alturas_en_Bogota\"><\/span>\u00bfCu\u00e1l es el precio de los cursos de alturas en Bogot\u00e1?<span class=\"ez-toc-section-end\"><\/span><\/h2>\n\n\n\n<p>La inversi\u00f3n para certificar a su personal se define bajo criterios de transparencia y volumen, permitiendo que cada empresa optimice sus recursos seg\u00fan la magnitud de su proyecto.<\/p>\n\n\n\n<h3 class=\"wp-block-heading\">\ud83d\udc65 Descuentos corporativos por volumen de trabajadores<\/h3>\n\n\n\n<p>El valor por persona disminuye proporcionalmente al tama\u00f1o del grupo. Manejamos escalas de precios especiales para empresas y contratistas que requieren certificar cuadrillas completas, facilitando el ahorro en el presupuesto anual de seguridad y salud en el trabajo.<\/p>\n\n\n\n<h3 class=\"wp-block-heading\">\u2696\ufe0f Nivel de formaci\u00f3n y complejidad t\u00e9cnica<\/h3>\n\n\n\n<p>El costo var\u00eda seg\u00fan la carga horaria y los recursos de pista requeridos. Programas de mayor duraci\u00f3n como el de <strong>Coordinador de Alturas<\/strong> (80 horas) tienen una tarifa distinta a los cursos de <strong>Reentrenamiento<\/strong> (20 horas), asegurando que usted pague solo por la especialidad t\u00e9cnica necesaria.<\/p>\n\n\n\n<h3 class=\"wp-block-heading\">\ud83e\ude7a Paquetes integrales con ex\u00e1menes m\u00e9dicos de aptitud<\/h3>\n\n\n\n<p>Ofrecemos soluciones centralizadas que incluyen la valoraci\u00f3n m\u00e9dica ocupacional en el mismo proceso. Esta opci\u00f3n reduce los tiempos de desplazamiento de su personal y garantiza que el certificado de aptitud m\u00e9dica est\u00e9 alineado con los requisitos legales para el trabajo en alturas.<\/p>\n\n\n<div class=\"wp-block-image\">\n<figure class=\"aligncenter size-full\"><img loading=\"lazy\" decoding=\"async\" width=\"500\" height=\"500\" src=\"https:\/\/www.geconexion.com.co\/alquiler\/wp-content\/uploads\/2026\/03\/tipos-de-cursos-de-alturas-en-bogota.jpg\" alt=\"cursos de alturas en Bogot\u00e1 impartido por instructor calificado con equipo IRATA en pista de entrenamiento.\" class=\"wp-image-4047\" srcset=\"https:\/\/www.geconexion.com.co\/alquiler\/wp-content\/uploads\/2026\/03\/tipos-de-cursos-de-alturas-en-bogota.jpg 500w, https:\/\/www.geconexion.com.co\/alquiler\/wp-content\/uploads\/2026\/03\/tipos-de-cursos-de-alturas-en-bogota-300x300.jpg 300w, https:\/\/www.geconexion.com.co\/alquiler\/wp-content\/uploads\/2026\/03\/tipos-de-cursos-de-alturas-en-bogota-150x150.jpg 150w, https:\/\/www.geconexion.com.co\/alquiler\/wp-content\/uploads\/2026\/03\/tipos-de-cursos-de-alturas-en-bogota-100x100.jpg 100w\" sizes=\"auto, (max-width: 500px) 100vw, 500px\" \/><figcaption class=\"wp-element-caption\">Formaci\u00f3n t\u00e9cnica con instructores certificados.<\/figcaption><\/figure>\n<\/div>\n\n\n<h2 class=\"wp-block-heading\"><span class=\"ez-toc-section\" id=\"Requisitos_para_la_inscripcion_a_cursos_de_alturas_en_Bogota\"><\/span>Requisitos para la inscripci\u00f3n a cursos de alturas en Bogot\u00e1<span class=\"ez-toc-section-end\"><\/span><\/h2>\n\n\n\n<p>Para agilizar el proceso de matr\u00edcula y asegurar el cupo en las jornadas semanales, es indispensable que las empresas y trabajadores independientes presenten la siguiente documentaci\u00f3n. Contar con estos requisitos al d\u00eda garantiza que la carga del certificado al sistema del Ministerio se realice sin contratiempos administrativos.<\/p>\n\n\n\n<ul class=\"wp-block-list\">\n<li>\u2705 <strong>Documento de identidad:<\/strong> Copia de la c\u00e9dula de ciudadan\u00eda ampliada al 150% o documento de extranjer\u00eda vigente.<br><\/li>\n\n\n\n<li>\u2705 <strong>Seguridad Social:<\/strong> Certificado de afiliaci\u00f3n y pago a EPS y ARL en estado activo, obligatorio para cubrir cualquier eventualidad durante las pr\u00e1cticas en pista.<br><\/li>\n\n\n\n<li>\u2705 <strong>Certificado m\u00e9dico ocupacional:<\/strong> Concepto m\u00e9dico de aptitud para realizar labores en alturas, con vigencia no mayor a un a\u00f1o y emitido por un m\u00e9dico con licencia en Salud Ocupacional.<br><\/li>\n\n\n\n<li>\u2705 <strong>Certificaci\u00f3n previa (si aplica):<\/strong> Para niveles de reentrenamiento o coordinador, se debe adjuntar el certificado anterior para validar la continuidad del proceso formativo bajo la Resoluci\u00f3n 4272.<\/li>\n<\/ul>\n\n\n\n<h2 class=\"wp-block-heading\"><span class=\"ez-toc-section\" id=\"Beneficios_exclusivos_de_nuestros_cursos_de_alturas_en_Bogota\"><\/span>Beneficios exclusivos de nuestros cursos de alturas en Bogot\u00e1<span class=\"ez-toc-section-end\"><\/span><\/h2>\n\n\n\n<p>Para superar los est\u00e1ndares de los centros de formaci\u00f3n convencionales, nuestra infraestructura responde a la velocidad de las grandes obras civiles e industriales de la capital. Hemos optimizado nuestros diferenciales para garantizar eficiencia t\u00e9cnica y log\u00edstica corporativa:<\/p>\n\n\n\n<figure class=\"wp-block-table\"><table class=\"has-fixed-layout\"><thead><tr><th>Diferencial Estrat\u00e9gico<\/th><th>Ventaja Operativa para su Empresa<\/th><\/tr><\/thead><tbody><tr><td>\ud83c\udfd7\ufe0f Pista de entrenamiento t\u00e9cnica<\/td><td>Simuladores de ingenier\u00eda real con torres y sistemas de progresi\u00f3n para escenarios cr\u00edticos, no solo para aprobar un examen.<\/td><\/tr><tr><td>\ud83d\udccd Ubicaci\u00f3n industrial clave<\/td><td>Sede con acceso r\u00e1pido a los principales nodos de infraestructura, como las obras del <strong>Metro de Bogot\u00e1<\/strong>, <strong>Regiotram<\/strong> y zonas de Fontib\u00f3n.<\/td><\/tr><tr><td>\ud83d\ude9a Parqueadero y log\u00edstica<\/td><td>Espacio dise\u00f1ado para el ingreso de camionetas corporativas, eliminando retrasos por falta de parqueo que afectan la productividad.<\/td><\/tr><tr><td>\ud83d\udc77 Instructores expertos en campo<\/td><td>Profesionales SST que han liderado proyectos de alto riesgo, brindando una visi\u00f3n t\u00e9cnica y real del trabajo seguro en alturas.<\/td><\/tr><tr><td>\ud83d\udee0\ufe0f Dotaci\u00f3n certificada<\/td><td>Uso de arneses y conectores de marcas l\u00edderes con hojas de vida vigentes, asegurando el manejo de tecnolog\u00eda de punta.<\/td><\/tr><tr><td>\ud83d\udcc4 Soporte documental<\/td><td>Entrega de plantillas para An\u00e1lisis de Trabajo Seguro (ATS) y permisos, facilitando la labor del supervisor en el frente de obra.<\/td><\/tr><\/tbody><\/table><\/figure>\n\n\n\n<div style=\"height:36px\" aria-hidden=\"true\" class=\"wp-block-spacer\"><\/div>\n\n\n\n<div class=\"wp-block-columns is-layout-flex wp-container-core-columns-is-layout-9d6595d7 wp-block-columns-is-layout-flex\">\n<div class=\"wp-block-column has-background is-layout-flow wp-block-column-is-layout-flow\" style=\"background-color:#f0f7ff\">\n<h3 class=\"wp-block-heading\">\ud83d\udccb Recurso para Supervisores SST<\/h3>\n\n\n\n<p>Descarga nuestra <strong>Lista de Chequeo para Inspecci\u00f3n de Equipos (PDF)<\/strong> dise\u00f1ada para asegurar que cada arn\u00e9s y conector est\u00e9 en \u00f3ptimas condiciones antes de iniciar el <strong>curso de alturas<\/strong> o cualquier labor de riesgo.<\/p>\n\n\n\n<div class=\"wp-block-file\"><a id=\"wp-block-file--media-990afb6b-4a05-4de8-b4b0-47bac00ab510\" href=\"https:\/\/www.geconexion.com.co\/alquiler\/wp-content\/uploads\/2026\/03\/lista-chequeo-equipos-alturas-bogota-geconexion.pdf.pdf\" target=\"_blank\" rel=\"noreferrer noopener\">lista-chequeo-equipos-alturas-bogota-geconexion.pdf<\/a><a href=\"https:\/\/www.geconexion.com.co\/alquiler\/wp-content\/uploads\/2026\/03\/lista-chequeo-equipos-alturas-bogota-geconexion.pdf.pdf\" class=\"wp-block-file__button wp-element-button\" aria-describedby=\"wp-block-file--media-990afb6b-4a05-4de8-b4b0-47bac00ab510\" download>Descargar Checklist de Equipos<\/a><\/div>\n<\/div>\n<\/div>\n\n\n\n<h2 class=\"wp-block-heading\"><span class=\"ez-toc-section\" id=\"Metodologia_de_entrenamiento_para_los_cursos_de_alturas_en_Bogota\"><\/span>Metodolog\u00eda de entrenamiento para los cursos de alturas en Bogot\u00e1<span class=\"ez-toc-section-end\"><\/span><\/h2>\n\n\n\n<p>El modelo de aprendizaje para la certificaci\u00f3n se divide en fases cr\u00edticas que aseguran la competencia t\u00e9cnica del trabajador. No nos limitamos a la entrega de un documento; formamos operarios capaces de resolver problemas reales en estructuras de alta complejidad bajo est\u00e1ndares internacionales.<\/p>\n\n\n\n<h3 class=\"wp-block-heading\">\ud83d\udcd8 Fase de fundamentaci\u00f3n t\u00e9cnica<\/h3>\n\n\n\n<p>Se imparten los conocimientos normativos vigentes, enfoc\u00e1ndose en la identificaci\u00f3n de peligros, el an\u00e1lisis de riesgos en el sitio de trabajo y la correcta selecci\u00f3n de sistemas de protecci\u00f3n contra ca\u00eddas. Esta base te\u00f3rica es el pilar para la toma de decisiones seguras en campo.<\/p>\n\n\n\n<h3 class=\"wp-block-heading\">\ud83e\uddd7 Fase de destreza en pista<\/h3>\n\n\n\n<p>Bajo la supervisi\u00f3n de instructores senior, el personal realiza maniobras de ascenso y descenso, posicionamiento, restricci\u00f3n y t\u00e9cnicas de rescate. Esta etapa pr\u00e1ctica es obligatoria y se desarrolla con equipos certificados de \u00faltima generaci\u00f3n para garantizar la seguridad total del alumno en el centro de entrenamiento.<\/p>\n\n\n\n<h3 class=\"wp-block-heading\">\ud83c\udf93 Evaluaci\u00f3n de competencias<\/h3>\n\n\n\n<p>Al finalizar la jornada, se realiza una validaci\u00f3n de habilidades que certifica que el trabajador es apto para realizar labores de alto riesgo. Este proceso riguroso garantiza que la carga al sistema del Ministerio del Trabajo sea el respaldo de una capacitaci\u00f3n real, efectiva y legal.<\/p>\n\n\n<div class=\"wp-block-image\">\n<figure class=\"aligncenter size-full\"><img loading=\"lazy\" decoding=\"async\" width=\"370\" height=\"370\" src=\"https:\/\/www.geconexion.com.co\/alquiler\/wp-content\/uploads\/2026\/03\/curso-alturas-bogota-2026.jpeg\" alt=\"cursos de alturas en Bogot\u00e1 con simulacro de rescate t\u00e9cnico de heridos en andamio colgante.\" class=\"wp-image-4050\" srcset=\"https:\/\/www.geconexion.com.co\/alquiler\/wp-content\/uploads\/2026\/03\/curso-alturas-bogota-2026.jpeg 370w, https:\/\/www.geconexion.com.co\/alquiler\/wp-content\/uploads\/2026\/03\/curso-alturas-bogota-2026-300x300.jpeg 300w, https:\/\/www.geconexion.com.co\/alquiler\/wp-content\/uploads\/2026\/03\/curso-alturas-bogota-2026-150x150.jpeg 150w, https:\/\/www.geconexion.com.co\/alquiler\/wp-content\/uploads\/2026\/03\/curso-alturas-bogota-2026-100x100.jpeg 100w\" sizes=\"auto, (max-width: 370px) 100vw, 370px\" \/><figcaption class=\"wp-element-caption\">Simulacros de rescate y autorrescate.<\/figcaption><\/figure>\n<\/div>\n\n\n<h2 class=\"wp-block-heading\"><span class=\"ez-toc-section\" id=\"Sectores_industriales_que_requieren_cursos_de_alturas_en_Bogota\"><\/span>Sectores industriales que requieren cursos de alturas en Bogot\u00e1<span class=\"ez-toc-section-end\"><\/span><\/h2>\n\n\n\n<p>Diversas actividades econ\u00f3micas en la capital est\u00e1n sujetas a supervisi\u00f3n legal estricta. Contar con una <strong>certificaci\u00f3n de trabajo seguro en alturas<\/strong> permite a las empresas operar sin sanciones en proyectos de gran envergadura, garantizando que cada operario domine las t\u00e9cnicas de protecci\u00f3n espec\u00edficas para su entorno laboral.<\/p>\n\n\n\n<ul class=\"wp-block-list\">\n<li>\ud83c\udfd7\ufe0f <strong>Construcci\u00f3n Civil:<\/strong> Aplicaci\u00f3n t\u00e9cnica en estructuras, armado y desarme de andamios y excavaciones, previniendo accidentes por colapso.<br><\/li>\n\n\n\n<li>\ud83c\udfe2 <strong>Mantenimiento de Fachadas:<\/strong> Limpieza de vidrios, pintura y sellado en altura con uso seguro de l\u00edneas de vida verticales.<br><\/li>\n\n\n\n<li>\ud83d\udce1 <strong>Telecomunicaciones:<\/strong> Montaje de antenas, cableado estructurado y torres mediante t\u00e9cnicas avanzadas de posicionamiento en altura.<br><\/li>\n\n\n\n<li>\ud83d\udce6 <strong>Log\u00edstica y Bodegaje:<\/strong> Gesti\u00f3n de inventarios en racks y transelevadores bajo protocolos estrictos de seguridad en pasillos.<\/li>\n<\/ul>\n\n\n\n<p class=\"has-background\" style=\"background-color:#f0f7ff\"><strong>\ud83d\udca1 Te puede interesar:<\/strong> <a href=\"https:\/\/www.geconexion.com.co\/alquiler\/our-services\/andamios-certificados\/\" target=\"_blank\" rel=\"noreferrer noopener\">Alquiler de andamios certificados en Bogot\u00e1: Gu\u00eda de precios y seguridad<\/a><\/p>\n\n\n\n<h2 class=\"wp-block-heading\"><span class=\"ez-toc-section\" id=\"Normatividad_vigente_para_el_trabajo_seguro_en_alturas_en_Colombia\"><\/span>Normatividad vigente para el trabajo seguro en alturas en Colombia<span class=\"ez-toc-section-end\"><\/span><\/h2>\n\n\n\n<p>Toda actividad econ\u00f3mica en el pa\u00eds debe regirse estrictamente por la <strong><a href=\"https:\/\/share.google\/hZFcnNH4RpEMKoQll\" target=\"_blank\" rel=\"noreferrer noopener\">Resoluci\u00f3n 4272 de 2021<\/a><\/strong>, la cual establece los requisitos m\u00ednimos de seguridad. Esta norma obliga a las empresas a certificar a su personal mediante una <strong>capacitaci\u00f3n de protecci\u00f3n contra ca\u00eddas<\/strong> avalada, garantizando la formaci\u00f3n t\u00e9cnica necesaria para prevenir accidentes y cumplir con las auditor\u00edas de Riesgos Laborales.<\/p>\n\n\n\n<p>El incumplimiento de estos est\u00e1ndares pone en riesgo la integridad f\u00edsica de los trabajadores y acarrea severas sanciones administrativas o cierres de obra. Al contar con nuestro respaldo, los empleadores aseguran que sus procesos, equipos y planes de rescate est\u00e9n alineados con las exigencias del Ministerio del Trabajo, blindando legalmente la operaci\u00f3n de sus proyectos.<\/p>\n\n\n\n<h2 class=\"wp-block-heading has-text-align-center\"><span class=\"ez-toc-section\" id=\"Preguntas_frecuentes_sobre_los_cursos_de_alturas_en_Bogota\"><\/span>Preguntas frecuentes sobre los cursos de alturas en Bogot\u00e1<span class=\"ez-toc-section-end\"><\/span><\/h2>\n\n\n\n<div data-wp-context=\"{ &quot;autoclose&quot;: true, &quot;accordionItems&quot;: [] }\" data-wp-interactive=\"core\/accordion\" role=\"group\" class=\"wp-block-accordion has-background is-layout-flow wp-block-accordion-is-layout-flow\" style=\"background-color:#f0f7ff\">\n<div data-wp-class--is-open=\"state.isOpen\" data-wp-context=\"{ &quot;id&quot;: &quot;accordion-item-1&quot;, &quot;openByDefault&quot;: false }\" data-wp-init=\"callbacks.initAccordionItems\" data-wp-on-window--hashchange=\"callbacks.hashChange\" class=\"wp-block-accordion-item is-layout-flow wp-block-accordion-item-is-layout-flow\">\n<h3 class=\"wp-block-accordion-heading\"><button aria-expanded=\"false\" aria-controls=\"accordion-item-1-panel\" data-wp-bind--aria-expanded=\"state.isOpen\" data-wp-on--click=\"actions.toggle\" data-wp-on--keydown=\"actions.handleKeyDown\" id=\"accordion-item-1\" type=\"button\" class=\"wp-block-accordion-heading__toggle\"><span class=\"wp-block-accordion-heading__toggle-title\">1. \u00bfQu\u00e9 requisitos m\u00ednimos necesito para realizar el curso?<\/span><span class=\"wp-block-accordion-heading__toggle-icon\" aria-hidden=\"true\">+<\/span><\/button><\/h3>\n\n\n\n<div inert aria-labelledby=\"accordion-item-1\" data-wp-bind--inert=\"!state.isOpen\" id=\"accordion-item-1-panel\" role=\"region\" class=\"wp-block-accordion-panel is-layout-flow wp-block-accordion-panel-is-layout-flow\">\n<p>Debe presentar copia de la c\u00e9dula al 150%, certificado de afiliaci\u00f3n a seguridad social (EPS y ARL) en estado activo y el concepto m\u00e9dico de aptitud laboral.<\/p>\n<\/div>\n<\/div>\n<\/div>\n\n\n\n<div data-wp-context=\"{ &quot;autoclose&quot;: true, &quot;accordionItems&quot;: [] }\" data-wp-interactive=\"core\/accordion\" role=\"group\" class=\"wp-block-accordion has-background is-layout-flow wp-block-accordion-is-layout-flow\" style=\"background-color:#f0f7ff\">\n<div data-wp-class--is-open=\"state.isOpen\" data-wp-context=\"{ &quot;id&quot;: &quot;accordion-item-2&quot;, &quot;openByDefault&quot;: false }\" data-wp-init=\"callbacks.initAccordionItems\" data-wp-on-window--hashchange=\"callbacks.hashChange\" class=\"wp-block-accordion-item is-layout-flow wp-block-accordion-item-is-layout-flow\">\n<h3 class=\"wp-block-accordion-heading\"><button aria-expanded=\"false\" aria-controls=\"accordion-item-2-panel\" data-wp-bind--aria-expanded=\"state.isOpen\" data-wp-on--click=\"actions.toggle\" data-wp-on--keydown=\"actions.handleKeyDown\" id=\"accordion-item-2\" type=\"button\" class=\"wp-block-accordion-heading__toggle\"><span class=\"wp-block-accordion-heading__toggle-title\">2. \u00bfCu\u00e1nto tiempo tarda la carga del certificado al Ministerio?<\/span><span class=\"wp-block-accordion-heading__toggle-icon\" aria-hidden=\"true\">+<\/span><\/button><\/h3>\n\n\n\n<div inert aria-labelledby=\"accordion-item-2\" data-wp-bind--inert=\"!state.isOpen\" id=\"accordion-item-2-panel\" role=\"region\" class=\"wp-block-accordion-panel is-layout-flow wp-block-accordion-panel-is-layout-flow\">\n<p>En Geconexi\u00f3n garantizamos el reporte oficial en la plataforma de SOREA del Ministerio del Trabajo en un tiempo m\u00e1ximo de 24 horas h\u00e1biles tras aprobar la formaci\u00f3n.<\/p>\n<\/div>\n<\/div>\n<\/div>\n\n\n\n<div data-wp-context=\"{ &quot;autoclose&quot;: true, &quot;accordionItems&quot;: [] }\" data-wp-interactive=\"core\/accordion\" role=\"group\" class=\"wp-block-accordion has-background is-layout-flow wp-block-accordion-is-layout-flow\" style=\"background-color:#f0f7ff\">\n<div data-wp-class--is-open=\"state.isOpen\" data-wp-context=\"{ &quot;id&quot;: &quot;accordion-item-3&quot;, &quot;openByDefault&quot;: false }\" data-wp-init=\"callbacks.initAccordionItems\" data-wp-on-window--hashchange=\"callbacks.hashChange\" class=\"wp-block-accordion-item is-layout-flow wp-block-accordion-item-is-layout-flow\">\n<h3 class=\"wp-block-accordion-heading\"><button aria-expanded=\"false\" aria-controls=\"accordion-item-3-panel\" data-wp-bind--aria-expanded=\"state.isOpen\" data-wp-on--click=\"actions.toggle\" data-wp-on--keydown=\"actions.handleKeyDown\" id=\"accordion-item-3\" type=\"button\" class=\"wp-block-accordion-heading__toggle\"><span class=\"wp-block-accordion-heading__toggle-title\">3. \u00bfCu\u00e1l es la vigencia legal de los cursos de alturas en Bogot\u00e1?<\/span><span class=\"wp-block-accordion-heading__toggle-icon\" aria-hidden=\"true\">+<\/span><\/button><\/h3>\n\n\n\n<div inert aria-labelledby=\"accordion-item-3\" data-wp-bind--inert=\"!state.isOpen\" id=\"accordion-item-3-panel\" role=\"region\" class=\"wp-block-accordion-panel is-layout-flow wp-block-accordion-panel-is-layout-flow\">\n<p>Seg\u00fan la Resoluci\u00f3n 4272, la vigencia es de 18 meses para niveles operativos y un a\u00f1o para coordinadores o jefes de \u00e1rea.<\/p>\n<\/div>\n<\/div>\n<\/div>\n\n\n\n<div data-wp-context=\"{ &quot;autoclose&quot;: true, &quot;accordionItems&quot;: [] }\" data-wp-interactive=\"core\/accordion\" role=\"group\" class=\"wp-block-accordion has-background is-layout-flow wp-block-accordion-is-layout-flow\" style=\"background-color:#f0f7ff\">\n<div data-wp-class--is-open=\"state.isOpen\" data-wp-context=\"{ &quot;id&quot;: &quot;accordion-item-4&quot;, &quot;openByDefault&quot;: false }\" data-wp-init=\"callbacks.initAccordionItems\" data-wp-on-window--hashchange=\"callbacks.hashChange\" class=\"wp-block-accordion-item is-layout-flow wp-block-accordion-item-is-layout-flow\">\n<h3 class=\"wp-block-accordion-heading\"><button aria-expanded=\"false\" aria-controls=\"accordion-item-4-panel\" data-wp-bind--aria-expanded=\"state.isOpen\" data-wp-on--click=\"actions.toggle\" data-wp-on--keydown=\"actions.handleKeyDown\" id=\"accordion-item-4\" type=\"button\" class=\"wp-block-accordion-heading__toggle\"><span class=\"wp-block-accordion-heading__toggle-title\">4. \u00bfEs obligatorio el examen m\u00e9dico para la inscripci\u00f3n?<\/span><span class=\"wp-block-accordion-heading__toggle-icon\" aria-hidden=\"true\">+<\/span><\/button><\/h3>\n\n\n\n<div inert aria-labelledby=\"accordion-item-4\" data-wp-bind--inert=\"!state.isOpen\" id=\"accordion-item-4-panel\" role=\"region\" class=\"wp-block-accordion-panel is-layout-flow wp-block-accordion-panel-is-layout-flow\">\n<p>S\u00ed, es un requisito legal indispensable contar con el aval de un m\u00e9dico especialista en salud ocupacional que certifique la aptitud para tareas de alto riesgo.<\/p>\n<\/div>\n<\/div>\n<\/div>\n\n\n\n<div data-wp-context=\"{ &quot;autoclose&quot;: true, &quot;accordionItems&quot;: [] }\" data-wp-interactive=\"core\/accordion\" role=\"group\" class=\"wp-block-accordion has-background is-layout-flow wp-block-accordion-is-layout-flow\" style=\"background-color:#f0f7ff\">\n<div data-wp-class--is-open=\"state.isOpen\" data-wp-context=\"{ &quot;id&quot;: &quot;accordion-item-5&quot;, &quot;openByDefault&quot;: false }\" data-wp-init=\"callbacks.initAccordionItems\" data-wp-on-window--hashchange=\"callbacks.hashChange\" class=\"wp-block-accordion-item is-layout-flow wp-block-accordion-item-is-layout-flow\">\n<h3 class=\"wp-block-accordion-heading\"><button aria-expanded=\"false\" aria-controls=\"accordion-item-5-panel\" data-wp-bind--aria-expanded=\"state.isOpen\" data-wp-on--click=\"actions.toggle\" data-wp-on--keydown=\"actions.handleKeyDown\" id=\"accordion-item-5\" type=\"button\" class=\"wp-block-accordion-heading__toggle\"><span class=\"wp-block-accordion-heading__toggle-title\">5. \u00bfQu\u00e9 sucede si el certificado no aparece en el sistema nacional?<\/span><span class=\"wp-block-accordion-heading__toggle-icon\" aria-hidden=\"true\">+<\/span><\/button><\/h3>\n\n\n\n<div inert aria-labelledby=\"accordion-item-5\" data-wp-bind--inert=\"!state.isOpen\" id=\"accordion-item-5-panel\" role=\"region\" class=\"wp-block-accordion-panel is-layout-flow wp-block-accordion-panel-is-layout-flow\">\n<p>Debe contactar al centro de formaci\u00f3n para verificar la carga de datos; sin este registro oficial, la certificaci\u00f3n carece de validez legal ante auditor\u00edas.<\/p>\n<\/div>\n<\/div>\n<\/div>\n\n\n\n<div data-wp-context=\"{ &quot;autoclose&quot;: true, &quot;accordionItems&quot;: [] }\" data-wp-interactive=\"core\/accordion\" role=\"group\" class=\"wp-block-accordion has-background is-layout-flow wp-block-accordion-is-layout-flow\" style=\"background-color:#f0f7ff\">\n<div data-wp-class--is-open=\"state.isOpen\" data-wp-context=\"{ &quot;id&quot;: &quot;accordion-item-6&quot;, &quot;openByDefault&quot;: false }\" data-wp-init=\"callbacks.initAccordionItems\" data-wp-on-window--hashchange=\"callbacks.hashChange\" class=\"wp-block-accordion-item is-layout-flow wp-block-accordion-item-is-layout-flow\">\n<h3 class=\"wp-block-accordion-heading\"><button aria-expanded=\"false\" aria-controls=\"accordion-item-6-panel\" data-wp-bind--aria-expanded=\"state.isOpen\" data-wp-on--click=\"actions.toggle\" data-wp-on--keydown=\"actions.handleKeyDown\" id=\"accordion-item-6\" type=\"button\" class=\"wp-block-accordion-heading__toggle\"><span class=\"wp-block-accordion-heading__toggle-title\">6. \u00bfQu\u00e9 niveles de formaci\u00f3n incluye la oferta de cursos de alturas en Bogot\u00e1?<\/span><span class=\"wp-block-accordion-heading__toggle-icon\" aria-hidden=\"true\">+<\/span><\/button><\/h3>\n\n\n\n<div inert aria-labelledby=\"accordion-item-6\" data-wp-bind--inert=\"!state.isOpen\" id=\"accordion-item-6-panel\" role=\"region\" class=\"wp-block-accordion-panel is-layout-flow wp-block-accordion-panel-is-layout-flow\">\n<p>La oferta integral incluye los niveles de Jefe de \u00c1rea (Administrativo), Trabajador Autorizado, Reentrenamiento y Coordinador de Trabajo Seguro en Alturas bajo la Resoluci\u00f3n 4272.<\/p>\n<\/div>\n<\/div>\n<\/div>\n\n\n\n<div data-wp-context=\"{ &quot;autoclose&quot;: true, &quot;accordionItems&quot;: [] }\" data-wp-interactive=\"core\/accordion\" role=\"group\" class=\"wp-block-accordion has-background is-layout-flow wp-block-accordion-is-layout-flow\" style=\"background-color:#f0f7ff\">\n<div data-wp-class--is-open=\"state.isOpen\" data-wp-context=\"{ &quot;id&quot;: &quot;accordion-item-7&quot;, &quot;openByDefault&quot;: false }\" data-wp-init=\"callbacks.initAccordionItems\" data-wp-on-window--hashchange=\"callbacks.hashChange\" class=\"wp-block-accordion-item is-layout-flow wp-block-accordion-item-is-layout-flow\">\n<h3 class=\"wp-block-accordion-heading\"><button aria-expanded=\"false\" aria-controls=\"accordion-item-7-panel\" data-wp-bind--aria-expanded=\"state.isOpen\" data-wp-on--click=\"actions.toggle\" data-wp-on--keydown=\"actions.handleKeyDown\" id=\"accordion-item-7\" type=\"button\" class=\"wp-block-accordion-heading__toggle\"><span class=\"wp-block-accordion-heading__toggle-title\">7. \u00bfOfrecen descuentos para grupos de empresas o contratistas?<\/span><span class=\"wp-block-accordion-heading__toggle-icon\" aria-hidden=\"true\">+<\/span><\/button><\/h3>\n\n\n\n<div inert aria-labelledby=\"accordion-item-7\" data-wp-bind--inert=\"!state.isOpen\" id=\"accordion-item-7-panel\" role=\"region\" class=\"wp-block-accordion-panel is-layout-flow wp-block-accordion-panel-is-layout-flow\">\n<p>S\u00ed, contamos con tarifas corporativas preferenciales para la capacitaci\u00f3n de cuadrillas y personal masivo, optimizando los costos operativos de seguridad y salud en el trabajo.<\/p>\n<\/div>\n<\/div>\n<\/div>\n\n\n\n<hr class=\"wp-block-separator has-alpha-channel-opacity\"\/>\n\n\n\n<h3 class=\"wp-block-heading has-text-align-center\">\u00a1Certifica a tu equipo hoy mismo!<\/h3>\n\n\n\n<p class=\"has-text-align-center\">Evita sanciones legales y retrasos operativos en tus proyectos. En Geconexi\u00f3n garantizamos la formaci\u00f3n t\u00e9cnica superior mediante <strong>cursos de alturas en Bogot\u00e1<\/strong> con reporte inmediato al sistema para que su empresa nunca se detenga.<\/p>\n\n\n\n<div class=\"wp-block-buttons is-content-justification-center is-layout-flex wp-container-core-buttons-is-layout-16018d1d wp-block-buttons-is-layout-flex\">\n<div class=\"wp-block-button\"><a class=\"wp-block-button__link has-white-color has-text-color has-background has-link-color wp-element-button\" href=\"https:\/\/api.whatsapp.com\/send\/?phone=573103093137&amp;text=Hola+&amp;type=phone_number&amp;app_absent=0\" style=\"background-color:#5eb039\" target=\"_blank\" rel=\"noreferrer noopener\"><strong>Cotizar Curso de Alturas<\/strong><\/a><\/div>\n<\/div>\n\n\n\n<div style=\"height:33px\" aria-hidden=\"true\" class=\"wp-block-spacer\"><\/div>\n\n\n\n<iframe src=\"https:\/\/www.google.com\/maps\/embed?pb=!1m18!1m12!1m3!1d254508.39472182601!2d-74.27262389202676!3d4.64862064093139!2m3!1f0!2f0!3f0!3m2!1i1024!2i768!4f13.1!3m3!1m2!1s0x8e3f9bfd2da6cb29%3A0x239d635520a33914!2zQm9nb3TDoQ!5e0!3m2!1ses-419!2sco!4v1773852451262!5m2!1ses-419!2sco\" width=\"100%\" height=\"350\" style=\"border:0;\" allowfullscreen=\"\" loading=\"lazy\" referrerpolicy=\"no-referrer-when-downgrade\"><\/iframe>\n\n\n\n<style>\n  .directorio-alturas-bogota {\n    max-width: 1200px;\n    margin: 3rem auto;\n    font-family: system-ui, -apple-system, BlinkMacSystemFont, \"Segoe UI\", Roboto, Oxygen, Ubuntu, Cantarell, sans-serif;\n    color: #1e293b;\n    padding: 0 1rem;\n  }\n\n  .directorio-alturas-bogota h2 {\n    text-align: center;\n    font-size: 2rem;\n    font-weight: 800;\n    margin-bottom: 1rem;\n    color: #0f172a;\n    line-height: 1.3;\n  }\n\n  .directorio-subtitle {\n    text-align: center;\n    font-size: 1.1rem;\n    color: #475569;\n    margin-bottom: 2.5rem;\n    max-width: 800px;\n    margin-inline: auto;\n  }\n\n  .directorio-grid {\n    display: grid;\n    grid-template-columns: 1fr;\n    gap: 2rem;\n  }\n\n  @media (min-width: 768px) {\n    .directorio-grid {\n      grid-template-columns: repeat(2, 1fr);\n    }\n  }\n\n  @media (min-width: 1024px) {\n    .directorio-grid {\n      grid-template-columns: repeat(3, 1fr);\n    }\n  }\n\n  .tarjeta-entidad {\n    background-color: #ffffff;\n    border: 1px solid #e2e8f0;\n    border-radius: 16px;\n    overflow: hidden;\n    box-shadow: 0 4px 6px -1px rgba(0, 0, 0, 0.05), 0 2px 4px -1px rgba(0, 0, 0, 0.03);\n    transition: transform 0.3s ease, box-shadow 0.3s ease;\n    display: flex;\n    flex-direction: column;\n  }\n\n  .tarjeta-entidad:hover {\n    transform: translateY(-5px);\n    box-shadow: 0 20px 25px -5px rgba(0, 0, 0, 0.1), 0 10px 10px -5px rgba(0, 0, 0, 0.04);\n  }\n\n  .directorio-card-img-wrapper {\n    background-color: #f8fafc;\n    height: 200px;\n    display: flex;\n    align-items: center;\n    justify-content: center;\n    border-bottom: 1px solid #e2e8f0;\n  }\n\n  .directorio-card-img-wrapper img {\n    width: 90px;\n    height: 90px;\n    object-fit: contain;\n  }\n\n  .tarjeta-contenido {\n    padding: 1.5rem;\n    display: flex;\n    flex-direction: column;\n    flex-grow: 1;\n  }\n\n  .tarjeta-contenido h3 {\n    font-size: 1.25rem;\n    font-weight: 700;\n    margin: 0 0 1rem 0;\n    color: #0f172a;\n    line-height: 1.2;\n  }\n\n  .tarjeta-desc {\n    font-size: 1rem;\n    line-height: 1.6;\n    color: #475569;\n    margin-bottom: 1.5rem;\n    flex-grow: 1;\n  }\n\n  .tarjeta-acciones {\n    display: flex;\n    flex-direction: column;\n    gap: 0.75rem;\n  }\n\n  .btn-urgencia {\n    display: flex;\n    align-items: center;\n    justify-content: center;\n    background-color: #dc2626;\n    color: #ffffff;\n    padding: 0.75rem 1rem;\n    border-radius: 8px;\n    text-decoration: none;\n    font-weight: 700;\n    font-size: 1rem;\n    transition: background-color 0.2s ease;\n    text-align: center;\n  }\n\n  .btn-urgencia:hover {\n    background-color: #b91c1c;\n  }\n\n  .btn-urgencia::before {\n    content: '\ud83d\udcde';\n    margin-right: 0.5rem;\n  }\n\n  .btn-secundario {\n    display: flex;\n    align-items: center;\n    justify-content: center;\n    background-color: #ffffff;\n    color: #2563eb;\n    padding: 0.75rem 1rem;\n    border-radius: 8px;\n    text-decoration: none;\n    font-weight: 600;\n    font-size: 0.95rem;\n    border: 2px solid #bfdbfe;\n    transition: all 0.2s ease;\n    text-align: center;\n  }\n\n  .btn-secundario:hover {\n    background-color: #eff6ff;\n    border-color: #2563eb;\n  }\n\n  .btn-secundario::before {\n    content: '\ud83c\udf10';\n    margin-right: 0.5rem;\n  }\n<\/style>\n\n<div class=\"directorio-alturas-bogota\">\n  <h2><span class=\"ez-toc-section\" id=\"Directorio_de_Entidades_para_los_cursos_de_alturas_en_Bogota\"><\/span>Directorio de Entidades para los cursos de alturas en Bogot\u00e1<span class=\"ez-toc-section-end\"><\/span><\/h2>\n  <p class=\"directorio-subtitle\">Contactos institucionales y de regulaci\u00f3n obligatorios para validar la legalidad y seguridad de los centros de entrenamiento en la ciudad.<\/p>\n\n  <div class=\"directorio-grid\">\n    \n    <!-- MinTrabajo -->\n    <article class=\"tarjeta-entidad\">\n      <div class=\"directorio-card-img-wrapper\">\n        <img decoding=\"async\" src=\"data:image\/svg+xml,%3Csvg xmlns='http:\/\/www.w3.org\/2000\/svg' viewBox='0 0 24 24' fill='none' stroke='%23475569' stroke-width='2' stroke-linecap='round' stroke-linejoin='round'%3E%3Crect x='2' y='7' width='20' height='14' rx='2' ry='2'\/%3E%3Cpath d='M16 21V5a2 2 0 00-2-2h-4a2 2 0 00-2 2v16'\/%3E%3C\/svg%3E\" alt=\"Ministerio del Trabajo\">\n      <\/div>\n      <div class=\"tarjeta-contenido\">\n        <h3>Ministerio del Trabajo<\/h3>\n        <p class=\"tarjeta-desc\">Es la m\u00e1xima autoridad. Regula la Resoluci\u00f3n 4272 de 2021 y administra la plataforma SOREA, donde debe quedar cargado tu certificado para que sea legal en todo el pa\u00eds.<\/p>\n        <div class=\"tarjeta-acciones\">\n          <a href=\"tel:120\" class=\"btn-urgencia\">L\u00ednea Nacional (120)<\/a>\n          <a href=\"https:\/\/www.mintrabajo.gov.co\" target=\"_blank\" rel=\"noopener noreferrer\" class=\"btn-secundario\">Consulta SOREA<\/a>\n        <\/div>\n      <\/div>\n    <\/article>\n\n    <!-- SENA -->\n    <article class=\"tarjeta-entidad\">\n      <div class=\"directorio-card-img-wrapper\">\n        <img decoding=\"async\" src=\"data:image\/svg+xml,%3Csvg xmlns='http:\/\/www.w3.org\/2000\/svg' viewBox='0 0 24 24' fill='none' stroke='%23ea580c' stroke-width='2' stroke-linecap='round' stroke-linejoin='round'%3E%3Cpath d='M4 19.5A2.5 2.5 0 0 1 6.5 17H20'\/%3E%3Cpath d='M6.5 2H20v20H6.5A2.5 2.5 0 0 1 4 19.5v-15A2.5 2.5 0 0 1 6.5 2z'\/%3E%3C\/svg%3E\" alt=\"SENA\">\n      <\/div>\n      <div class=\"tarjeta-contenido\">\n        <h3>SENA (Servicio Nacional de Aprendizaje)<\/h3>\n        <p class=\"tarjeta-desc\">Act\u00faa como ente supervisor de los centros de entrenamiento privados. Se encarga de avalar que la pista y los programas cumplan con los est\u00e1ndares t\u00e9cnicos pedag\u00f3gicos requeridos.<\/p>\n        <div class=\"tarjeta-acciones\">\n          <a href=\"tel:+576013430111\" class=\"btn-urgencia\">L\u00ednea Atenci\u00f3n (601) 343 0111<\/a>\n          <a href=\"https:\/\/www.sena.edu.co\" target=\"_blank\" rel=\"noopener noreferrer\" class=\"btn-secundario\">Portal Oficial SENA<\/a>\n        <\/div>\n      <\/div>\n    <\/article>\n\n    <!-- Secretar\u00eda Distrital de Salud -->\n    <article class=\"tarjeta-entidad\">\n      <div class=\"directorio-card-img-wrapper\">\n        <img decoding=\"async\" src=\"data:image\/svg+xml,%3Csvg xmlns='http:\/\/www.w3.org\/2000\/svg' viewBox='0 0 24 24' fill='none' stroke='%2316a34a' stroke-width='3' stroke-linecap='round' stroke-linejoin='round'%3E%3Cpath d='M12 5v14M5 12h14'\/%3E%3C\/svg%3E\" alt=\"Secretar\u00eda de Salud\">\n      <\/div>\n      <div class=\"tarjeta-contenido\">\n        <h3>Secretar\u00eda Distrital de Salud<\/h3>\n        <p class=\"tarjeta-desc\">Supervisa que los centros de formaci\u00f3n y las IPS que emiten los certificados m\u00e9dicos ocupacionales cumplan con las condiciones sanitarias y las licencias de seguridad y salud en el trabajo.<\/p>\n        <div class=\"tarjeta-acciones\">\n          <a href=\"tel:195\" class=\"btn-urgencia\">L\u00ednea Distrital (195)<\/a>\n          <a href=\"https:\/\/saludcapital.gov.co\" target=\"_blank\" rel=\"noopener noreferrer\" class=\"btn-secundario\">Portal Secretar\u00eda de Salud<\/a>\n        <\/div>\n      <\/div>\n    <\/article>\n\n    <!-- Bomberos -->\n    <article class=\"tarjeta-entidad\">\n      <div class=\"directorio-card-img-wrapper\">\n        <img decoding=\"async\" src=\"data:image\/svg+xml,%3Csvg xmlns='http:\/\/www.w3.org\/2000\/svg' viewBox='0 0 24 24' fill='none' stroke='%23dc2626' stroke-width='2' stroke-linecap='round' stroke-linejoin='round'%3E%3Cpath d='M8.5 14.5A2.5 2.5 0 0011 12c-2.28 0-3-1.87-3-3m8.5 3.5c0-4.14-3.5-7.5-6-10.5-2.5 3-6 6.36-6 10.5a6 6 0 1012 0z'\/%3E%3C\/svg%3E\" alt=\"Bomberos Bogot\u00e1\">\n      <\/div>\n      <div class=\"tarjeta-contenido\">\n        <h3>Cuerpo Oficial de Bomberos de Bogot\u00e1<\/h3>\n        <p class=\"tarjeta-desc\">Aunque no certifican el curso, son el referente t\u00e9cnico en protocolos de rescate y emergencias. Su normativa de seguridad humana es la base para los planes de emergencia en centros de entrenamiento.<\/p>\n        <div class=\"tarjeta-acciones\">\n          <a href=\"tel:123\" class=\"btn-urgencia\">Emergencias (123)<\/a>\n          <a href=\"https:\/\/www.bomberosbogota.gov.co\" target=\"_blank\" rel=\"noopener noreferrer\" class=\"btn-secundario\">Sitio Web Oficial<\/a>\n        <\/div>\n      <\/div>\n    <\/article>\n\n    <!-- ARL -->\n    <article class=\"tarjeta-entidad\">\n      <div class=\"directorio-card-img-wrapper\">\n        <img decoding=\"async\" src=\"data:image\/svg+xml,%3Csvg xmlns='http:\/\/www.w3.org\/2000\/svg' viewBox='0 0 24 24' fill='none' stroke='%230f766e' stroke-width='2' stroke-linecap='round' stroke-linejoin='round'%3E%3Cpath d='M12 22s8-4 8-10V5l-8-3-8 3v7c0 6 8 10 8 10z'\/%3E%3C\/svg%3E\" alt=\"ARL\">\n      <\/div>\n      <div class=\"tarjeta-contenido\">\n        <h3>Administradoras de Riesgos Laborales (ARL)<\/h3>\n        <p class=\"tarjeta-desc\">Entidades como Positiva, SURA o Seguros Bol\u00edvar supervisan que las empresas afilien y capaciten a sus empleados. Son quienes exigen el soporte del curso ante cualquier accidente laboral.<\/p>\n        <div class=\"tarjeta-acciones\">\n          <a href=\"tel:#\" class=\"btn-urgencia\">Contactar ARL<\/a>\n          <a href=\"https:\/\/fasecolda.com\" target=\"_blank\" rel=\"noopener noreferrer\" class=\"btn-secundario\">Directorio Aseguradoras<\/a>\n        <\/div>\n      <\/div>\n    <\/article>\n\n    <!-- Organismos de Certificaci\u00f3n -->\n    <article class=\"tarjeta-entidad\">\n      <div class=\"directorio-card-img-wrapper\">\n        <img decoding=\"async\" src=\"data:image\/svg+xml,%3Csvg xmlns='http:\/\/www.w3.org\/2000\/svg' viewBox='0 0 24 24' fill='none' stroke='%232563eb' stroke-width='2' stroke-linecap='round' stroke-linejoin='round'%3E%3Cpath d='M22 11.08V12a10 10 0 1 1-5.93-9.14'\/%3E%3Cpolyline points='22 4 12 14.01 9 11.01'\/%3E%3C\/svg%3E\" alt=\"Certificaci\u00f3n de Producto\">\n      <\/div>\n      <div class=\"tarjeta-contenido\">\n        <h3>Organismos de Certificaci\u00f3n de Producto<\/h3>\n        <p class=\"tarjeta-desc\">Entidades que certifican que los arneses, cascos y l\u00edneas de vida utilizados en el entrenamiento cumplen con normas internacionales (ANSI, EN, CE), garantizando que el equipo sea seguro.<\/p>\n        <div class=\"tarjeta-acciones\">\n          <a href=\"tel:+576017560500\" class=\"btn-urgencia\">Consultar ONAC<\/a>\n          <a href=\"https:\/\/onac.org.co\" target=\"_blank\" rel=\"noopener noreferrer\" class=\"btn-secundario\">Directorio Oficial<\/a>\n        <\/div>\n      <\/div>\n    <\/article>\n\n  <\/div>\n<\/div>\n\n<script type=\"application\/ld+json\">\n{\n  \"@context\": \"https:\/\/schema.org\",\n  \"@graph\": [\n    {\n      \"@type\": \"GovernmentOrganization\",\n      \"name\": \"Ministerio del Trabajo\",\n      \"description\": \"Es la m\u00e1xima autoridad. Regula la Resoluci\u00f3n 4272 de 2021 y administra la plataforma SOREA, donde debe quedar cargado tu certificado para que sea legal en todo el pa\u00eds.\",\n      \"url\": \"https:\/\/www.mintrabajo.gov.co\",\n      \"telephone\": \"120\",\n      \"image\": \"data:image\/svg+xml,%3Csvg xmlns='http:\/\/www.w3.org\/2000\/svg' viewBox='0 0 24 24' fill='none' stroke='%23475569' stroke-width='2' stroke-linecap='round' stroke-linejoin='round'%3E%3Crect x='2' y='7' width='20' height='14' rx='2' ry='2'\/%3E%3Cpath d='M16 21V5a2 2 0 00-2-2h-4a2 2 0 00-2 2v16'\/%3E%3C\/svg%3E\",\n      \"address\": {\n        \"@type\": \"PostalAddress\",\n        \"addressLocality\": \"Bogot\u00e1\",\n        \"addressRegion\": \"Bogot\u00e1 D.C.\",\n        \"postalCode\": \"11001\"\n      }\n    },\n    {\n      \"@type\": \"EducationalOrganization\",\n      \"name\": \"SENA (Servicio Nacional de Aprendizaje)\",\n      \"description\": \"Act\u00faa como ente supervisor de los centros de entrenamiento privados. Se encarga de avalar que la pista y los programas cumplan con los est\u00e1ndares t\u00e9cnicos pedag\u00f3gicos requeridos.\",\n      \"url\": \"https:\/\/www.sena.edu.co\",\n      \"telephone\": \"+576013430111\",\n      \"image\": \"data:image\/svg+xml,%3Csvg xmlns='http:\/\/www.w3.org\/2000\/svg' viewBox='0 0 24 24' fill='none' stroke='%23ea580c' stroke-width='2' stroke-linecap='round' stroke-linejoin='round'%3E%3Cpath d='M4 19.5A2.5 2.5 0 0 1 6.5 17H20'\/%3E%3Cpath d='M6.5 2H20v20H6.5A2.5 2.5 0 0 1 4 19.5v-15A2.5 2.5 0 0 1 6.5 2z'\/%3E%3C\/svg%3E\",\n      \"address\": {\n        \"@type\": \"PostalAddress\",\n        \"addressLocality\": \"Bogot\u00e1\",\n        \"addressRegion\": \"Bogot\u00e1 D.C.\",\n        \"postalCode\": \"11001\"\n      }\n    },\n    {\n      \"@type\": \"GovernmentOrganization\",\n      \"name\": \"Secretar\u00eda Distrital de Salud\",\n      \"description\": \"Supervisa que los centros de formaci\u00f3n y las IPS que emiten los certificados m\u00e9dicos ocupacionales cumplan con las condiciones sanitarias y las licencias de seguridad y salud en el trabajo.\",\n      \"url\": \"https:\/\/saludcapital.gov.co\",\n      \"telephone\": \"195\",\n      \"image\": \"data:image\/svg+xml,%3Csvg xmlns='http:\/\/www.w3.org\/2000\/svg' viewBox='0 0 24 24' fill='none' stroke='%2316a34a' stroke-width='3' stroke-linecap='round' stroke-linejoin='round'%3E%3Cpath d='M12 5v14M5 12h14'\/%3E%3C\/svg%3E\",\n      \"address\": {\n        \"@type\": \"PostalAddress\",\n        \"addressLocality\": \"Bogot\u00e1\",\n        \"addressRegion\": \"Bogot\u00e1 D.C.\",\n        \"postalCode\": \"11001\"\n      }\n    },\n    {\n      \"@type\": \"FireStation\",\n      \"name\": \"Cuerpo Oficial de Bomberos de Bogot\u00e1\",\n      \"description\": \"Aunque no certifican el curso, son el referente t\u00e9cnico en protocolos de rescate y emergencias. Su normativa de seguridad humana es la base para los planes de emergencia en centros de entrenamiento.\",\n      \"url\": \"https:\/\/www.bomberosbogota.gov.co\",\n      \"telephone\": \"123\",\n      \"image\": \"data:image\/svg+xml,%3Csvg xmlns='http:\/\/www.w3.org\/2000\/svg' viewBox='0 0 24 24' fill='none' stroke='%23dc2626' stroke-width='2' stroke-linecap='round' stroke-linejoin='round'%3E%3Cpath d='M8.5 14.5A2.5 2.5 0 0011 12c-2.28 0-3-1.87-3-3m8.5 3.5c0-4.14-3.5-7.5-6-10.5-2.5 3-6 6.36-6 10.5a6 6 0 1012 0z'\/%3E%3C\/svg%3E\",\n      \"address\": {\n        \"@type\": \"PostalAddress\",\n        \"addressLocality\": \"Bogot\u00e1\",\n        \"addressRegion\": \"Bogot\u00e1 D.C.\",\n        \"postalCode\": \"11001\"\n      }\n    },\n    {\n      \"@type\": \"Organization\",\n      \"name\": \"Administradoras de Riesgos Laborales (ARL)\",\n      \"description\": \"Entidades como Positiva, SURA o Seguros Bol\u00edvar supervisan que las empresas afilien y capaciten a sus empleados. Son quienes exigen el soporte del curso ante cualquier accidente laboral.\",\n      \"url\": \"https:\/\/fasecolda.com\",\n      \"telephone\": \"120\",\n      \"image\": \"data:image\/svg+xml,%3Csvg xmlns='http:\/\/www.w3.org\/2000\/svg' viewBox='0 0 24 24' fill='none' stroke='%230f766e' stroke-width='2' stroke-linecap='round' stroke-linejoin='round'%3E%3Cpath d='M12 22s8-4 8-10V5l-8-3-8 3v7c0 6 8 10 8 10z'\/%3E%3C\/svg%3E\",\n      \"address\": {\n        \"@type\": \"PostalAddress\",\n        \"addressLocality\": \"Bogot\u00e1\",\n        \"addressRegion\": \"Bogot\u00e1 D.C.\",\n        \"postalCode\": \"11001\"\n      }\n    },\n    {\n      \"@type\": \"GovernmentOrganization\",\n      \"name\": \"Organismos de Certificaci\u00f3n de Producto\",\n      \"description\": \"Entidades que certifican que los arneses, cascos y l\u00edneas de vida utilizados en el entrenamiento cumplen con normas internacionales (ANSI, EN, CE), garantizando que el equipo sea seguro.\",\n      \"url\": \"https:\/\/onac.org.co\",\n      \"telephone\": \"+576017560500\",\n      \"image\": \"data:image\/svg+xml,%3Csvg xmlns='http:\/\/www.w3.org\/2000\/svg' viewBox='0 0 24 24' fill='none' stroke='%232563eb' stroke-width='2' stroke-linecap='round' stroke-linejoin='round'%3E%3Cpath d='M22 11.08V12a10 10 0 1 1-5.93-9.14'\/%3E%3Cpolyline points='22 4 12 14.01 9 11.01'\/%3E%3C\/svg%3E\",\n      \"address\": {\n        \"@type\": \"PostalAddress\",\n        \"addressLocality\": \"Bogot\u00e1\",\n        \"addressRegion\": \"Bogot\u00e1 D.C.\",\n        \"postalCode\": \"11001\"\n      }\n    }\n  ]\n}\n<\/script>\n","protected":false},"excerpt":{"rendered":"<p>Accede al mejor curso de alturas en Bogot\u00e1. Certificaci\u00f3n legal con reporte inmediato al Ministerio, infraestructura t\u00e9cnica y tarifas especiales para empresas.<\/p>\n","protected":false},"author":1,"featured_media":4048,"comment_status":"open","ping_status":"open","sticky":false,"template":"","format":"standard","meta":{"_acf_changed":false,"footnotes":""},"categories":[63],"tags":[78,101],"class_list":["post-4020","post","type-post","status-publish","format-standard","has-post-thumbnail","hentry","category-trabajo-en-altura","tag-equipos-certificados","tag-resolucion-4272-2021"],"acf":[],"_links":{"self":[{"href":"https:\/\/www.geconexion.com.co\/alquiler\/wp-json\/wp\/v2\/posts\/4020","targetHints":{"allow":["GET"]}}],"collection":[{"href":"https:\/\/www.geconexion.com.co\/alquiler\/wp-json\/wp\/v2\/posts"}],"about":[{"href":"https:\/\/www.geconexion.com.co\/alquiler\/wp-json\/wp\/v2\/types\/post"}],"author":[{"embeddable":true,"href":"https:\/\/www.geconexion.com.co\/alquiler\/wp-json\/wp\/v2\/users\/1"}],"replies":[{"embeddable":true,"href":"https:\/\/www.geconexion.com.co\/alquiler\/wp-json\/wp\/v2\/comments?post=4020"}],"version-history":[{"count":43,"href":"https:\/\/www.geconexion.com.co\/alquiler\/wp-json\/wp\/v2\/posts\/4020\/revisions"}],"predecessor-version":[{"id":4228,"href":"https:\/\/www.geconexion.com.co\/alquiler\/wp-json\/wp\/v2\/posts\/4020\/revisions\/4228"}],"wp:featuredmedia":[{"embeddable":true,"href":"https:\/\/www.geconexion.com.co\/alquiler\/wp-json\/wp\/v2\/media\/4048"}],"wp:attachment":[{"href":"https:\/\/www.geconexion.com.co\/alquiler\/wp-json\/wp\/v2\/media?parent=4020"}],"wp:term":[{"taxonomy":"category","embeddable":true,"href":"https:\/\/www.geconexion.com.co\/alquiler\/wp-json\/wp\/v2\/categories?post=4020"},{"taxonomy":"post_tag","embeddable":true,"href":"https:\/\/www.geconexion.com.co\/alquiler\/wp-json\/wp\/v2\/tags?post=4020"}],"curies":[{"name":"wp","href":"https:\/\/api.w.org\/{rel}","templated":true}]}}