{"id":3988,"date":"2026-03-18T02:04:03","date_gmt":"2026-03-18T02:04:03","guid":{"rendered":"https:\/\/www.geconexion.com.co\/alquiler\/?p=3988"},"modified":"2026-04-24T21:03:06","modified_gmt":"2026-04-24T21:03:06","slug":"alquiler-de-plataforma-de-tijera-en-engativa","status":"publish","type":"post","link":"https:\/\/www.geconexion.com.co\/alquiler\/alquiler-de-plataforma-de-tijera-en-engativa\/","title":{"rendered":"Alquiler de plataforma de tijera en Engativ\u00e1 &#8211; Equipos certificados 2026 \u26a1"},"content":{"rendered":"\n<p>Garantizar la integridad t\u00e9cnica en maniobras de altura requiere equipos que fusionen estabilidad mec\u00e1nica y cumplimiento de la Resoluci\u00f3n 4272. Nuestro servicio de renta de Manlift tijera en Engativ\u00e1 proporciona elevadores autopropulsados con sistemas hidr\u00e1ulicos de precisi\u00f3n, eliminando riesgos operativos en bodegas y centros log\u00edsticos. Asegure la continuidad de su proyecto con maquinaria certificada que garantiza un entorno de trabajo seguro y eficiente bajo est\u00e1ndares de ingenier\u00eda avanzados. Solicite asesor\u00eda t\u00e9cnica y cotice hoy mismo la soluci\u00f3n ideal para su obra con disponibilidad inmediata.<\/p>\n\n\n\n<div class=\"wp-block-buttons is-content-justification-center is-layout-flex wp-container-core-buttons-is-layout-16018d1d wp-block-buttons-is-layout-flex\">\n<div class=\"wp-block-button\"><a class=\"wp-block-button__link has-white-color has-text-color has-background has-link-color wp-element-button\" href=\"https:\/\/api.whatsapp.com\/send\/?phone=573103093137&amp;text=Hola+&amp;type=phone_number&amp;app_absent=0\" style=\"background-color:#5eb039\" target=\"_blank\" rel=\"noreferrer noopener\"><strong>\ud83d\udcde Cotizar Ahora<\/strong><\/a><\/div>\n<\/div>\n\n\n\n<!--more LEER MAS-->\n\n\n\n<div id=\"ez-toc-container\" class=\"ez-toc-v2_0_82_2 counter-hierarchy ez-toc-counter ez-toc-light-blue ez-toc-container-direction\">\n<div class=\"ez-toc-title-container\">\n<p class=\"ez-toc-title\" style=\"cursor:inherit\">Indice<\/p>\n<span class=\"ez-toc-title-toggle\"><a href=\"#\" class=\"ez-toc-pull-right ez-toc-btn ez-toc-btn-xs ez-toc-btn-default ez-toc-toggle\" aria-label=\"Alternar tabla de contenidos\"><span class=\"ez-toc-js-icon-con\"><span class=\"\"><span class=\"eztoc-hide\" style=\"display:none;\">Toggle<\/span><span class=\"ez-toc-icon-toggle-span\"><svg style=\"fill: #999;color:#999\" xmlns=\"http:\/\/www.w3.org\/2000\/svg\" class=\"list-377408\" width=\"20px\" height=\"20px\" viewBox=\"0 0 24 24\" fill=\"none\"><path d=\"M6 6H4v2h2V6zm14 0H8v2h12V6zM4 11h2v2H4v-2zm16 0H8v2h12v-2zM4 16h2v2H4v-2zm16 0H8v2h12v-2z\" fill=\"currentColor\"><\/path><\/svg><svg style=\"fill: #999;color:#999\" class=\"arrow-unsorted-368013\" xmlns=\"http:\/\/www.w3.org\/2000\/svg\" width=\"10px\" height=\"10px\" viewBox=\"0 0 24 24\" version=\"1.2\" baseProfile=\"tiny\"><path d=\"M18.2 9.3l-6.2-6.3-6.2 6.3c-.2.2-.3.4-.3.7s.1.5.3.7c.2.2.4.3.7.3h11c.3 0 .5-.1.7-.3.2-.2.3-.5.3-.7s-.1-.5-.3-.7zM5.8 14.7l6.2 6.3 6.2-6.3c.2-.2.3-.5.3-.7s-.1-.5-.3-.7c-.2-.2-.4-.3-.7-.3h-11c-.3 0-.5.1-.7.3-.2.2-.3.5-.3.7s.1.5.3.7z\"\/><\/svg><\/span><\/span><\/span><\/a><\/span><\/div>\n<nav><ul class='ez-toc-list ez-toc-list-level-1 ' ><li class='ez-toc-page-1 ez-toc-heading-level-2'><a class=\"ez-toc-link ez-toc-heading-1\" href=\"https:\/\/www.geconexion.com.co\/alquiler\/alquiler-de-plataforma-de-tijera-en-engativa\/#Tipos_de_equipos_para_el_alquiler_de_plataforma_de_tijera_en_Engativa\" >Tipos de equipos para el alquiler de plataforma de tijera en Engativ\u00e1<\/a><\/li><li class='ez-toc-page-1 ez-toc-heading-level-2'><a class=\"ez-toc-link ez-toc-heading-2\" href=\"https:\/\/www.geconexion.com.co\/alquiler\/alquiler-de-plataforma-de-tijera-en-engativa\/#%C2%BFCual_es_el_precio_del_alquiler_de_plataforma_de_tijera_en_Engativa\" >\u00bfCu\u00e1l es el precio del alquiler de plataforma de tijera en Engativ\u00e1?<\/a><\/li><li class='ez-toc-page-1 ez-toc-heading-level-2'><a class=\"ez-toc-link ez-toc-heading-3\" href=\"https:\/\/www.geconexion.com.co\/alquiler\/alquiler-de-plataforma-de-tijera-en-engativa\/#Requisitos_para_el_alquiler_de_plataforma_de_tijera_en_Engativa\" >Requisitos para el alquiler de plataforma de tijera en Engativ\u00e1<\/a><\/li><li class='ez-toc-page-1 ez-toc-heading-level-2'><a class=\"ez-toc-link ez-toc-heading-4\" href=\"https:\/\/www.geconexion.com.co\/alquiler\/alquiler-de-plataforma-de-tijera-en-engativa\/#Cobertura_para_el_alquiler_de_plataforma_de_tijera_en_Bogota_y_Cundinamarca\" >Cobertura para el alquiler de plataforma de tijera en Bogot\u00e1 y Cundinamarca<\/a><\/li><li class='ez-toc-page-1 ez-toc-heading-level-2'><a class=\"ez-toc-link ez-toc-heading-5\" href=\"https:\/\/www.geconexion.com.co\/alquiler\/alquiler-de-plataforma-de-tijera-en-engativa\/#Normatividad_y_seguridad_para_el_alquiler_de_plataforma_de_tijera_en_Engativa\" >Normatividad y seguridad para el alquiler de plataforma de tijera en Engativ\u00e1<\/a><\/li><li class='ez-toc-page-1 ez-toc-heading-level-2'><a class=\"ez-toc-link ez-toc-heading-6\" href=\"https:\/\/www.geconexion.com.co\/alquiler\/alquiler-de-plataforma-de-tijera-en-engativa\/#Beneficios_del_alquiler_de_plataforma_de_tijera_con_Geconexion\" >Beneficios del alquiler de plataforma de tijera con Geconexi\u00f3n<\/a><\/li><li class='ez-toc-page-1 ez-toc-heading-level-2'><a class=\"ez-toc-link ez-toc-heading-7\" href=\"https:\/\/www.geconexion.com.co\/alquiler\/alquiler-de-plataforma-de-tijera-en-engativa\/#Preguntas_Frecuentes_sobre_el_Alquiler_de_Plataforma_de_Tijera_en_Engativa\" >Preguntas Frecuentes sobre el Alquiler de Plataforma de Tijera en Engativ\u00e1<\/a><\/li><li class='ez-toc-page-1 ez-toc-heading-level-2'><a class=\"ez-toc-link ez-toc-heading-8\" href=\"https:\/\/www.geconexion.com.co\/alquiler\/alquiler-de-plataforma-de-tijera-en-engativa\/#Directorio_de_Emergencias_para_el_alquiler_de_plataforma_de_tijera_en_Engativa\" >Directorio de Emergencias para el alquiler de plataforma de tijera en Engativ\u00e1<\/a><\/li><\/ul><\/nav><\/div>\n<h2 class=\"wp-block-heading\"><span class=\"ez-toc-section\" id=\"Tipos_de_equipos_para_el_alquiler_de_plataforma_de_tijera_en_Engativa\"><\/span>Tipos de equipos para el alquiler de plataforma de tijera en Engativ\u00e1<span class=\"ez-toc-section-end\"><\/span><\/h2>\n\n\n\n<p>Contar con maquinaria de alta especificaci\u00f3n t\u00e9cnica resulta determinante para la productividad de su obra. La <strong>renta de equipo para trabajo en alturas<\/strong> facilita el acceso a una flota certificada, garantizando maniobras precisas y seguras bajo las condiciones operativas m\u00e1s exigentes de la localidad.<\/p>\n\n\n\n<div class=\"wp-block-media-text is-stacked-on-mobile has-background\" style=\"background-color:#f0f8ff\"><figure class=\"wp-block-media-text__media\"><img loading=\"lazy\" decoding=\"async\" width=\"600\" height=\"300\" src=\"https:\/\/www.geconexion.com.co\/alquiler\/wp-content\/uploads\/2026\/03\/Tijera-Electrica-en-interior-de-bodega-comercial.jpeg\" alt=\"Tijera Electrica en interior de bodega comercial trabajando en alturas de forma segura.\" class=\"wp-image-3995 size-full\" srcset=\"https:\/\/www.geconexion.com.co\/alquiler\/wp-content\/uploads\/2026\/03\/Tijera-Electrica-en-interior-de-bodega-comercial.jpeg 600w, https:\/\/www.geconexion.com.co\/alquiler\/wp-content\/uploads\/2026\/03\/Tijera-Electrica-en-interior-de-bodega-comercial-300x150.jpeg 300w, https:\/\/www.geconexion.com.co\/alquiler\/wp-content\/uploads\/2026\/03\/Tijera-Electrica-en-interior-de-bodega-comercial-555x278.jpeg 555w\" sizes=\"auto, (max-width: 600px) 100vw, 600px\" \/><\/figure><div class=\"wp-block-media-text__content\">\n<h3 class=\"wp-block-heading has-text-align-left\">Tijeras El\u00e9ctricas: Silenciosas y Ecol\u00f3gicas<\/h3>\n\n\n\n<p class=\"has-text-align-left\">Estas unidades son la soluci\u00f3n de ingenier\u00eda ideal para proyectos en centros comerciales o bodegas log\u00edsticas de Engativ\u00e1. Su dise\u00f1o prioriza la seguridad industrial al integrar neum\u00e1ticos que no dejan huella y bater\u00edas de ciclo profundo que aseguran autonom\u00eda sin emisiones sonoras.<\/p>\n\n\n\n<ul class=\"wp-block-list\">\n<li><strong>Alcance t\u00e9cnico:<\/strong> Modelos con altura de trabajo desde 7.8 hasta 14 metros.<\/li>\n\n\n\n<li><strong>Capacidad de carga:<\/strong> Estabilidad garantizada para elevar hasta 390 kg (operarios + herramientas).<\/li>\n\n\n\n<li><strong>Ventaja SST:<\/strong> Cero emisiones de CO2 y chasis ultra compacto para pasillos estrechos.<\/li>\n<\/ul>\n<\/div><\/div>\n\n\n\n<div style=\"height:19px\" aria-hidden=\"true\" class=\"wp-block-spacer\"><\/div>\n\n\n\n<div class=\"wp-block-media-text is-stacked-on-mobile has-background\" style=\"background-color:#f0f8ff\"><figure class=\"wp-block-media-text__media\"><img loading=\"lazy\" decoding=\"async\" width=\"500\" height=\"300\" src=\"https:\/\/www.geconexion.com.co\/alquiler\/wp-content\/uploads\/2026\/03\/tijera-electrica-diesel-4x4-1.jpeg\" alt=\"tijera electrica diesel 4x4 operando en terrenos dif\u00edciles de construcci\u00f3n exterior.\" class=\"wp-image-3996 size-full\" srcset=\"https:\/\/www.geconexion.com.co\/alquiler\/wp-content\/uploads\/2026\/03\/tijera-electrica-diesel-4x4-1.jpeg 500w, https:\/\/www.geconexion.com.co\/alquiler\/wp-content\/uploads\/2026\/03\/tijera-electrica-diesel-4x4-1-300x180.jpeg 300w\" sizes=\"auto, (max-width: 500px) 100vw, 500px\" \/><\/figure><div class=\"wp-block-media-text__content\">\n<h3 class=\"wp-block-heading has-text-align-left\">Tijeras Di\u00e9sel 4&#215;4: Potencia para exteriores y terrenos dif\u00edciles<\/h3>\n\n\n\n<p>Configuradas para la construcci\u00f3n pesada y el mantenimiento de fachadas en zonas industriales de Engativ\u00e1, estas unidades ofrecen un desempe\u00f1o mec\u00e1nico superior. Su motor de combusti\u00f3n interna entrega el torque necesario para superar terrenos irregulares o pendientes pronunciadas, garantizando estabilidad estructural en las maniobras m\u00e1s exigentes.<\/p>\n\n\n\n<ul class=\"wp-block-list\">\n<li><strong>Rendimiento t\u00e9cnico:<\/strong> Alturas de trabajo que alcanzan hasta los 18 metros.<\/li>\n\n\n\n<li><strong>Seguridad operativa:<\/strong> Tracci\u00f3n 4&#215;4 con estabilizadores hidr\u00e1ulicos autom\u00e1ticos para nivelaci\u00f3n en suelos complejos.<\/li>\n\n\n\n<li><strong>Capacidad industrial:<\/strong> Robustez certificada para soportar m\u00faltiples operarios y materiales de construcci\u00f3n de forma simult\u00e1nea.<\/li>\n<\/ul>\n<\/div><\/div>\n\n\n\n<div style=\"height:19px\" aria-hidden=\"true\" class=\"wp-block-spacer\"><\/div>\n\n\n\n<div class=\"wp-block-media-text is-stacked-on-mobile has-background\" style=\"background-color:#f0f8ff\"><figure class=\"wp-block-media-text__media\"><img loading=\"lazy\" decoding=\"async\" width=\"998\" height=\"576\" src=\"https:\/\/www.geconexion.com.co\/alquiler\/wp-content\/uploads\/2026\/03\/plataforma-de-tijera-hibrida.jpg\" alt=\"plataforma de tijera hibrida bi-energ\u00e9tica para uso vers\u00e1til en interiores y exteriores.\" class=\"wp-image-3998 size-full\" srcset=\"https:\/\/www.geconexion.com.co\/alquiler\/wp-content\/uploads\/2026\/03\/plataforma-de-tijera-hibrida.jpg 998w, https:\/\/www.geconexion.com.co\/alquiler\/wp-content\/uploads\/2026\/03\/plataforma-de-tijera-hibrida-300x173.jpg 300w, https:\/\/www.geconexion.com.co\/alquiler\/wp-content\/uploads\/2026\/03\/plataforma-de-tijera-hibrida-768x443.jpg 768w, https:\/\/www.geconexion.com.co\/alquiler\/wp-content\/uploads\/2026\/03\/plataforma-de-tijera-hibrida-555x320.jpg 555w, https:\/\/www.geconexion.com.co\/alquiler\/wp-content\/uploads\/2026\/03\/plataforma-de-tijera-hibrida-600x346.jpg 600w\" sizes=\"auto, (max-width: 998px) 100vw, 998px\" \/><\/figure><div class=\"wp-block-media-text__content\">\n<h3 class=\"wp-block-heading has-text-align-left\">Tijeras Bi-energ\u00e9ticas (H\u00edbridas): Versatilidad en ingenier\u00eda<\/h3>\n\n\n\n<p class=\"has-text-align-left\">Esta tecnolog\u00eda de vanguardia permite la transici\u00f3n inmediata entre exteriores con motor di\u00e9sel e interiores mediante propulsi\u00f3n el\u00e9ctrica. Al elegir estas unidades para el <strong>alquiler de elevadores de tijera<\/strong>, se garantiza una soluci\u00f3n integral que reduce costos log\u00edsticos y cumple con las normativas de seguridad ambiental y auditiva en Engativ\u00e1.<\/p>\n\n\n\n<ul class=\"wp-block-list\">\n<li><strong>Rendimiento t\u00e9cnico:<\/strong> Alturas de trabajo de hasta 12 metros y capacidad de carga de 250 kg.<\/li>\n\n\n\n<li><strong>Adaptabilidad:<\/strong> Cambio de propulsi\u00f3n inmediato seg\u00fan la zona de maniobra (abierta o confinada).<\/li>\n\n\n\n<li><strong>Autonom\u00eda:<\/strong> Configuraci\u00f3n ideal para proyectos extensos con acceso limitado a puntos de carga el\u00e9ctrica.<\/li>\n<\/ul>\n<\/div><\/div>\n\n\n\n<div style=\"height:19px\" aria-hidden=\"true\" class=\"wp-block-spacer\"><\/div>\n\n\n\n<div class=\"wp-block-media-text is-stacked-on-mobile has-background\" style=\"background-color:#f0f8ff\"><figure class=\"wp-block-media-text__media\"><img loading=\"lazy\" decoding=\"async\" width=\"726\" height=\"420\" src=\"https:\/\/www.geconexion.com.co\/alquiler\/wp-content\/uploads\/2026\/03\/plataforma-de-tijera-unipersonales.jpeg\" alt=\"plataforma de tijera unipersonales para mantenimiento t\u00e9cnico en espacios reducidos.\" class=\"wp-image-3997 size-full\" srcset=\"https:\/\/www.geconexion.com.co\/alquiler\/wp-content\/uploads\/2026\/03\/plataforma-de-tijera-unipersonales.jpeg 726w, https:\/\/www.geconexion.com.co\/alquiler\/wp-content\/uploads\/2026\/03\/plataforma-de-tijera-unipersonales-300x174.jpeg 300w, https:\/\/www.geconexion.com.co\/alquiler\/wp-content\/uploads\/2026\/03\/plataforma-de-tijera-unipersonales-555x321.jpeg 555w, https:\/\/www.geconexion.com.co\/alquiler\/wp-content\/uploads\/2026\/03\/plataforma-de-tijera-unipersonales-600x347.jpeg 600w\" sizes=\"auto, (max-width: 726px) 100vw, 726px\" \/><\/figure><div class=\"wp-block-media-text__content\">\n<h3 class=\"wp-block-heading has-text-align-left\">Elevadores Unipersonales y M\u00e1stiles Verticales<\/h3>\n\n\n\n<p class=\"has-text-align-left\">Para intervenciones en oficinas de \u00c1lamos o locales comerciales con \u00e1reas restringidas, estos equipos representan la soluci\u00f3n de ingenier\u00eda m\u00e1s eficiente y compacta. Su dise\u00f1o ligero permite el tr\u00e1nsito por superficies delicadas y el acceso a puntos cr\u00edticos donde una plataforma convencional no puede operar.<\/p>\n\n\n\n<ul class=\"wp-block-list\">\n<li><strong>Ficha t\u00e9cnica:<\/strong> Altura de trabajo hasta 10 metros y capacidad de carga para un operario (159 kg).<\/li>\n\n\n\n<li><strong>Maniobrabilidad:<\/strong> Dimensiones optimizadas para pasar por puertas est\u00e1ndar y transportarse en ascensores de carga convencionales.<\/li>\n\n\n\n<li><strong>Aplicaci\u00f3n t\u00e9cnica:<\/strong> Instalaciones el\u00e9ctricas r\u00e1pidas, mantenimiento de luminarias y limpieza t\u00e9cnica de techos bajo estrictos protocolos de seguridad.<\/li>\n<\/ul>\n<\/div><\/div>\n\n\n\n<div style=\"height:19px\" aria-hidden=\"true\" class=\"wp-block-spacer\"><\/div>\n\n\n\n<div class=\"wp-block-media-text is-stacked-on-mobile has-background\" style=\"background-color:#f0f8ff\"><figure class=\"wp-block-media-text__media\"><img loading=\"lazy\" decoding=\"async\" width=\"729\" height=\"420\" src=\"https:\/\/www.geconexion.com.co\/alquiler\/wp-content\/uploads\/2026\/03\/plataforma-de-tijera-de-oruga.jpeg\" alt=\"plataforma de tijera de oruga para trabajos en terrenos de lodo o arena inestable.\" class=\"wp-image-3999 size-full\" srcset=\"https:\/\/www.geconexion.com.co\/alquiler\/wp-content\/uploads\/2026\/03\/plataforma-de-tijera-de-oruga.jpeg 729w, https:\/\/www.geconexion.com.co\/alquiler\/wp-content\/uploads\/2026\/03\/plataforma-de-tijera-de-oruga-300x173.jpeg 300w, https:\/\/www.geconexion.com.co\/alquiler\/wp-content\/uploads\/2026\/03\/plataforma-de-tijera-de-oruga-555x320.jpeg 555w, https:\/\/www.geconexion.com.co\/alquiler\/wp-content\/uploads\/2026\/03\/plataforma-de-tijera-de-oruga-600x346.jpeg 600w\" sizes=\"auto, (max-width: 729px) 100vw, 729px\" \/><\/figure><div class=\"wp-block-media-text__content\">\n<h3 class=\"wp-block-heading has-text-align-left\">Tijeras de Orugas (Crawler): Para Suelos Blandos<\/h3>\n\n\n\n<p class=\"has-text-align-left\">Dise\u00f1adas para fases iniciales de construcci\u00f3n con suelos de lodo, arena o c\u00e9sped, estas unidades distribuyen el peso uniformemente para evitar hundimientos. Su ingenier\u00eda garantiza la nivelaci\u00f3n del chasis en condiciones de tracci\u00f3n cr\u00edtica, asegurando maniobras estables en los terrenos m\u00e1s complejos de Engativ\u00e1.<\/p>\n\n\n\n<ul class=\"wp-block-list\">\n<li><strong>Capacidad t\u00e9cnica:<\/strong> Alturas de trabajo de hasta 14 metros con capacidad de carga de 230 kg.<\/li>\n\n\n\n<li><strong>Tracci\u00f3n superior:<\/strong> Adherencia mec\u00e1nica excepcional en superficies blandas y pendientes irregulares.<\/li>\n\n\n\n<li><strong>Seguridad operativa:<\/strong> Sistema de nivelaci\u00f3n autom\u00e1tica que optimiza la estabilidad del operario en tiempo real.<\/li>\n<\/ul>\n<\/div><\/div>\n\n\n\n<div style=\"height:19px\" aria-hidden=\"true\" class=\"wp-block-spacer\"><\/div>\n\n\n\n<div class=\"wp-block-media-text is-stacked-on-mobile has-background\" style=\"background-color:#f0f8ff\"><figure class=\"wp-block-media-text__media\"><img loading=\"lazy\" decoding=\"async\" width=\"600\" height=\"300\" src=\"https:\/\/www.geconexion.com.co\/alquiler\/wp-content\/uploads\/2026\/03\/plataforma-de-tijera-de-gran-alcance.jpeg\" alt=\"plataforma de tijera de gran alcance en estructura met\u00e1lica de gran envergadura.\" class=\"wp-image-4000 size-full\" srcset=\"https:\/\/www.geconexion.com.co\/alquiler\/wp-content\/uploads\/2026\/03\/plataforma-de-tijera-de-gran-alcance.jpeg 600w, https:\/\/www.geconexion.com.co\/alquiler\/wp-content\/uploads\/2026\/03\/plataforma-de-tijera-de-gran-alcance-300x150.jpeg 300w, https:\/\/www.geconexion.com.co\/alquiler\/wp-content\/uploads\/2026\/03\/plataforma-de-tijera-de-gran-alcance-555x278.jpeg 555w\" sizes=\"auto, (max-width: 600px) 100vw, 600px\" \/><\/figure><div class=\"wp-block-media-text__content\">\n<h3 class=\"wp-block-heading has-text-align-left\">Plataformas de Gran Alcance (Heavy Duty): M\u00e1xima capacidad industrial<\/h3>\n\n\n\n<p class=\"has-text-align-left\">Para proyectos de infraestructura de gran envergadura en sectores industriales, proporcionamos tijeras de alta capacidad con plataformas extensibles. Estas unidades de ingenier\u00eda pesada permiten cubrir \u00e1reas de trabajo horizontales amplias, optimizando los tiempos de ejecuci\u00f3n al minimizar los desplazamientos de la base en obra.<\/p>\n\n\n\n<ul class=\"wp-block-list\">\n<li><strong>Ficha t\u00e9cnica:<\/strong> Alturas de trabajo superiores a 18 metros y capacidad de carga reforzada para equipos pesados.<\/li>\n\n\n\n<li><strong>Rendimiento:<\/strong> Extensiones de hasta 3 metros que ampl\u00edan el radio de acci\u00f3n de manera segura y estable.<\/li>\n\n\n\n<li><strong>Normativa SST:<\/strong> Cumplimiento estricto de la Resoluci\u00f3n 4272 de 2021, garantizando la m\u00e1xima protecci\u00f3n del personal en operaciones cr\u00edticas de altura.<\/li>\n<\/ul>\n<\/div><\/div>\n\n\n\n<h2 class=\"wp-block-heading\"><span class=\"ez-toc-section\" id=\"%C2%BFCual_es_el_precio_del_alquiler_de_plataforma_de_tijera_en_Engativa\"><\/span>\u00bfCu\u00e1l es el precio del alquiler de plataforma de tijera en Engativ\u00e1?<span class=\"ez-toc-section-end\"><\/span><\/h2>\n\n\n\n<p>Para que su proyecto sea financieramente viable, es fundamental elegir el periodo de renta que mejor se adapte al cronograma de obra. La <strong>renta de equipos de elevaci\u00f3n<\/strong> ofrece flexibilidad t\u00e9cnica para escalar la operaci\u00f3n seg\u00fan la fase en la que se encuentre su construcci\u00f3n o mantenimiento industrial.<\/p>\n\n\n\n<h3 class=\"wp-block-heading\">Esquemas de contrataci\u00f3n y rentabilidad<\/h3>\n\n\n\n<figure class=\"wp-block-table\"><table class=\"has-fixed-layout\"><tbody><tr><td><strong>Periodo de Renta<\/strong><\/td><td><strong>Impacto en el Presupuesto<\/strong><\/td><\/tr><tr><td><strong>Alquiler por D\u00eda<\/strong><\/td><td>Ideal para intervenciones cr\u00edticas o montajes r\u00e1pidos. Es la tarifa base, pero resuelve necesidades de log\u00edstica inmediata.<\/td><\/tr><tr><td><strong>Alquiler por Semana<\/strong><\/td><td>Recomendada para fases espec\u00edficas de construcci\u00f3n o pintura de fachadas. Ofrece un equilibrio entre disponibilidad y costo operativo.<\/td><\/tr><tr><td><strong>Alquiler por Mes<\/strong><\/td><td>El modelo m\u00e1s rentable para obras civiles de larga duraci\u00f3n en Engativ\u00e1. El costo por jornada disminuye al asegurar el equipo por periodos extendidos.<\/td><\/tr><\/tbody><\/table><\/figure>\n\n\n\n<h2 class=\"wp-block-heading\"><span class=\"ez-toc-section\" id=\"Requisitos_para_el_alquiler_de_plataforma_de_tijera_en_Engativa\"><\/span>Requisitos para el alquiler de plataforma de tijera en Engativ\u00e1<span class=\"ez-toc-section-end\"><\/span><\/h2>\n\n\n\n<p>Garantizar la continuidad operativa de su proyecto requiere el cumplimiento de est\u00e1ndares normativos y un respaldo t\u00e9cnico inmediato. Al gestionar el <strong>servicio de elevaci\u00f3n autopropulsada<\/strong>, es indispensable contar con la documentaci\u00f3n legal vigente y un plan de acompa\u00f1amiento que minimice los tiempos de inactividad en el sitio de trabajo.<\/p>\n\n\n\n<ul class=\"wp-block-list\">\n<li>\ud83d\udc77 <strong>Certificaci\u00f3n de Alturas:<\/strong> Los operarios deben acreditar su <strong><a href=\"https:\/\/www.geconexion.com.co\/cursos-de-alturas-bogota.html\" target=\"_blank\" rel=\"noreferrer noopener\">curso de trabajo seguro en alturas<\/a><\/strong> vigente para laborar en niveles elevados, garantizando la seguridad industrial en cada maniobra.<br><\/li>\n\n\n\n<li>\ud83d\udee1\ufe0f <strong>Seguridad Social:<\/strong> Es obligatorio que todo el personal en obra cuente con su afiliaci\u00f3n activa a EPS y ARL con riesgo V para cubrir cualquier eventualidad en el proyecto.<br><\/li>\n\n\n\n<li>\ud83d\udccb <strong>Inspecci\u00f3n del Equipo:<\/strong> Cada unidad se entrega con su certificado de inspecci\u00f3n anual y hoja de vida t\u00e9cnica actualizada para asegurar su perfecto funcionamiento mec\u00e1nico.<br><\/li>\n\n\n\n<li>\ud83d\udee0\ufe0f <strong>Mantenimiento en Sitio:<\/strong> Disponemos de personal t\u00e9cnico especializado para realizar ajustes menores y revisiones preventivas directamente en su ubicaci\u00f3n en Engativ\u00e1.<br><\/li>\n\n\n\n<li>\ud83d\udd04 <strong>Sustituci\u00f3n de Unidades:<\/strong> En caso de fallas mayores, gestionamos el cambio del equipo en tiempo r\u00e9cord para evitar retrasos log\u00edsticos en su cronograma.<br><\/li>\n\n\n\n<li>\ud83d\udd0d <strong>Asesor\u00eda en Selecci\u00f3n:<\/strong> Analizamos las condiciones del terreno y la altura requerida para recomendar la potencia di\u00e9sel o autonom\u00eda el\u00e9ctrica m\u00e1s adecuada.<\/li>\n<\/ul>\n\n\n\n<h2 class=\"wp-block-heading\"><span class=\"ez-toc-section\" id=\"Cobertura_para_el_alquiler_de_plataforma_de_tijera_en_Bogota_y_Cundinamarca\"><\/span>Cobertura para el alquiler de plataforma de tijera en Bogot\u00e1 y Cundinamarca<span class=\"ez-toc-section-end\"><\/span><\/h2>\n\n\n\n<p>Nuestra infraestructura log\u00edstica permite asegurar una entrega puntual y eficiente en los principales puntos de desarrollo urban\u00edstico e industrial de la capital. Disponemos de transporte especializado para movilizar cada unidad bajo estrictos protocolos de seguridad, garantizando la disponibilidad inmediata para el alquiler de plataforma de tijera en Engativ\u00e1 y sectores estrat\u00e9gicos.<\/p>\n\n\n\n<p>\ud83d\udccd <strong>Zona Norte:<\/strong> Operaciones constantes en <strong>Suba y Usaqu\u00e9n<\/strong>, atendiendo proyectos de remodelaci\u00f3n comercial y mantenimiento de fachadas en grandes superficies.<\/p>\n\n\n\n<p>\ud83d\udccd <strong>Zona Sur:<\/strong> Despliegue t\u00e9cnico en <strong>Kennedy y Bosa<\/strong>, zonas con alta demanda de soluciones de elevaci\u00f3n para bodegaje e infraestructura log\u00edstica pesada.<\/p>\n\n\n\n<p>\ud83d\udccd <strong>Zona Oeste \/ Este:<\/strong> Respuesta r\u00e1pida en <strong>Fontib\u00f3n y Teusaquillo<\/strong>, sectores clave para la instalaci\u00f3n de redes y mantenimiento preventivo en edificaciones corporativas.<\/p>\n\n\n\n<p>\ud83d\udccd <strong>Municipios Aleda\u00f1os:<\/strong> Cobertura extendida en la sabana, llegando a <strong>Cota, Mosquera y Funza<\/strong> para dar soporte a parques industriales y proyectos de construcci\u00f3n civil.<\/p>\n\n\n\n<div style=\"height:20px\" aria-hidden=\"true\" class=\"wp-block-spacer\"><\/div>\n\n\n\n<h3 class=\"wp-block-heading\">Visite nuestras instalaciones y centro log\u00edstico<\/h3>\n\n\n\n<iframe src=\"https:\/\/www.google.com\/maps\/embed?pb=!1m18!1m12!1m3!1d15903.563858052394!2d-74.13685796044923!3d4.7887462000000065!2m3!1f0!2f0!3f0!3m2!1i1024!2i768!4f13.1!3m3!1m2!1s0x8e3f8735148cb45f%3A0xbab0b7c304933361!2sGe%20Conexi%C3%B3n!5e0!3m2!1ses!2sco!4v1777061193106!5m2!1ses!2sco\" width=\"100%\" height=\"300\" style=\"border:0;\" allowfullscreen=\"\" loading=\"lazy\" referrerpolicy=\"no-referrer-when-downgrade\"><\/iframe>\n\n\n\n<h2 class=\"wp-block-heading\"><span class=\"ez-toc-section\" id=\"Normatividad_y_seguridad_para_el_alquiler_de_plataforma_de_tijera_en_Engativa\"><\/span>Normatividad y seguridad para el alquiler de plataforma de tijera en Engativ\u00e1<span class=\"ez-toc-section-end\"><\/span><\/h2>\n\n\n\n<p>El cumplimiento de la <strong><a href=\"https:\/\/share.google\/fAWQm3ywQPVOxsHnY\" target=\"_blank\" rel=\"noreferrer noopener\">Resoluci\u00f3n 4272 de 2021<\/a><\/strong> es el pilar fundamental para cualquier operaci\u00f3n legal en la localidad. Mediante el respaldo t\u00e9cnico de <strong>Geconexi\u00f3n<\/strong>, usted garantiza barandas de seguridad estandarizadas y sistemas de parada de emergencia funcionales, protegiendo la integridad de sus operarios en cada ascenso t\u00e9cnico realizado.<\/p>\n\n\n\n<p>Para una ejecuci\u00f3n segura, es obligatorio que el personal cuente con el curso de alturas actualizado y use los elementos de protecci\u00f3n adecuados. Seguir estas directrices t\u00e9cnicas en el <strong>alquiler de plataforma de tijera en Engativ\u00e1<\/strong> evita sanciones legales y reduce al m\u00ednimo el riesgo de incidentes laborales.<\/p>\n\n\n\n<h2 class=\"wp-block-heading\"><span class=\"ez-toc-section\" id=\"Beneficios_del_alquiler_de_plataforma_de_tijera_con_Geconexion\"><\/span>Beneficios del alquiler de plataforma de tijera con Geconexi\u00f3n<span class=\"ez-toc-section-end\"><\/span><\/h2>\n\n\n\n<p>Optar por un esquema de renta profesional permite que su empresa transforme costos fijos en variables, eliminando gastos de mantenimiento, almacenamiento y depreciaci\u00f3n t\u00e9cnica. Esta flexibilidad representa una ventaja competitiva para proyectos industriales, permitiendo el uso de maquinaria de \u00faltima generaci\u00f3n sin comprometer el capital de trabajo ni la liquidez operativa.<\/p>\n\n\n\n<ul class=\"wp-block-list\">\n<li>\ud83d\ude80 <strong>Productividad Inmediata:<\/strong> Equipos certificados y listos para operar, reduciendo tiempos muertos por fallas mec\u00e1nicas en el sitio.<\/li>\n\n\n\n<li>\ud83d\udee1\ufe0f <strong>Seguridad Garantizada:<\/strong> Maquinaria que cumple estrictamente con los est\u00e1ndares internacionales y mantenimientos preventivos al d\u00eda.<\/li>\n\n\n\n<li>\ud83d\ude9b <strong>Log\u00edstica Eficiente:<\/strong> Entregas puntuales que aseguran el cumplimiento de su cronograma de trabajo gracias a nuestra cercan\u00eda geogr\u00e1fica.<\/li>\n\n\n\n<li>\ud83d\udcb0 <strong>Rentabilidad Operativa:<\/strong> Eliminaci\u00f3n de gastos ocultos como seguros especializados, repuestos o personal t\u00e9cnico de planta.<\/li>\n\n\n\n<li>\ud83d\udee0\ufe0f <strong>Respaldo T\u00e9cnico:<\/strong> Asistencia especializada en sitio para resolver cualquier eventualidad t\u00e9cnica en tiempo r\u00e9cord.<\/li>\n<\/ul>\n\n\n\n<div style=\"height:33px\" aria-hidden=\"true\" class=\"wp-block-spacer\"><\/div>\n\n\n\n<div class=\"wp-block-group has-background\" style=\"background-color:#f5f5f5\"><div class=\"wp-block-group__inner-container is-layout-constrained wp-block-group-is-layout-constrained\">\n<h3 class=\"wp-block-heading has-text-align-center\">Otros servicios de ingenier\u00eda para su proyecto<\/h3>\n\n\n\n<p class=\"has-text-align-left\">Optimice la log\u00edstica de su obra integrando soluciones complementarias dise\u00f1adas para garantizar la m\u00e1xima eficiencia en cada fase de ejecuci\u00f3n.<\/p>\n\n\n\n<ul class=\"wp-block-list\">\n<li>\ud83c\udfd7\ufe0f <strong><a href=\"https:\/\/www.geconexion.com.co\/alquiler-de-camion-grua-bogota.html\" target=\"_blank\" rel=\"noreferrer noopener\">Alquiler de Cami\u00f3n Gr\u00faa<\/a><\/strong>: Potencia y precisi\u00f3n para maniobras de izaje de cargas pesadas y montajes industriales.<\/li>\n\n\n\n<li>\ud83e\ude9c <strong><a href=\"https:\/\/www.geconexion.com.co\/alquiler-andamios-certificados-en-bogota.html\" target=\"_blank\" rel=\"noreferrer noopener\">Andamios Certificados<\/a><\/strong>: Estructuras modulares seguras para trabajos en fachadas, pintura y mantenimientos estructurales.<\/li>\n\n\n\n<li>\ud83d\ude9c <strong><a href=\"https:\/\/www.geconexion.com.co\/alquiler-de-telehandler.html\" target=\"_blank\" rel=\"noreferrer noopener\">Telehandler \/ Manipuladores<\/a><\/strong>: Versatilidad total en el movimiento y posicionamiento de materiales en terrenos dif\u00edciles.<\/li>\n<\/ul>\n<\/div><\/div>\n\n\n\n<div style=\"height:31px\" aria-hidden=\"true\" class=\"wp-block-spacer\"><\/div>\n\n\n\n<h2 class=\"wp-block-heading has-text-align-center\"><span class=\"ez-toc-section\" id=\"Preguntas_Frecuentes_sobre_el_Alquiler_de_Plataforma_de_Tijera_en_Engativa\"><\/span>Preguntas Frecuentes sobre el Alquiler de Plataforma de Tijera en Engativ\u00e1<span class=\"ez-toc-section-end\"><\/span><\/h2>\n\n\n\n<div data-wp-context=\"{ &quot;autoclose&quot;: true, &quot;accordionItems&quot;: [] }\" data-wp-interactive=\"core\/accordion\" role=\"group\" class=\"wp-block-accordion has-background is-layout-flow wp-block-accordion-is-layout-flow\" style=\"background-color:#f0f8ff\">\n<div data-wp-class--is-open=\"state.isOpen\" data-wp-context=\"{ &quot;id&quot;: &quot;accordion-item-1&quot;, &quot;openByDefault&quot;: false }\" data-wp-init=\"callbacks.initAccordionItems\" data-wp-on-window--hashchange=\"callbacks.hashChange\" class=\"wp-block-accordion-item is-layout-flow wp-block-accordion-item-is-layout-flow\">\n<h3 class=\"wp-block-accordion-heading\"><button aria-expanded=\"false\" aria-controls=\"accordion-item-1-panel\" data-wp-bind--aria-expanded=\"state.isOpen\" data-wp-on--click=\"actions.toggle\" data-wp-on--keydown=\"actions.handleKeyDown\" id=\"accordion-item-1\" type=\"button\" class=\"wp-block-accordion-heading__toggle\"><span class=\"wp-block-accordion-heading__toggle-title\">1. \u00bfQu\u00e9 incluye el valor del alquiler de plataforma de tijera en Engativ\u00e1?<\/span><span class=\"wp-block-accordion-heading__toggle-icon\" aria-hidden=\"true\">+<\/span><\/button><\/h3>\n\n\n\n<div inert aria-labelledby=\"accordion-item-1\" data-wp-bind--inert=\"!state.isOpen\" id=\"accordion-item-1-panel\" role=\"region\" class=\"wp-block-accordion-panel is-layout-flow wp-block-accordion-panel-is-layout-flow\">\n<p>Incluye el equipo certificado, soporte t\u00e9cnico especializado y mantenimiento preventivo integral durante todo el periodo de renta contratado.<\/p>\n<\/div>\n<\/div>\n<\/div>\n\n\n\n<div data-wp-context=\"{ &quot;autoclose&quot;: true, &quot;accordionItems&quot;: [] }\" data-wp-interactive=\"core\/accordion\" role=\"group\" class=\"wp-block-accordion has-background is-layout-flow wp-block-accordion-is-layout-flow\" style=\"background-color:#f0f8ff\">\n<div data-wp-class--is-open=\"state.isOpen\" data-wp-context=\"{ &quot;id&quot;: &quot;accordion-item-2&quot;, &quot;openByDefault&quot;: false }\" data-wp-init=\"callbacks.initAccordionItems\" data-wp-on-window--hashchange=\"callbacks.hashChange\" class=\"wp-block-accordion-item is-layout-flow wp-block-accordion-item-is-layout-flow\">\n<h3 class=\"wp-block-accordion-heading\"><button aria-expanded=\"false\" aria-controls=\"accordion-item-2-panel\" data-wp-bind--aria-expanded=\"state.isOpen\" data-wp-on--click=\"actions.toggle\" data-wp-on--keydown=\"actions.handleKeyDown\" id=\"accordion-item-2\" type=\"button\" class=\"wp-block-accordion-heading__toggle\"><span class=\"wp-block-accordion-heading__toggle-title\">2. \u00bfRealizan transporte de los equipos a zonas como Las Ferias o El Luj\u00e1n?<\/span><span class=\"wp-block-accordion-heading__toggle-icon\" aria-hidden=\"true\">+<\/span><\/button><\/h3>\n\n\n\n<div inert aria-labelledby=\"accordion-item-2\" data-wp-bind--inert=\"!state.isOpen\" id=\"accordion-item-2-panel\" role=\"region\" class=\"wp-block-accordion-panel is-layout-flow wp-block-accordion-panel-is-layout-flow\">\n<p>S\u00ed, gestionamos el flete t\u00e9cnico directamente hasta su obra en cualquier barrio de la localidad.<\/p>\n<\/div>\n<\/div>\n<\/div>\n\n\n\n<div data-wp-context=\"{ &quot;autoclose&quot;: true, &quot;accordionItems&quot;: [] }\" data-wp-interactive=\"core\/accordion\" role=\"group\" class=\"wp-block-accordion has-background is-layout-flow wp-block-accordion-is-layout-flow\" style=\"background-color:#f0f8ff\">\n<div data-wp-class--is-open=\"state.isOpen\" data-wp-context=\"{ &quot;id&quot;: &quot;accordion-item-3&quot;, &quot;openByDefault&quot;: false }\" data-wp-init=\"callbacks.initAccordionItems\" data-wp-on-window--hashchange=\"callbacks.hashChange\" class=\"wp-block-accordion-item is-layout-flow wp-block-accordion-item-is-layout-flow\">\n<h3 class=\"wp-block-accordion-heading\"><button aria-expanded=\"false\" aria-controls=\"accordion-item-3-panel\" data-wp-bind--aria-expanded=\"state.isOpen\" data-wp-on--click=\"actions.toggle\" data-wp-on--keydown=\"actions.handleKeyDown\" id=\"accordion-item-3\" type=\"button\" class=\"wp-block-accordion-heading__toggle\"><span class=\"wp-block-accordion-heading__toggle-title\">3. \u00bfEs obligatorio el curso de alturas para operar las tijeras?<\/span><span class=\"wp-block-accordion-heading__toggle-icon\" aria-hidden=\"true\">+<\/span><\/button><\/h3>\n\n\n\n<div inert aria-labelledby=\"accordion-item-3\" data-wp-bind--inert=\"!state.isOpen\" id=\"accordion-item-3-panel\" role=\"region\" class=\"wp-block-accordion-panel is-layout-flow wp-block-accordion-panel-is-layout-flow\">\n<p>Es indispensable. Todo operario debe acreditar su certificaci\u00f3n vigente bajo la Resoluci\u00f3n 4272 de 2021 para manipular legalmente la maquinaria.<\/p>\n<\/div>\n<\/div>\n<\/div>\n\n\n\n<div data-wp-context=\"{ &quot;autoclose&quot;: true, &quot;accordionItems&quot;: [] }\" data-wp-interactive=\"core\/accordion\" role=\"group\" class=\"wp-block-accordion has-background is-layout-flow wp-block-accordion-is-layout-flow\" style=\"background-color:#f0f8ff\">\n<div data-wp-class--is-open=\"state.isOpen\" data-wp-context=\"{ &quot;id&quot;: &quot;accordion-item-4&quot;, &quot;openByDefault&quot;: false }\" data-wp-init=\"callbacks.initAccordionItems\" data-wp-on-window--hashchange=\"callbacks.hashChange\" class=\"wp-block-accordion-item is-layout-flow wp-block-accordion-item-is-layout-flow\">\n<h3 class=\"wp-block-accordion-heading\"><button aria-expanded=\"false\" aria-controls=\"accordion-item-4-panel\" data-wp-bind--aria-expanded=\"state.isOpen\" data-wp-on--click=\"actions.toggle\" data-wp-on--keydown=\"actions.handleKeyDown\" id=\"accordion-item-4\" type=\"button\" class=\"wp-block-accordion-heading__toggle\"><span class=\"wp-block-accordion-heading__toggle-title\">4. \u00bfCu\u00e1l es la altura m\u00e1xima disponible para alquiler de plataforma de tijera en Engativ\u00e1?<\/span><span class=\"wp-block-accordion-heading__toggle-icon\" aria-hidden=\"true\">+<\/span><\/button><\/h3>\n\n\n\n<div inert aria-labelledby=\"accordion-item-4\" data-wp-bind--inert=\"!state.isOpen\" id=\"accordion-item-4-panel\" role=\"region\" class=\"wp-block-accordion-panel is-layout-flow wp-block-accordion-panel-is-layout-flow\">\n<p>Contamos con equipos que alcanzan hasta 18 metros de altura de trabajo en modelos di\u00e9sel y 12 metros en modelos el\u00e9ctricos.<\/p>\n<\/div>\n<\/div>\n<\/div>\n\n\n\n<div data-wp-context=\"{ &quot;autoclose&quot;: true, &quot;accordionItems&quot;: [] }\" data-wp-interactive=\"core\/accordion\" role=\"group\" class=\"wp-block-accordion has-background is-layout-flow wp-block-accordion-is-layout-flow\" style=\"background-color:#f0f8ff\">\n<div data-wp-class--is-open=\"state.isOpen\" data-wp-context=\"{ &quot;id&quot;: &quot;accordion-item-5&quot;, &quot;openByDefault&quot;: false }\" data-wp-init=\"callbacks.initAccordionItems\" data-wp-on-window--hashchange=\"callbacks.hashChange\" class=\"wp-block-accordion-item is-layout-flow wp-block-accordion-item-is-layout-flow\">\n<h3 class=\"wp-block-accordion-heading\"><button aria-expanded=\"false\" aria-controls=\"accordion-item-5-panel\" data-wp-bind--aria-expanded=\"state.isOpen\" data-wp-on--click=\"actions.toggle\" data-wp-on--keydown=\"actions.handleKeyDown\" id=\"accordion-item-5\" type=\"button\" class=\"wp-block-accordion-heading__toggle\"><span class=\"wp-block-accordion-heading__toggle-title\">5. \u00bfQu\u00e9 sucede si el equipo presenta una falla t\u00e9cnica en la obra?<\/span><span class=\"wp-block-accordion-heading__toggle-icon\" aria-hidden=\"true\">+<\/span><\/button><\/h3>\n\n\n\n<div inert aria-labelledby=\"accordion-item-5\" data-wp-bind--inert=\"!state.isOpen\" id=\"accordion-item-5-panel\" role=\"region\" class=\"wp-block-accordion-panel is-layout-flow wp-block-accordion-panel-is-layout-flow\">\n<p>Disponemos de servicio t\u00e9cnico especializado para reparaciones en sitio o sustituci\u00f3n inmediata del equipo.<\/p>\n<\/div>\n<\/div>\n<\/div>\n\n\n\n<div data-wp-context=\"{ &quot;autoclose&quot;: true, &quot;accordionItems&quot;: [] }\" data-wp-interactive=\"core\/accordion\" role=\"group\" class=\"wp-block-accordion has-background is-layout-flow wp-block-accordion-is-layout-flow\" style=\"background-color:#f0f8ff\">\n<div data-wp-class--is-open=\"state.isOpen\" data-wp-context=\"{ &quot;id&quot;: &quot;accordion-item-6&quot;, &quot;openByDefault&quot;: false }\" data-wp-init=\"callbacks.initAccordionItems\" data-wp-on-window--hashchange=\"callbacks.hashChange\" class=\"wp-block-accordion-item is-layout-flow wp-block-accordion-item-is-layout-flow\">\n<h3 class=\"wp-block-accordion-heading\"><button aria-expanded=\"false\" aria-controls=\"accordion-item-6-panel\" data-wp-bind--aria-expanded=\"state.isOpen\" data-wp-on--click=\"actions.toggle\" data-wp-on--keydown=\"actions.handleKeyDown\" id=\"accordion-item-6\" type=\"button\" class=\"wp-block-accordion-heading__toggle\"><span class=\"wp-block-accordion-heading__toggle-title\">6. \u00bfPuedo solicitar el alquiler de plataforma de tijera por un solo d\u00eda?<\/span><span class=\"wp-block-accordion-heading__toggle-icon\" aria-hidden=\"true\">+<\/span><\/button><\/h3>\n\n\n\n<div inert aria-labelledby=\"accordion-item-6\" data-wp-bind--inert=\"!state.isOpen\" id=\"accordion-item-6-panel\" role=\"region\" class=\"wp-block-accordion-panel is-layout-flow wp-block-accordion-panel-is-layout-flow\">\n<p>S\u00ed, ofrecemos esquemas de contrataci\u00f3n flexibles por d\u00edas, semanas o meses, adapt\u00e1ndonos estrictamente al cronograma y presupuesto de su proyecto.<\/p>\n<\/div>\n<\/div>\n<\/div>\n\n\n\n<div data-wp-context=\"{ &quot;autoclose&quot;: true, &quot;accordionItems&quot;: [] }\" data-wp-interactive=\"core\/accordion\" role=\"group\" class=\"wp-block-accordion has-background is-layout-flow wp-block-accordion-is-layout-flow\" style=\"background-color:#f0f8ff\">\n<div data-wp-class--is-open=\"state.isOpen\" data-wp-context=\"{ &quot;id&quot;: &quot;accordion-item-7&quot;, &quot;openByDefault&quot;: false }\" data-wp-init=\"callbacks.initAccordionItems\" data-wp-on-window--hashchange=\"callbacks.hashChange\" class=\"wp-block-accordion-item is-layout-flow wp-block-accordion-item-is-layout-flow\">\n<h3 class=\"wp-block-accordion-heading\"><button aria-expanded=\"false\" aria-controls=\"accordion-item-7-panel\" data-wp-bind--aria-expanded=\"state.isOpen\" data-wp-on--click=\"actions.toggle\" data-wp-on--keydown=\"actions.handleKeyDown\" id=\"accordion-item-7\" type=\"button\" class=\"wp-block-accordion-heading__toggle\"><span class=\"wp-block-accordion-heading__toggle-title\">7. \u00bfLos equipos el\u00e9ctricos pueden trabajar en terrenos de construcci\u00f3n exteriores?<\/span><span class=\"wp-block-accordion-heading__toggle-icon\" aria-hidden=\"true\">+<\/span><\/button><\/h3>\n\n\n\n<div inert aria-labelledby=\"accordion-item-7\" data-wp-bind--inert=\"!state.isOpen\" id=\"accordion-item-7-panel\" role=\"region\" class=\"wp-block-accordion-panel is-layout-flow wp-block-accordion-panel-is-layout-flow\">\n<p>No se recomienda. Las tijeras el\u00e9ctricas requieren superficies planas y firmes; para terrenos irregulares o exteriores inestables, disponemos de plataformas con tracci\u00f3n di\u00e9sel.<\/p>\n<\/div>\n<\/div>\n<\/div>\n\n\n\n<div style=\"height:35px\" aria-hidden=\"true\" class=\"wp-block-spacer\"><\/div>\n\n\n\n<div class=\"wp-block-group has-background\" style=\"background-color:#f5f5f5\"><div class=\"wp-block-group__inner-container is-layout-constrained wp-block-group-is-layout-constrained\">\n<h3 class=\"wp-block-heading has-text-align-center\">Maximice su productividad en alturas hoy mismo<\/h3>\n\n\n\n<p class=\"has-text-align-center\">No detenga su avance por falta de equipo especializado. Obtenga potencia y seguridad con el respaldo t\u00e9cnico de <strong>Geconexi\u00f3n<\/strong> dise\u00f1ado para las exigencias de su obra.<\/p>\n\n\n\n<div class=\"wp-block-buttons is-content-justification-center is-layout-flex wp-container-core-buttons-is-layout-16018d1d wp-block-buttons-is-layout-flex\">\n<div class=\"wp-block-button is-style-fill\"><a class=\"wp-block-button__link has-white-color has-text-color has-background has-link-color wp-element-button\" href=\"https:\/\/api.whatsapp.com\/send\/?phone=573103093137&amp;text=Hola+&amp;type=phone_number&amp;app_absent=0\" style=\"background-color:#5eb039\" target=\"_blank\" rel=\"noreferrer noopener\"><strong>\ud83d\udcde<\/strong> <strong><strong>Solicitar Presupuesto Inmediato<\/strong><\/strong><\/a><\/div>\n<\/div>\n<\/div><\/div>\n\n\n\n<div style=\"height:31px\" aria-hidden=\"true\" class=\"wp-block-spacer\"><\/div>\n\n\n\n<iframe src=\"https:\/\/www.google.com\/maps\/embed?pb=!1m18!1m12!1m3!1d63622.685721916125!2d-74.15986104284305!3d4.697238336283655!2m3!1f0!2f0!3f0!3m2!1i1024!2i768!4f13.1!3m3!1m2!1s0x8e3f9ca931bb3685%3A0x777bc49f16df0ff4!2zRW5nYXRpdsOhLCBCb2dvdMOh!5e0!3m2!1ses-419!2sco!4v1773841558077!5m2!1ses-419!2sco\" width=\"100%\" height=\"350\" style=\"border:0;\" allowfullscreen=\"\" loading=\"lazy\" referrerpolicy=\"no-referrer-when-downgrade\"><\/iframe>\n\n\n\n<style>\n  .directorio-plataformas-engativa {\n    max-width: 1200px;\n    margin: 3rem auto;\n    font-family: system-ui, -apple-system, BlinkMacSystemFont, \"Segoe UI\", Roboto, Oxygen, Ubuntu, Cantarell, sans-serif;\n    color: #1e293b;\n    padding: 0 1rem;\n  }\n\n  .directorio-plataformas-engativa h2 {\n    text-align: center;\n    font-size: 2rem;\n    font-weight: 800;\n    margin-bottom: 1rem;\n    color: #0f172a;\n    line-height: 1.3;\n  }\n\n  .directorio-subtitle {\n    text-align: center;\n    font-size: 1.1rem;\n    color: #475569;\n    margin-bottom: 2.5rem;\n    max-width: 800px;\n    margin-inline: auto;\n  }\n\n  .directorio-grid {\n    display: grid;\n    grid-template-columns: 1fr;\n    gap: 2rem;\n  }\n\n  @media (min-width: 768px) {\n    .directorio-grid {\n      grid-template-columns: repeat(2, 1fr);\n    }\n  }\n\n  @media (min-width: 1024px) {\n    .directorio-grid {\n      grid-template-columns: repeat(3, 1fr);\n    }\n  }\n\n  .tarjeta-entidad {\n    background-color: #ffffff;\n    border: 1px solid #e2e8f0;\n    border-radius: 16px;\n    overflow: hidden;\n    box-shadow: 0 4px 6px -1px rgba(0, 0, 0, 0.05), 0 2px 4px -1px rgba(0, 0, 0, 0.03);\n    transition: transform 0.3s ease, box-shadow 0.3s ease;\n    display: flex;\n    flex-direction: column;\n  }\n\n  .tarjeta-entidad:hover {\n    transform: translateY(-5px);\n    box-shadow: 0 20px 25px -5px rgba(0, 0, 0, 0.1), 0 10px 10px -5px rgba(0, 0, 0, 0.04);\n  }\n\n  .directorio-card-img-wrapper {\n    background-color: #f8fafc;\n    height: 200px;\n    display: flex;\n    align-items: center;\n    justify-content: center;\n    border-bottom: 1px solid #e2e8f0;\n  }\n\n  .directorio-card-img-wrapper img {\n    width: 90px;\n    height: 90px;\n    object-fit: contain;\n  }\n\n  .tarjeta-contenido {\n    padding: 1.5rem;\n    display: flex;\n    flex-direction: column;\n    flex-grow: 1;\n  }\n\n  .tarjeta-contenido h3 {\n    font-size: 1.25rem;\n    font-weight: 700;\n    margin: 0 0 1rem 0;\n    color: #0f172a;\n    line-height: 1.2;\n  }\n\n  .tarjeta-desc {\n    font-size: 0.95rem;\n    line-height: 1.6;\n    color: #475569;\n    margin-bottom: 1.5rem;\n    flex-grow: 1;\n  }\n\n  .tarjeta-acciones {\n    display: flex;\n    flex-direction: column;\n    gap: 0.75rem;\n  }\n\n  .btn-urgencia {\n    display: flex;\n    align-items: center;\n    justify-content: center;\n    background-color: #dc2626;\n    color: #ffffff;\n    padding: 0.75rem 1rem;\n    border-radius: 8px;\n    text-decoration: none;\n    font-weight: 700;\n    font-size: 1rem;\n    transition: background-color 0.2s ease;\n    text-align: center;\n  }\n\n  .btn-urgencia:hover {\n    background-color: #b91c1c;\n  }\n\n  .btn-urgencia::before {\n    content: '\ud83d\udcde';\n    margin-right: 0.5rem;\n  }\n\n  .btn-secundario {\n    display: flex;\n    align-items: center;\n    justify-content: center;\n    background-color: #ffffff;\n    color: #2563eb;\n    padding: 0.75rem 1rem;\n    border-radius: 8px;\n    text-decoration: none;\n    font-weight: 600;\n    font-size: 0.95rem;\n    border: 2px solid #bfdbfe;\n    transition: all 0.2s ease;\n    text-align: center;\n  }\n\n  .btn-secundario:hover {\n    background-color: #eff6ff;\n    border-color: #2563eb;\n  }\n\n  .btn-secundario::before {\n    content: '\ud83c\udf10';\n    margin-right: 0.5rem;\n  }\n<\/style>\n\n<div class=\"directorio-plataformas-engativa\">\n  <h2><span class=\"ez-toc-section\" id=\"Directorio_de_Emergencias_para_el_alquiler_de_plataforma_de_tijera_en_Engativa\"><\/span>Directorio de Emergencias para el alquiler de plataforma de tijera en Engativ\u00e1<span class=\"ez-toc-section-end\"><\/span><\/h2>\n  <p class=\"directorio-subtitle\">Contactos institucionales obligatorios para garantizar la seguridad en el trabajo en alturas y la atenci\u00f3n inmediata de contingencias operativas en la localidad.<\/p>\n\n  <div class=\"directorio-grid\">\n    \n    <!-- Bomberos Engativ\u00e1 -->\n    <article class=\"tarjeta-entidad\">\n      <div class=\"directorio-card-img-wrapper\">\n        <img decoding=\"async\" src=\"data:image\/svg+xml,%3Csvg xmlns='http:\/\/www.w3.org\/2000\/svg' viewBox='0 0 24 24' fill='none' stroke='%23dc2626' stroke-width='2' stroke-linecap='round' stroke-linejoin='round'%3E%3Cpath d='M8.5 14.5A2.5 2.5 0 0011 12c-2.28 0-3-1.87-3-3m8.5 3.5c0-4.14-3.5-7.5-6-10.5-2.5 3-6 6.36-6 10.5a6 6 0 1012 0z'\/%3E%3C\/svg%3E\" alt=\"Bomberos Estaci\u00f3n Engativ\u00e1\">\n      <\/div>\n      <div class=\"tarjeta-contenido\">\n        <h3>Bomberos Oficiales &#8211; Estaci\u00f3n Engativ\u00e1<\/h3>\n        <p class=\"tarjeta-desc\">Unidad de rescate t\u00e9cnico de primera respuesta. Indispensable para extracciones complejas por fallas mec\u00e1nicas de elevaci\u00f3n, riesgo el\u00e9ctrico o colapso estructural.<\/p>\n        <div class=\"tarjeta-acciones\">\n          <a href=\"tel:123\" class=\"btn-urgencia\">Emergencias (123)<\/a>\n          <a href=\"https:\/\/www.bomberosbogota.gov.co\" target=\"_blank\" rel=\"noopener noreferrer\" class=\"btn-secundario\">Sitio Web Oficial<\/a>\n        <\/div>\n      <\/div>\n    <\/article>\n\n    <!-- Tr\u00e1nsito\/Movilidad -->\n    <article class=\"tarjeta-entidad\">\n      <div class=\"directorio-card-img-wrapper\">\n        <img decoding=\"async\" src=\"data:image\/svg+xml,%3Csvg xmlns='http:\/\/www.w3.org\/2000\/svg' viewBox='0 0 24 24' fill='none' stroke='%232563eb' stroke-width='2' stroke-linecap='round' stroke-linejoin='round'%3E%3Cpath d='M3 21h18M4 21v-4M20 21v-4M5 17h14V7L12 3 5 7v10zM9 21v-5a3 3 0 016 0v5'\/%3E%3C\/svg%3E\" alt=\"Secretar\u00eda de Movilidad Bogot\u00e1\">\n      <\/div>\n      <div class=\"tarjeta-contenido\">\n        <h3>Secretar\u00eda Distrital de Movilidad<\/h3>\n        <p class=\"tarjeta-desc\">Autoridad competente para el Plan de Manejo de Tr\u00e1nsito (PMT). Permiso obligatorio si el cargue\/descargue de la plataforma bloquea v\u00edas o ciclo-rutas en Engativ\u00e1.<\/p>\n        <div class=\"tarjeta-acciones\">\n          <a href=\"tel:195\" class=\"btn-urgencia\">L\u00ednea Distrital (195)<\/a>\n          <a href=\"https:\/\/www.movilidadbogota.gov.co\" target=\"_blank\" rel=\"noopener noreferrer\" class=\"btn-secundario\">Tr\u00e1mites PMT<\/a>\n        <\/div>\n      <\/div>\n    <\/article>\n\n    <!-- Hospital -->\n    <article class=\"tarjeta-entidad\">\n      <div class=\"directorio-card-img-wrapper\">\n        <img decoding=\"async\" src=\"data:image\/svg+xml,%3Csvg xmlns='http:\/\/www.w3.org\/2000\/svg' viewBox='0 0 24 24' fill='none' stroke='%2316a34a' stroke-width='3' stroke-linecap='round' stroke-linejoin='round'%3E%3Cpath d='M12 5v14M5 12h14'\/%3E%3C\/svg%3E\" alt=\"Hospital de Engativ\u00e1\">\n      <\/div>\n      <div class=\"tarjeta-contenido\">\n        <h3>Hospital de Engativ\u00e1 (Subred Norte E.S.E.)<\/h3>\n        <p class=\"tarjeta-desc\">Centro m\u00e9dico de estabilizaci\u00f3n y trauma de la localidad. Destino prioritario para la atenci\u00f3n de accidentes laborales por ca\u00eddas de diferente nivel o electrocuci\u00f3n.<\/p>\n        <div class=\"tarjeta-acciones\">\n          <a href=\"tel:123\" class=\"btn-urgencia\">Coordinar Ambulancia (123)<\/a>\n          <a href=\"https:\/\/share.google\/uoVEoMIFfmzhU4gpI\" target=\"_blank\" rel=\"noopener noreferrer\" class=\"btn-secundario\">Subred Norte<\/a>\n        <\/div>\n      <\/div>\n    <\/article>\n\n    <!-- IDIGER -->\n    <article class=\"tarjeta-entidad\">\n      <div class=\"directorio-card-img-wrapper\">\n        <img decoding=\"async\" src=\"data:image\/svg+xml,%3Csvg xmlns='http:\/\/www.w3.org\/2000\/svg' viewBox='0 0 24 24' fill='none' stroke='%23ea580c' stroke-width='2' stroke-linecap='round' stroke-linejoin='round'%3E%3Cpath d='M12 22s8-4 8-10V5l-8-3-8 3v7c0 6 8 10 8 10z'\/%3E%3C\/svg%3E\" alt=\"IDIGER Bogot\u00e1\">\n      <\/div>\n      <div class=\"tarjeta-contenido\">\n        <h3>IDIGER &#8211; Gesti\u00f3n del Riesgo<\/h3>\n        <p class=\"tarjeta-desc\">Instituto Distrital encargado de la prevenci\u00f3n y atenci\u00f3n de desastres. Apoyo t\u00e1ctico para evaluar colapsos estructurales o incidentes mayores con maquinaria de elevaci\u00f3n.<\/p>\n        <div class=\"tarjeta-acciones\">\n          <a href=\"tel:123\" class=\"btn-urgencia\">Reportar Incidente (123)<\/a>\n          <a href=\"https:\/\/www.idiger.gov.co\" target=\"_blank\" rel=\"noopener noreferrer\" class=\"btn-secundario\">Portal IDIGER<\/a>\n        <\/div>\n      <\/div>\n    <\/article>\n\n    <!-- Alcald\u00eda Local -->\n    <article class=\"tarjeta-entidad\">\n      <div class=\"directorio-card-img-wrapper\">\n        <img decoding=\"async\" src=\"data:image\/svg+xml,%3Csvg xmlns='http:\/\/www.w3.org\/2000\/svg' viewBox='0 0 24 24' fill='none' stroke='%230f766e' stroke-width='2' stroke-linecap='round' stroke-linejoin='round'%3E%3Cpath d='M4 22V4a2 2 0 012-2h12a2 2 0 012 2v18M4 22h16M10 12h4M10 16h4M10 8h4'\/%3E%3C\/svg%3E\" alt=\"Alcald\u00eda Local de Engativ\u00e1\">\n      <\/div>\n      <div class=\"tarjeta-contenido\">\n        <h3>Alcald\u00eda Local de Engativ\u00e1<\/h3>\n        <p class=\"tarjeta-desc\">Autoridad local encargada de emitir autorizaciones para intervenciones y ocupaci\u00f3n temporal del espacio p\u00fablico (andenes, parques) durante la operaci\u00f3n del equipo.<\/p>\n        <div class=\"tarjeta-acciones\">\n          <a href=\"tel:195\" class=\"btn-urgencia\">Atenci\u00f3n al Ciudadano (195)<\/a>\n          <a href=\"https:\/\/www.engativa.gov.co\" target=\"_blank\" rel=\"noopener noreferrer\" class=\"btn-secundario\">Servicios Locales<\/a>\n        <\/div>\n      <\/div>\n    <\/article>\n\n    <!-- Polic\u00eda Nacional -->\n    <article class=\"tarjeta-entidad\">\n      <div class=\"directorio-card-img-wrapper\">\n        <img decoding=\"async\" src=\"data:image\/svg+xml,%3Csvg xmlns='http:\/\/www.w3.org\/2000\/svg' viewBox='0 0 24 24' fill='none' stroke='%23475569' stroke-width='2' stroke-linecap='round' stroke-linejoin='round'%3E%3Cpath d='M12 22s8-4 8-10V5l-8-3-8 3v7c0 6 8 10 8 10z'\/%3E%3Cpath d='M8 11h8M12 7v8'\/%3E%3C\/svg%3E\" alt=\"Polic\u00eda Engativ\u00e1\">\n      <\/div>\n      <div class=\"tarjeta-contenido\">\n        <h3>Polic\u00eda Nacional &#8211; Estaci\u00f3n Engativ\u00e1 (D\u00e9cima)<\/h3>\n        <p class=\"tarjeta-desc\">Fuerza p\u00fablica esencial para garantizar el orden, acordonar sectores de alto flujo peatonal y custodiar equipos de elevaci\u00f3n de alto valor durante las noches.<\/p>\n        <div class=\"tarjeta-acciones\">\n          <a href=\"tel:112\" class=\"btn-urgencia\">L\u00ednea Polic\u00eda (112)<\/a>\n          <a href=\"https:\/\/share.google\/VXE7s7bIUn2BjdDk4\" target=\"_blank\" rel=\"noopener noreferrer\" class=\"btn-secundario\">Estaci\u00f3n D\u00e9cima<\/a>\n        <\/div>\n      <\/div>\n    <\/article>\n\n  <\/div>\n<\/div>\n\n<script type=\"application\/ld+json\">\n{\n  \"@context\": \"https:\/\/schema.org\",\n  \"@graph\": [\n    {\n      \"@type\": \"FireStation\",\n      \"name\": \"Bomberos Oficiales - Estaci\u00f3n Engativ\u00e1\",\n      \"description\": \"Unidad de rescate t\u00e9cnico y manejo de emergencias durante maniobras de alquiler de plataforma de tijera en Engativ\u00e1.\",\n      \"url\": \"https:\/\/www.bomberosbogota.gov.co\",\n      \"telephone\": \"123\",\n      \"image\": \"data:image\/svg+xml,%3Csvg xmlns='http:\/\/www.w3.org\/2000\/svg' viewBox='0 0 24 24' fill='none' stroke='%23dc2626' stroke-width='2' stroke-linecap='round' stroke-linejoin='round'%3E%3Cpath d='M8.5 14.5A2.5 2.5 0 0011 12c-2.28 0-3-1.87-3-3m8.5 3.5c0-4.14-3.5-7.5-6-10.5-2.5 3-6 6.36-6 10.5a6 6 0 1012 0z'\/%3E%3C\/svg%3E\",\n      \"address\": {\n        \"@type\": \"PostalAddress\",\n        \"addressLocality\": \"Engativ\u00e1, Bogot\u00e1\",\n        \"addressRegion\": \"Bogot\u00e1 D.C.\",\n        \"postalCode\": \"111051\"\n      }\n    },\n    {\n      \"@type\": \"GovernmentOrganization\",\n      \"name\": \"Secretar\u00eda Distrital de Movilidad\",\n      \"description\": \"Autoridad de movilidad para la aprobaci\u00f3n del Plan de Manejo de Tr\u00e1nsito (PMT) en operaciones con plataformas elevadoras.\",\n      \"url\": \"https:\/\/www.movilidadbogota.gov.co\",\n      \"telephone\": \"195\",\n      \"image\": \"data:image\/svg+xml,%3Csvg xmlns='http:\/\/www.w3.org\/2000\/svg' viewBox='0 0 24 24' fill='none' stroke='%232563eb' stroke-width='2' stroke-linecap='round' stroke-linejoin='round'%3E%3Cpath d='M3 21h18M4 21v-4M20 21v-4M5 17h14V7L12 3 5 7v10zM9 21v-5a3 3 0 016 0v5'\/%3E%3C\/svg%3E\",\n      \"address\": {\n        \"@type\": \"PostalAddress\",\n        \"addressLocality\": \"Bogot\u00e1\",\n        \"addressRegion\": \"Bogot\u00e1 D.C.\",\n        \"postalCode\": \"11001\"\n      }\n    },\n    {\n      \"@type\": \"Hospital\",\n      \"name\": \"Hospital de Engativ\u00e1 (Subred Norte E.S.E.)\",\n      \"description\": \"Centro m\u00e9dico de estabilizaci\u00f3n primaria para atenci\u00f3n de accidentes de trabajo en alturas en la localidad de Engativ\u00e1.\",\n      \"url\": \"https:\/\/share.google\/uoVEoMIFfmzhU4gpI\",\n      \"telephone\": \"123\",\n      \"image\": \"data:image\/svg+xml,%3Csvg xmlns='http:\/\/www.w3.org\/2000\/svg' viewBox='0 0 24 24' fill='none' stroke='%2316a34a' stroke-width='3' stroke-linecap='round' stroke-linejoin='round'%3E%3Cpath d='M12 5v14M5 12h14'\/%3E%3C\/svg%3E\",\n      \"address\": {\n        \"@type\": \"PostalAddress\",\n        \"addressLocality\": \"Engativ\u00e1, Bogot\u00e1\",\n        \"addressRegion\": \"Bogot\u00e1 D.C.\",\n        \"postalCode\": \"111051\"\n      }\n    },\n    {\n      \"@type\": \"GovernmentOrganization\",\n      \"name\": \"IDIGER - Gesti\u00f3n del Riesgo\",\n      \"description\": \"Instituto encargado de la prevenci\u00f3n y atenci\u00f3n de desastres y evaluaci\u00f3n de riesgos estructurales en Bogot\u00e1.\",\n      \"url\": \"https:\/\/www.idiger.gov.co\",\n      \"telephone\": \"123\",\n      \"image\": \"data:image\/svg+xml,%3Csvg xmlns='http:\/\/www.w3.org\/2000\/svg' viewBox='0 0 24 24' fill='none' stroke='%23ea580c' stroke-width='2' stroke-linecap='round' stroke-linejoin='round'%3E%3Cpath d='M12 22s8-4 8-10V5l-8-3-8 3v7c0 6 8 10 8 10z'\/%3E%3C\/svg%3E\",\n      \"address\": {\n        \"@type\": \"PostalAddress\",\n        \"addressLocality\": \"Bogot\u00e1\",\n        \"addressRegion\": \"Bogot\u00e1 D.C.\",\n        \"postalCode\": \"11001\"\n      }\n    },\n    {\n      \"@type\": \"GovernmentOrganization\",\n      \"name\": \"Alcald\u00eda Local de Engativ\u00e1\",\n      \"description\": \"Entidad local encargada de autorizar la ocupaci\u00f3n temporal del espacio p\u00fablico para equipos de elevaci\u00f3n.\",\n      \"url\": \"https:\/\/www.engativa.gov.co\",\n      \"telephone\": \"195\",\n      \"image\": \"data:image\/svg+xml,%3Csvg xmlns='http:\/\/www.w3.org\/2000\/svg' viewBox='0 0 24 24' fill='none' stroke='%230f766e' stroke-width='2' stroke-linecap='round' stroke-linejoin='round'%3E%3Cpath d='M4 22V4a2 2 0 012-2h12a2 2 0 012 2v18M4 22h16M10 12h4M10 16h4M10 8h4'\/%3E%3C\/svg%3E\",\n      \"address\": {\n        \"@type\": \"PostalAddress\",\n        \"addressLocality\": \"Engativ\u00e1, Bogot\u00e1\",\n        \"addressRegion\": \"Bogot\u00e1 D.C.\",\n        \"postalCode\": \"111051\"\n      }\n    },\n    {\n      \"@type\": \"PoliceStation\",\n      \"name\": \"Polic\u00eda Nacional - Estaci\u00f3n Engativ\u00e1 (D\u00e9cima)\",\n      \"description\": \"Fuerza p\u00fablica para el resguardo perimetral y custodia de plataformas de elevaci\u00f3n durante las operaciones.\",\n      \"url\": \"https:\/\/share.google\/VXE7s7bIUn2BjdDk4\",\n      \"telephone\": \"112\",\n      \"image\": \"data:image\/svg+xml,%3Csvg xmlns='http:\/\/www.w3.org\/2000\/svg' viewBox='0 0 24 24' fill='none' stroke='%23475569' stroke-width='2' stroke-linecap='round' stroke-linejoin='round'%3E%3Cpath d='M12 22s8-4 8-10V5l-8-3-8 3v7c0 6 8 10 8 10z'\/%3E%3Cpath d='M8 11h8M12 7v8'\/%3E%3C\/svg%3E\",\n      \"address\": {\n        \"@type\": \"PostalAddress\",\n        \"addressLocality\": \"Engativ\u00e1, Bogot\u00e1\",\n        \"addressRegion\": \"Bogot\u00e1 D.C.\",\n        \"postalCode\": \"111051\"\n      }\n    }\n  ]\n}\n<\/script>\n","protected":false},"excerpt":{"rendered":"<p>Optimice su obra con equipos certificados y soporte t\u00e9cnico inmediato en Engativ\u00e1. Garantizamos m\u00e1xima seguridad y rentabilidad en cada proyecto de altura. \u00a1Cotice hoy!<\/p>\n","protected":false},"author":1,"featured_media":4013,"comment_status":"open","ping_status":"open","sticky":false,"template":"","format":"standard","meta":{"_acf_changed":false,"footnotes":""},"categories":[62],"tags":[78,101],"class_list":["post-3988","post","type-post","status-publish","format-standard","has-post-thumbnail","hentry","category-plataformas-elevadoras","tag-equipos-certificados","tag-resolucion-4272-2021"],"acf":[],"_links":{"self":[{"href":"https:\/\/www.geconexion.com.co\/alquiler\/wp-json\/wp\/v2\/posts\/3988","targetHints":{"allow":["GET"]}}],"collection":[{"href":"https:\/\/www.geconexion.com.co\/alquiler\/wp-json\/wp\/v2\/posts"}],"about":[{"href":"https:\/\/www.geconexion.com.co\/alquiler\/wp-json\/wp\/v2\/types\/post"}],"author":[{"embeddable":true,"href":"https:\/\/www.geconexion.com.co\/alquiler\/wp-json\/wp\/v2\/users\/1"}],"replies":[{"embeddable":true,"href":"https:\/\/www.geconexion.com.co\/alquiler\/wp-json\/wp\/v2\/comments?post=3988"}],"version-history":[{"count":35,"href":"https:\/\/www.geconexion.com.co\/alquiler\/wp-json\/wp\/v2\/posts\/3988\/revisions"}],"predecessor-version":[{"id":4267,"href":"https:\/\/www.geconexion.com.co\/alquiler\/wp-json\/wp\/v2\/posts\/3988\/revisions\/4267"}],"wp:featuredmedia":[{"embeddable":true,"href":"https:\/\/www.geconexion.com.co\/alquiler\/wp-json\/wp\/v2\/media\/4013"}],"wp:attachment":[{"href":"https:\/\/www.geconexion.com.co\/alquiler\/wp-json\/wp\/v2\/media?parent=3988"}],"wp:term":[{"taxonomy":"category","embeddable":true,"href":"https:\/\/www.geconexion.com.co\/alquiler\/wp-json\/wp\/v2\/categories?post=3988"},{"taxonomy":"post_tag","embeddable":true,"href":"https:\/\/www.geconexion.com.co\/alquiler\/wp-json\/wp\/v2\/tags?post=3988"}],"curies":[{"name":"wp","href":"https:\/\/api.w.org\/{rel}","templated":true}]}}