{"id":3741,"date":"2026-03-07T20:24:55","date_gmt":"2026-03-07T20:24:55","guid":{"rendered":"https:\/\/www.geconexion.com.co\/alquiler\/?p=3741"},"modified":"2026-04-22T15:25:58","modified_gmt":"2026-04-22T15:25:58","slug":"alquiler-de-camion-grua-en-mosquera","status":"publish","type":"post","link":"https:\/\/www.geconexion.com.co\/alquiler\/alquiler-de-camion-grua-en-mosquera\/","title":{"rendered":"Alquiler de cami\u00f3n gr\u00faa en Mosquera: 5 ventajas infalibles para tu proyecto."},"content":{"rendered":"\n<p>Mover maquinaria pesada o materiales de construcci\u00f3n en una zona industrial de alto crecimiento exige precisi\u00f3n y equipos de alto rendimiento. En el desarrollo de obras civiles y log\u00edsticas, contar con el respaldo t\u00e9cnico adecuado marca la diferencia entre el cumplimiento de cronogramas o el estancamiento operativo. Por ello, el <strong><a href=\"https:\/\/www.geconexion.com.co\/alquiler-de-camion-grua-bogota.html\">alquiler de cami\u00f3n gr\u00faa en Mosquera<\/a><\/strong> se ha consolidado como la soluci\u00f3n m\u00e1s eficiente para empresas que buscan optimizar sus recursos sin comprometer la seguridad. Al <strong>contratar<\/strong> este servicio especializado, usted asegura potencia y versatilidad en cada maniobra.<\/p>\n\n\n\n<!--more LEER MAS-->\n\n\n\n<div id=\"ez-toc-container\" class=\"ez-toc-v2_0_82_2 counter-hierarchy ez-toc-counter ez-toc-light-blue ez-toc-container-direction\">\n<div class=\"ez-toc-title-container\">\n<p class=\"ez-toc-title\" style=\"cursor:inherit\">Indice<\/p>\n<span class=\"ez-toc-title-toggle\"><a href=\"#\" class=\"ez-toc-pull-right ez-toc-btn ez-toc-btn-xs ez-toc-btn-default ez-toc-toggle\" aria-label=\"Alternar tabla de contenidos\"><span class=\"ez-toc-js-icon-con\"><span class=\"\"><span class=\"eztoc-hide\" style=\"display:none;\">Toggle<\/span><span class=\"ez-toc-icon-toggle-span\"><svg style=\"fill: #999;color:#999\" xmlns=\"http:\/\/www.w3.org\/2000\/svg\" class=\"list-377408\" width=\"20px\" height=\"20px\" viewBox=\"0 0 24 24\" fill=\"none\"><path d=\"M6 6H4v2h2V6zm14 0H8v2h12V6zM4 11h2v2H4v-2zm16 0H8v2h12v-2zM4 16h2v2H4v-2zm16 0H8v2h12v-2z\" fill=\"currentColor\"><\/path><\/svg><svg style=\"fill: #999;color:#999\" class=\"arrow-unsorted-368013\" xmlns=\"http:\/\/www.w3.org\/2000\/svg\" width=\"10px\" height=\"10px\" viewBox=\"0 0 24 24\" version=\"1.2\" baseProfile=\"tiny\"><path d=\"M18.2 9.3l-6.2-6.3-6.2 6.3c-.2.2-.3.4-.3.7s.1.5.3.7c.2.2.4.3.7.3h11c.3 0 .5-.1.7-.3.2-.2.3-.5.3-.7s-.1-.5-.3-.7zM5.8 14.7l6.2 6.3 6.2-6.3c.2-.2.3-.5.3-.7s-.1-.5-.3-.7c-.2-.2-.4-.3-.7-.3h-11c-.3 0-.5.1-.7.3-.2.2-.3.5-.3.7s.1.5.3.7z\"\/><\/svg><\/span><\/span><\/span><\/a><\/span><\/div>\n<nav><ul class='ez-toc-list ez-toc-list-level-1 ' ><li class='ez-toc-page-1 ez-toc-heading-level-2'><a class=\"ez-toc-link ez-toc-heading-1\" href=\"https:\/\/www.geconexion.com.co\/alquiler\/alquiler-de-camion-grua-en-mosquera\/#5_ventajas_de_optar_por_el_alquiler_de_camion_grua_en_Mosquera\" >5 ventajas de optar por el alquiler de cami\u00f3n gr\u00faa en Mosquera<\/a><\/li><li class='ez-toc-page-1 ez-toc-heading-level-2'><a class=\"ez-toc-link ez-toc-heading-2\" href=\"https:\/\/www.geconexion.com.co\/alquiler\/alquiler-de-camion-grua-en-mosquera\/#Aplicaciones_principales_%C2%BFCuando_es_indispensable_el_alquiler_de_camion_grua_en_Mosquera\" >Aplicaciones principales: \u00bfCu\u00e1ndo es indispensable el alquiler de cami\u00f3n gr\u00faa en Mosquera?<\/a><\/li><li class='ez-toc-page-1 ez-toc-heading-level-2'><a class=\"ez-toc-link ez-toc-heading-3\" href=\"https:\/\/www.geconexion.com.co\/alquiler\/alquiler-de-camion-grua-en-mosquera\/#Capacidad_de_carga_y_alcance_para_el_alquiler_de_camion_grua_en_Mosquera\" >Capacidad de carga y alcance para el alquiler de cami\u00f3n gr\u00faa en Mosquera<\/a><\/li><li class='ez-toc-page-1 ez-toc-heading-level-2'><a class=\"ez-toc-link ez-toc-heading-4\" href=\"https:\/\/www.geconexion.com.co\/alquiler\/alquiler-de-camion-grua-en-mosquera\/#Requisitos_y_seguridad_Lo_que_debe_saber_antes_de_contratar\" >Requisitos y seguridad: Lo que debe saber antes de contratar<\/a><\/li><li class='ez-toc-page-1 ez-toc-heading-level-2'><a class=\"ez-toc-link ez-toc-heading-5\" href=\"https:\/\/www.geconexion.com.co\/alquiler\/alquiler-de-camion-grua-en-mosquera\/#Disponibilidad_y_cobertura_del_servicio_en_la_zona_industrial_de_Mosquera\" >Disponibilidad y cobertura del servicio en la zona industrial de Mosquera<\/a><\/li><li class='ez-toc-page-1 ez-toc-heading-level-2'><a class=\"ez-toc-link ez-toc-heading-6\" href=\"https:\/\/www.geconexion.com.co\/alquiler\/alquiler-de-camion-grua-en-mosquera\/#%C2%BFComo_solicitar_su_presupuesto_para_el_alquiler_de_camion_grua_en_Mosquera\" >\u00bfC\u00f3mo solicitar su presupuesto para el alquiler de cami\u00f3n gr\u00faa en Mosquera?<\/a><\/li><li class='ez-toc-page-1 ez-toc-heading-level-2'><a class=\"ez-toc-link ez-toc-heading-7\" href=\"https:\/\/www.geconexion.com.co\/alquiler\/alquiler-de-camion-grua-en-mosquera\/#Normatividad_y_cumplimiento_tecnico_Operacion_bajo_estandares_de_ley\" >Normatividad y cumplimiento t\u00e9cnico: Operaci\u00f3n bajo est\u00e1ndares de ley<\/a><\/li><li class='ez-toc-page-1 ez-toc-heading-level-2'><a class=\"ez-toc-link ez-toc-heading-8\" href=\"https:\/\/www.geconexion.com.co\/alquiler\/alquiler-de-camion-grua-en-mosquera\/#Preguntas_Frecuentes_Servicio_de_Camion_Grua\" >Preguntas Frecuentes: Servicio de Cami\u00f3n Gr\u00faa<\/a><\/li><li class='ez-toc-page-1 ez-toc-heading-level-2'><a class=\"ez-toc-link ez-toc-heading-9\" href=\"https:\/\/www.geconexion.com.co\/alquiler\/alquiler-de-camion-grua-en-mosquera\/#Directorio_de_Emergencias_y_Permisos_para_el_Alquiler_de_Camion_Grua_en_Mosquera\" >Directorio de Emergencias y Permisos para el Alquiler de Cami\u00f3n Gr\u00faa en Mosquera<\/a><\/li><\/ul><\/nav><\/div>\n<h2 class=\"wp-block-heading\"><span class=\"ez-toc-section\" id=\"5_ventajas_de_optar_por_el_alquiler_de_camion_grua_en_Mosquera\"><\/span>5 ventajas de optar por el alquiler de cami\u00f3n gr\u00faa en Mosquera<span class=\"ez-toc-section-end\"><\/span><\/h2>\n\n\n\n<p>Cuando se trata de log\u00edstica industrial y construcci\u00f3n, la eficiencia no es una opci\u00f3n, sino una necesidad absoluta. Para garantizar que cada movimiento de carga sea preciso y rentable, el <strong>alquiler de cami\u00f3n gr\u00faa en Mosquera<\/strong> se presenta como el aliado estrat\u00e9gico m\u00e1s robusto del mercado. A continuaci\u00f3n, detallamos los beneficios clave que transformar\u00e1n la ejecuci\u00f3n de sus operaciones:<\/p>\n\n\n\n<ul class=\"wp-block-list\">\n<li>1. <strong>Reducci\u00f3n dr\u00e1stica de costos operativos:<\/strong> Alquilar le permite acceder a tecnolog\u00eda de punta sin la carga financiera que supone la compra de maquinaria pesada, el mantenimiento preventivo o el almacenamiento de los equipos.<br><\/li>\n\n\n\n<li>2. <strong>Versatilidad en terrenos industriales:<\/strong> Mosquera cuenta con zonas de expansi\u00f3n complejas; estos veh\u00edculos combinan la capacidad de carga de una gr\u00faa con la movilidad de un cami\u00f3n, adapt\u00e1ndose a espacios reducidos o suelos irregulares.<br><\/li>\n\n\n\n<li>3. <strong>Seguridad y cumplimiento normativo:<\/strong> Las unidades de alquiler cumplen con las certificaciones t\u00e9cnicas y de seguridad exigidas por la ley, garantizando que cada maniobra de izaje proteja tanto la carga como la integridad del personal.<br><\/li>\n\n\n\n<li>4. <strong>Disponibilidad inmediata y log\u00edstica local:<\/strong> Al estar ubicados estrat\u00e9gicamente en la zona, los tiempos de respuesta se minimizan, lo que es vital para evitar retrasos en las entregas o en el avance de las obras civiles.<br><\/li>\n\n\n\n<li>5. <strong>Personal t\u00e9cnico calificado:<\/strong> El servicio generalmente incluye un operador experto. Esto elimina errores de manipulaci\u00f3n y asegura que el uso del brazo hidr\u00e1ulico sea preciso y eficiente desde el primer minuto.<\/li>\n<\/ul>\n\n\n\n<h2 class=\"wp-block-heading\"><span class=\"ez-toc-section\" id=\"Aplicaciones_principales_%C2%BFCuando_es_indispensable_el_alquiler_de_camion_grua_en_Mosquera\"><\/span>Aplicaciones principales: \u00bfCu\u00e1ndo es indispensable el alquiler de cami\u00f3n gr\u00faa en Mosquera?<span class=\"ez-toc-section-end\"><\/span><\/h2>\n\n\n\n<p>En el entorno industrial de la Sabana de Occidente, la versatilidad de estas unidades es su mayor atributo. No se trata solo de mover objetos, sino de realizar <strong>maniobras de precisi\u00f3n<\/strong> con equipos certificados.<\/p>\n\n\n\n<h3 class=\"wp-block-heading\">Escenarios clave para el uso de camiones autocargantes<\/h3>\n\n\n\n<p>Dependiendo de la fase de su proyecto, el servicio puede adaptarse a diferentes necesidades. A continuaci\u00f3n, presentamos una comparativa de las aplicaciones m\u00e1s comunes y el tipo de soporte que brindamos:<\/p>\n\n\n\n<figure class=\"wp-block-table\"><table class=\"has-fixed-layout\"><tbody><tr><td><strong>Tipo de Proyecto<\/strong><\/td><td><strong>Aplicaci\u00f3n Espec\u00edfica<\/strong><\/td><td><strong>Ventaja Operativa<\/strong><\/td><\/tr><tr><td><strong>Construcci\u00f3n Civil<\/strong><\/td><td>Montaje de estructuras met\u00e1licas y placas.<\/td><td>Precisi\u00f3n en el izaje en alturas.<\/td><\/tr><tr><td><strong>Sector El\u00e9ctrico<\/strong><\/td><td>Izado de postes y transformaci\u00f3n de redes.<\/td><td>Seguridad en manipulaci\u00f3n de carga cr\u00edtica.<\/td><\/tr><tr><td><strong>Log\u00edstica y Bodegas<\/strong><\/td><td>Movimiento de contenedores y maquinaria.<\/td><td>Optimizaci\u00f3n de tiempos de carga y descarga.<\/td><\/tr><tr><td><strong>Infraestructura<\/strong><\/td><td>Traslado de materiales pesados en obra.<\/td><td>Capacidad de carga con movilidad total.<\/td><\/tr><\/tbody><\/table><\/figure>\n\n\n\n<p>Para cada uno de estos escenarios, es fundamental <strong>solicitar una cotizaci\u00f3n<\/strong> ajustada al tonelaje requerido, asegurando as\u00ed que el presupuesto sea eficiente y el equipo el ideal para la tarea.<\/p>\n\n\n<div class=\"wp-block-image\">\n<figure class=\"aligncenter size-large is-resized\"><img loading=\"lazy\" decoding=\"async\" width=\"1024\" height=\"575\" src=\"https:\/\/www.geconexion.com.co\/alquiler\/wp-content\/uploads\/2026\/03\/camion_grua_mosquera-1024x575.jpg\" alt=\"Alquiler de cami\u00f3n gr\u00faa en Mosquera para el izaje de estructuras met\u00e1licas y maquinaria pesada en proyectos industriales.\" class=\"wp-image-3766\" style=\"width:500px\" srcset=\"https:\/\/www.geconexion.com.co\/alquiler\/wp-content\/uploads\/2026\/03\/camion_grua_mosquera-1024x575.jpg 1024w, https:\/\/www.geconexion.com.co\/alquiler\/wp-content\/uploads\/2026\/03\/camion_grua_mosquera-300x169.jpg 300w, https:\/\/www.geconexion.com.co\/alquiler\/wp-content\/uploads\/2026\/03\/camion_grua_mosquera-768x431.jpg 768w, https:\/\/www.geconexion.com.co\/alquiler\/wp-content\/uploads\/2026\/03\/camion_grua_mosquera-360x202.jpg 360w, https:\/\/www.geconexion.com.co\/alquiler\/wp-content\/uploads\/2026\/03\/camion_grua_mosquera-555x312.jpg 555w, https:\/\/www.geconexion.com.co\/alquiler\/wp-content\/uploads\/2026\/03\/camion_grua_mosquera-600x337.jpg 600w, https:\/\/www.geconexion.com.co\/alquiler\/wp-content\/uploads\/2026\/03\/camion_grua_mosquera.jpg 1280w\" sizes=\"auto, (max-width: 1024px) 100vw, 1024px\" \/><figcaption class=\"wp-element-caption\">Servicio de alquiler de cami\u00f3n gr\u00faa en Mosquera con certificaci\u00f3n y operador experto.<\/figcaption><\/figure>\n<\/div>\n\n\n<h2 class=\"wp-block-heading\"><span class=\"ez-toc-section\" id=\"Capacidad_de_carga_y_alcance_para_el_alquiler_de_camion_grua_en_Mosquera\"><\/span>Capacidad de carga y alcance para el alquiler de cami\u00f3n gr\u00faa en Mosquera<span class=\"ez-toc-section-end\"><\/span><\/h2>\n\n\n\n<p>Al buscar un proveedor certificado, el aspecto m\u00e1s cr\u00edtico es la ficha t\u00e9cnica del equipo. No todos los proyectos requieren la misma potencia; por ello, contamos con una flota diversa dise\u00f1ada para cubrir desde maniobras ligeras hasta izaje de cargas industriales de gran tonelaje con nuestro <strong>alquiler de cami\u00f3n gr\u00faa en Mosquera<\/strong>.<\/p>\n\n\n\n<h3 class=\"wp-block-heading\">Capacidad y Tonelaje<\/h3>\n\n\n\n<p>Nuestros camiones gr\u00faa est\u00e1n equipados con brazos articulados que permiten una manipulaci\u00f3n vers\u00e1til en espacios reducidos. Contamos con equipos que ofrecen:<\/p>\n\n\n\n<ul class=\"wp-block-list\">\n<li><strong>Capacidades de carga:<\/strong> Desde 3 hasta 15 toneladas (seg\u00fan configuraci\u00f3n).<br><\/li>\n\n\n\n<li><strong>Alcance hidr\u00e1ulico:<\/strong> Extensiones que permiten trabajar en alturas considerables o alcances horizontales profundos, ideales para el montaje de estructuras en bodegas.<\/li>\n<\/ul>\n\n\n\n<h3 class=\"wp-block-heading\">Seguridad y Disponibilidad Inmediata<\/h3>\n\n\n\n<p>Entendemos que en sectores como el Parque Industrial San Jorge o la zona de occidente, el tiempo es dinero. Por eso, garantizamos <strong>disponibilidad inmediata<\/strong> de equipos con sus respectivos mantenimientos al d\u00eda. Cada servicio incluye un operador especializado, asegurando que la ejecuci\u00f3n del servicio cumpla con los m\u00e1s altos est\u00e1ndares de seguridad industrial.<\/p>\n\n\n\n<h2 class=\"wp-block-heading\"><span class=\"ez-toc-section\" id=\"Requisitos_y_seguridad_Lo_que_debe_saber_antes_de_contratar\"><\/span>Requisitos y seguridad: Lo que debe saber antes de contratar<span class=\"ez-toc-section-end\"><\/span><\/h2>\n\n\n\n<p>Garantizar una operaci\u00f3n libre de riesgos es nuestra prioridad. Al gestionar el <strong>alquiler de cami\u00f3n gr\u00faa en Mosquera<\/strong>, nos aseguramos de que cada maniobra cumpla con los est\u00e1ndares de seguridad industrial y la normativa vigente. Esto no solo protege su carga, sino que respalda legalmente su proyecto ante cualquier inspecci\u00f3n o eventualidad.<\/p>\n\n\n\n<h3 class=\"wp-block-heading\">Documentaci\u00f3n y certificaciones requeridas<\/h3>\n\n\n\n<p>Para formalizar la prestaci\u00f3n de servicio y asegurar una ejecuci\u00f3n impecable, operamos bajo los siguientes pilares de confianza:<\/p>\n\n\n\n<ul class=\"wp-block-list\">\n<li><strong>Certificaci\u00f3n de equipos:<\/strong> Todas nuestras gr\u00faas cuentan con inspecciones t\u00e9cnico-mec\u00e1nicas y certificaciones de brazo hidr\u00e1ulico vigentes.<br><\/li>\n\n\n\n<li><strong>Operadores calificados:<\/strong> Nuestro personal posee licencias espec\u00edficas y certificaciones para el manejo de maquinaria pesada, garantizando una <strong>operaci\u00f3n segura<\/strong> en todo momento.<br><\/li>\n\n\n\n<li><strong>Seguros de carga y RCE:<\/strong> Contamos con p\u00f3lizas de Responsabilidad Civil Extracontractual para ofrecerle total tranquilidad durante el izaje y traslado.<br><\/li>\n\n\n\n<li><strong>Seguridad Social al d\u00eda:<\/strong> Todo el equipo humano cuenta con su documentaci\u00f3n de ley (ARL, EPS, Pensi\u00f3n) lista para el ingreso a cualquier zona industrial o planta de producci\u00f3n en Mosquera.<\/li>\n<\/ul>\n\n\n\n<p>Antes de solicitar presupuesto, le recomendamos verificar que el \u00e1rea de trabajo est\u00e9 despejada y cuente con la firmeza necesaria para el apoyo de los estabilizadores del cami\u00f3n. Esta preparaci\u00f3n previa es clave para una soluci\u00f3n integral y eficiente.<\/p>\n\n\n\n<h2 class=\"wp-block-heading\"><span class=\"ez-toc-section\" id=\"Disponibilidad_y_cobertura_del_servicio_en_la_zona_industrial_de_Mosquera\"><\/span>Disponibilidad y cobertura del servicio en la zona industrial de Mosquera<span class=\"ez-toc-section-end\"><\/span><\/h2>\n\n\n\n<p>La ubicaci\u00f3n estrat\u00e9gica de su proyecto no debe ser un obst\u00e1culo para la eficiencia. Al elegir nuestro <strong>alquiler de cami\u00f3n gr\u00faa en Mosquera<\/strong>, usted accede a una log\u00edstica de respuesta r\u00e1pida dise\u00f1ada para cubrir los puntos neur\u00e1lgicos de la Sabana de Occidente. Contamos con <strong>disponibilidad inmediata<\/strong> para atender requerimientos en:<\/p>\n\n\n\n<ul class=\"wp-block-list\">\n<li><strong>Parques Industriales:<\/strong> Cobertura total en el Parque Industrial San Jorge, Puerta del Sol y zonas francas aleda\u00f1as.<\/li>\n\n\n\n<li><strong>V\u00edas Principales:<\/strong> Prestaci\u00f3n de servicio \u00e1gil sobre la Troncal de Occidente y la variante hacia Madrid o Funza.<\/li>\n\n\n\n<li><strong>Proyectos en Obra:<\/strong> Desplazamiento de equipos directamente a su zona de construcci\u00f3n, garantizando puntualidad en la <strong>ejecuci\u00f3n del servicio<\/strong>.<\/li>\n<\/ul>\n\n\n\n<p>Nuestro alcance no se limita solo al casco urbano; ofrecemos <strong>cobertura local<\/strong> extendida para asegurar que su operaci\u00f3n industrial o comercial cuente con el respaldo de una empresa especializada sin importar la complejidad del terreno. Si su necesidad es de <strong>atenci\u00f3n urgente<\/strong>, coordinamos la log\u00edstica para que el equipo est\u00e9 en sitio en el menor tiempo posible.<\/p>\n\n\n<div class=\"wp-block-image\">\n<figure class=\"aligncenter size-large is-resized\"><img loading=\"lazy\" decoding=\"async\" width=\"1024\" height=\"768\" src=\"https:\/\/www.geconexion.com.co\/alquiler\/wp-content\/uploads\/2026\/03\/camion-grua_mosquera-1024x768.jpg\" alt=\"Alquiler de cami\u00f3n gr\u00faa en Mosquera para el movimiento de maquinaria industrial y materiales pesados en zonas de dif\u00edcil acceso.\" class=\"wp-image-3765\" style=\"width:500px\" srcset=\"https:\/\/www.geconexion.com.co\/alquiler\/wp-content\/uploads\/2026\/03\/camion-grua_mosquera-1024x768.jpg 1024w, https:\/\/www.geconexion.com.co\/alquiler\/wp-content\/uploads\/2026\/03\/camion-grua_mosquera-300x225.jpg 300w, https:\/\/www.geconexion.com.co\/alquiler\/wp-content\/uploads\/2026\/03\/camion-grua_mosquera-768x576.jpg 768w, https:\/\/www.geconexion.com.co\/alquiler\/wp-content\/uploads\/2026\/03\/camion-grua_mosquera-555x416.jpg 555w, https:\/\/www.geconexion.com.co\/alquiler\/wp-content\/uploads\/2026\/03\/camion-grua_mosquera-100x75.jpg 100w, https:\/\/www.geconexion.com.co\/alquiler\/wp-content\/uploads\/2026\/03\/camion-grua_mosquera-600x450.jpg 600w, https:\/\/www.geconexion.com.co\/alquiler\/wp-content\/uploads\/2026\/03\/camion-grua_mosquera.jpg 1280w\" sizes=\"auto, (max-width: 1024px) 100vw, 1024px\" \/><figcaption class=\"wp-element-caption\">Alquiler de cami\u00f3n gr\u00faa en Mosquera con personal t\u00e9cnico y equipos certificados para izaje.<\/figcaption><\/figure>\n<\/div>\n\n\n<h2 class=\"wp-block-heading\"><span class=\"ez-toc-section\" id=\"%C2%BFComo_solicitar_su_presupuesto_para_el_alquiler_de_camion_grua_en_Mosquera\"><\/span>\u00bfC\u00f3mo solicitar su presupuesto para el alquiler de cami\u00f3n gr\u00faa en Mosquera?<span class=\"ez-toc-section-end\"><\/span><\/h2>\n\n\n\n<p>Sabemos que cada maniobra es \u00fanica y requiere una planificaci\u00f3n precisa para evitar sobrecostos. Para <strong>cotizar el servicio<\/strong> de manera efectiva y recibir una propuesta t\u00e9cnica ajustada a sus necesidades, le recomendamos tener a mano la siguiente informaci\u00f3n al momento de contactarnos:<\/p>\n\n\n\n<h3 class=\"wp-block-heading\">Peso y dimensiones de la carga a movilizar<\/h3>\n\n\n\n<p>Conocer el tonelaje exacto y el volumen de los objetos es el primer paso para una operaci\u00f3n exitosa. Esta informaci\u00f3n nos permite asignarle un equipo con la capacidad hidr\u00e1ulica adecuada, evitando riesgos de sobrecarga y garantizando que el <strong>izaje de cargas industriales<\/strong> se realice con absoluta estabilidad y precisi\u00f3n t\u00e9cnica.<\/p>\n\n\n\n<h3 class=\"wp-block-heading\">Altura y radio de izaje para el brazo hidr\u00e1ulico<\/h3>\n\n\n\n<p>No basta con saber qu\u00e9 se va a cargar, tambi\u00e9n es vital definir a qu\u00e9 distancia y altura se debe posicionar el material. Estos datos son fundamentales para calcular el alcance real del brazo telesc\u00f3pico o articulado, asegurando que la <strong>maniobra de precisi\u00f3n<\/strong> sea viable seg\u00fan los \u00e1ngulos de inclinaci\u00f3n y la tabla de carga del equipo.<\/p>\n\n\n\n<h3 class=\"wp-block-heading\">Lugar de operaci\u00f3n y condiciones del terreno<\/h3>\n\n\n\n<p>La log\u00edstica de acceso depende directamente del entorno, ya sea en un parque industrial, una obra civil o v\u00eda p\u00fablica en Mosquera. Confirmar si el suelo es firme o si existen obst\u00e1culos a\u00e9reos (como cables de alta tensi\u00f3n) nos permite coordinar el uso de estabilizadores y garantizar una <strong>operaci\u00f3n segura<\/strong> y eficiente desde el primer minuto.<\/p>\n\n\n\n<h3 class=\"wp-block-heading\">Tiempo estimado y modalidad de la prestaci\u00f3n de servicio<\/h3>\n\n\n\n<p>Definir la duraci\u00f3n de la jornada es clave para la rentabilidad de su proyecto. Ya sea que requiera el <strong>alquiler de cami\u00f3n gr\u00faa en Mosquera<\/strong> por horas para una labor puntual, por d\u00edas para montajes complejos o bajo contratos a largo plazo, establecer este tiempo nos ayuda a garantizar la <strong>disponibilidad inmediata<\/strong> del equipo en su cronograma.<\/p>\n\n\n\n<h2 class=\"wp-block-heading\"><span class=\"ez-toc-section\" id=\"Normatividad_y_cumplimiento_tecnico_Operacion_bajo_estandares_de_ley\"><\/span>Normatividad y cumplimiento t\u00e9cnico: Operaci\u00f3n bajo est\u00e1ndares de ley<span class=\"ez-toc-section-end\"><\/span><\/h2>\n\n\n\n<p>La seguridad en el <strong>alquiler de cami\u00f3n gr\u00faa en Mosquera<\/strong> no es una sugerencia, es una obligaci\u00f3n legal. Toda nuestra operaci\u00f3n se rige bajo los lineamientos de la <strong><a href=\"https:\/\/share.google\/W2GRwONNEHJExgVGF\" target=\"_blank\" rel=\"noreferrer noopener\">Resoluci\u00f3n 4272 de 2021<\/a><\/strong>, la cual establece los requisitos m\u00ednimos de seguridad para el trabajo en alturas y, por extensi\u00f3n, las condiciones de seguridad en maniobras de izaje que involucren riesgos de ca\u00edda o manipulaci\u00f3n de cargas complejas.<\/p>\n\n\n\n<h3 class=\"wp-block-heading\">Cumplimiento de la norma y seguridad t\u00e9cnica<\/h3>\n\n\n\n<p>El estricto apego a esta resoluci\u00f3n y a las normas de seguridad industrial nos permite ofrecer un servicio de alta confiabilidad:<\/p>\n\n\n\n<ul class=\"wp-block-list\">\n<li><strong>Inspecci\u00f3n Pre-operacional:<\/strong> Seg\u00fan lo exige la normativa, cada equipo es sometido a una revisi\u00f3n exhaustiva antes de iniciar cualquier labor, asegurando que el brazo hidr\u00e1ulico y los sistemas de frenado est\u00e9n en \u00f3ptimas condiciones.<br><\/li>\n\n\n\n<li><strong>Certificaci\u00f3n del Personal:<\/strong> En cumplimiento con la ley, nuestros operadores cuentan con la formaci\u00f3n y certificaci\u00f3n vigente para realizar trabajos de alto riesgo, garantizando una <strong>operaci\u00f3n segura<\/strong> en todo momento.<br><\/li>\n\n\n\n<li><strong>Plan de Izaje:<\/strong> Documentamos la maniobra seg\u00fan los est\u00e1ndares t\u00e9cnicos para minimizar riesgos operativos en zonas industriales o de construcci\u00f3n.<\/li>\n<\/ul>\n\n\n\n<p>Al contratar una empresa certificada que conoce y aplica la Resoluci\u00f3n 4272, usted protege su proyecto de sanciones legales y, lo m\u00e1s importante, salvaguarda la integridad de todos los involucrados en la obra.<\/p>\n\n\n\n<style>\n  .faq-seo-container {\n    max-width: 800px;\n    margin: 2rem auto;\n    font-family: system-ui, -apple-system, BlinkMacSystemFont, \"Segoe UI\", Roboto, Oxygen, Ubuntu, Cantarell, \"Open Sans\", \"Helvetica Neue\", sans-serif;\n    color: #1a1a1a;\n  }\n  \n  .faq-seo-title {\n    text-align: center;\n    font-size: 1.8rem;\n    font-weight: 800;\n    margin-bottom: 2.5rem;\n    color: #0f172a;\n    line-height: 1.3;\n  }\n\n  .faq-seo-item {\n    background-color: #ffffff;\n    border: 1px solid #e2e8f0;\n    border-radius: 12px;\n    margin-bottom: 1.25rem;\n    box-shadow: 0 4px 6px -1px rgba(0, 0, 0, 0.05), 0 2px 4px -1px rgba(0, 0, 0, 0.03);\n    transition: all 0.3s ease;\n    overflow: hidden;\n  }\n\n  .faq-seo-item:hover {\n    box-shadow: 0 10px 15px -3px rgba(0, 0, 0, 0.1), 0 4px 6px -2px rgba(0, 0, 0, 0.05);\n  }\n\n  .faq-seo-question {\n    padding: 1.25rem 3.5rem 1.25rem 1.5rem;\n    font-size: 1.25rem;\n    font-weight: bold;\n    color: #1e293b;\n    cursor: pointer;\n    position: relative;\n    list-style: none;\n    outline: none;\n    background-color: #f8fafc;\n    transition: background-color 0.2s ease;\n    user-select: none;\n    -webkit-tap-highlight-color: transparent;\n  }\n\n  .faq-seo-question:hover {\n    background-color: #f1f5f9;\n  }\n\n  .faq-seo-question::-webkit-details-marker {\n    display: none;\n  }\n\n  .faq-seo-question::after {\n    content: '+';\n    position: absolute;\n    right: 1.5rem;\n    top: 50%;\n    transform: translateY(-50%);\n    font-size: 1.6rem;\n    font-weight: 400;\n    color: #64748b;\n    transition: transform 0.3s ease, color 0.3s ease;\n    line-height: 1;\n  }\n\n  .faq-seo-item[open] .faq-seo-question {\n    background-color: #ffffff;\n    border-bottom: 1px solid #e2e8f0;\n    color: #0f172a;\n  }\n\n  .faq-seo-item[open] .faq-seo-question::after {\n    content: '\u2212';\n    transform: translateY(-50%) rotate(180deg);\n    color: #0f172a;\n  }\n\n  .faq-seo-answer {\n    padding: 1.5rem;\n    color: #475569;\n    line-height: 1.65;\n    font-size: 1rem;\n    background-color: #ffffff;\n  }\n\n  .faq-seo-answer p {\n    margin: 0;\n  }\n\n  @media (max-width: 600px) {\n    .faq-seo-title {\n      font-size: 1.5rem;\n      margin-bottom: 1.5rem;\n    }\n    .faq-seo-question {\n      font-size: 1.15rem;\n      padding: 1.1rem 3rem 1.1rem 1.25rem;\n    }\n    .faq-seo-question::after {\n      right: 1.25rem;\n    }\n    .faq-seo-answer {\n      padding: 1.25rem;\n    }\n  }\n<\/style>\n\n<div class=\"faq-seo-container\">\n  <h2 class=\"faq-seo-title\"><span class=\"ez-toc-section\" id=\"Preguntas_Frecuentes_Servicio_de_Camion_Grua\"><\/span>Preguntas Frecuentes: Servicio de Cami\u00f3n Gr\u00faa<span class=\"ez-toc-section-end\"><\/span><\/h2>\n\n  <details class=\"faq-seo-item\">\n    <summary class=\"faq-seo-question\">1. \u00bfCu\u00e1les son los requisitos b\u00e1sicos para solicitar el alquiler de cami\u00f3n gr\u00faa en Mosquera para mi empresa?<\/summary>\n    <div class=\"faq-seo-answer\">\n      <p>Para agendar el equipo, requerimos el RUT actualizado, C\u00e1mara de Comercio y la direcci\u00f3n exacta de la maniobra. Es vital especificar el peso de la carga y las condiciones del terreno para enviar la unidad con la capacidad t\u00e9cnica adecuada (brazo articulado o telesc\u00f3pico) y garantizar la seguridad del izaje.<\/p>\n    <\/div>\n  <\/details>\n\n  <details class=\"faq-seo-item\">\n    <summary class=\"faq-seo-question\">2. \u00bfQu\u00e9 capacidad de carga en toneladas y alcance m\u00e1ximo tienen los equipos disponibles?<\/summary>\n    <div class=\"faq-seo-answer\">\n      <p>Contamos con una flota vers\u00e1til que abarca desde las 3 hasta las 15 toneladas de capacidad de izaje a pie de cami\u00f3n, con brazos hidr\u00e1ulicos que alcanzan hasta 21 metros de altura. Estos equipos son ideales para el montaje de estructuras met\u00e1licas, postes de concreto o movimiento de maquinaria industrial pesada.<\/p>\n    <\/div>\n  <\/details>\n\n  <details class=\"faq-seo-item\">\n    <summary class=\"faq-seo-question\">3. \u00bfEl servicio incluye un operador certificado para maniobras de izaje complejas?<\/summary>\n    <div class=\"faq-seo-answer\">\n      <p>Absolutamente. Todo servicio es ejecutado por un operador rigurosamente certificado en izaje de cargas bajo normatividad vigente (ASME\/ANSI) y equipado con elementos de protecci\u00f3n personal (EPP) completos. Esto garantiza maniobras seguras, precisas y bajo los m\u00e1s estrictos est\u00e1ndares de la industria log\u00edstica y constructiva.<\/p>\n    <\/div>\n  <\/details>\n\n  <details class=\"faq-seo-item\">\n    <summary class=\"faq-seo-question\">4. \u00bfCu\u00e1nto cuesta por hora o por jornada el alquiler de cami\u00f3n gr\u00faa en Mosquera y zonas industriales aleda\u00f1as?<\/summary>\n    <div class=\"faq-seo-answer\">\n      <p>El valor de la inversi\u00f3n depende directamente de la capacidad del equipo requerido (tonelaje) y la duraci\u00f3n del servicio. Ofrecemos tarifas competitivas y transparentes estructuradas por horas, jornadas completas o contratos mensuales, adapt\u00e1ndonos milim\u00e9tricamente al cronograma espec\u00edfico y presupuesto de su proyecto log\u00edstico.<\/p>\n    <\/div>\n  <\/details>\n\n  <details class=\"faq-seo-item\">\n    <summary class=\"faq-seo-question\">5. \u00bfEs posible transportar maquinaria pesada o contenedores adem\u00e1s de realizar el izaje?<\/summary>\n    <div class=\"faq-seo-answer\">\n      <p>S\u00ed, esa es su mayor ventaja operativa. La principal caracter\u00edstica de estos equipos tipo planch\u00f3n es su dualidad: pueden levantar la carga pesada con su propio brazo articulado, ubicarla de forma segura en su plataforma plana de hasta 7 metros de longitud y transportarla por carretera hasta su destino final.<\/p>\n    <\/div>\n  <\/details>\n\n  <details class=\"faq-seo-item\">\n    <summary class=\"faq-seo-question\">6. \u00bfQu\u00e9 medidas de seguridad y certificaciones vigentes respaldan la operaci\u00f3n de los equipos?<\/summary>\n    <div class=\"faq-seo-answer\">\n      <p>La seguridad en obra es innegociable. Todos nuestros equipos cuentan con certificaci\u00f3n anual de operatividad vigente, pruebas de ensayos no destructivos (END) en sus brazos hidr\u00e1ulicos, eslingas y grilletes certificados, p\u00f3lizas de responsabilidad civil extracontractual y revisi\u00f3n t\u00e9cnico-mec\u00e1nica al d\u00eda para operar sin restricciones.<\/p>\n    <\/div>\n  <\/details>\n\n  <details class=\"faq-seo-item\">\n    <summary class=\"faq-seo-question\">7. \u00bfCon cu\u00e1nto tiempo de anticipaci\u00f3n debo agendar el equipo para asegurar disponibilidad en mi obra?<\/summary>\n    <div class=\"faq-seo-answer\">\n      <p>Para garantizar la asignaci\u00f3n del equipo id\u00f3neo y coordinar la log\u00edstica de traslado sin contratiempos, recomendamos realizar la reserva formal con al menos 24 a 48 horas de anticipaci\u00f3n. Sin embargo, contamos con capacidad de respuesta \u00e1gil para atender contingencias o emergencias industriales sujetas a disponibilidad de nuestra flota.<\/p>\n    <\/div>\n  <\/details>\n<\/div>\n\n<script type=\"application\/ld+json\">\n{\n  \"@context\": \"https:\/\/schema.org\",\n  \"@type\": \"FAQPage\",\n  \"mainEntity\": [\n    {\n      \"@type\": \"Question\",\n      \"name\": \"1. \u00bfCu\u00e1les son los requisitos b\u00e1sicos para solicitar el alquiler de cami\u00f3n gr\u00faa en Mosquera para mi empresa?\",\n      \"acceptedAnswer\": {\n        \"@type\": \"Answer\",\n        \"text\": \"<p>Para agendar el equipo, requerimos el RUT actualizado, C\u00e1mara de Comercio y la direcci\u00f3n exacta de la maniobra. Es vital especificar el peso de la carga y las condiciones del terreno para enviar la unidad con la capacidad t\u00e9cnica adecuada (brazo articulado o telesc\u00f3pico) y garantizar la seguridad del izaje.<\/p>\"\n      }\n    },\n    {\n      \"@type\": \"Question\",\n      \"name\": \"2. \u00bfQu\u00e9 capacidad de carga en toneladas y alcance m\u00e1ximo tienen los equipos disponibles?\",\n      \"acceptedAnswer\": {\n        \"@type\": \"Answer\",\n        \"text\": \"<p>Contamos con una flota vers\u00e1til que abarca desde las 3 hasta las 15 toneladas de capacidad de izaje a pie de cami\u00f3n, con brazos hidr\u00e1ulicos que alcanzan hasta 21 metros de altura. Estos equipos son ideales para el montaje de estructuras met\u00e1licas, postes de concreto o movimiento de maquinaria industrial pesada.<\/p>\"\n      }\n    },\n    {\n      \"@type\": \"Question\",\n      \"name\": \"3. \u00bfEl servicio incluye un operador certificado para maniobras de izaje complejas?\",\n      \"acceptedAnswer\": {\n        \"@type\": \"Answer\",\n        \"text\": \"<p>Absolutamente. Todo servicio es ejecutado por un operador rigurosamente certificado en izaje de cargas bajo normatividad vigente (ASME\/ANSI) y equipado con elementos de protecci\u00f3n personal (EPP) completos. Esto garantiza maniobras seguras, precisas y bajo los m\u00e1s estrictos est\u00e1ndares de la industria log\u00edstica y constructiva.<\/p>\"\n      }\n    },\n    {\n      \"@type\": \"Question\",\n      \"name\": \"4. \u00bfCu\u00e1nto cuesta por hora o por jornada el alquiler de cami\u00f3n gr\u00faa en Mosquera y zonas industriales aleda\u00f1as?\",\n      \"acceptedAnswer\": {\n        \"@type\": \"Answer\",\n        \"text\": \"<p>El valor de la inversi\u00f3n depende directamente de la capacidad del equipo requerido (tonelaje) y la duraci\u00f3n del servicio. Ofrecemos tarifas competitivas y transparentes estructuradas por horas, jornadas completas o contratos mensuales, adapt\u00e1ndonos milim\u00e9tricamente al cronograma espec\u00edfico y presupuesto de su proyecto log\u00edstico.<\/p>\"\n      }\n    },\n    {\n      \"@type\": \"Question\",\n      \"name\": \"5. \u00bfEs posible transportar maquinaria pesada o contenedores adem\u00e1s de realizar el izaje?\",\n      \"acceptedAnswer\": {\n        \"@type\": \"Answer\",\n        \"text\": \"<p>S\u00ed, esa es su mayor ventaja operativa. La principal caracter\u00edstica de estos equipos tipo planch\u00f3n es su dualidad: pueden levantar la carga pesada con su propio brazo articulado, ubicarla de forma segura en su plataforma plana de hasta 7 metros de longitud y transportarla por carretera hasta su destino final.<\/p>\"\n      }\n    },\n    {\n      \"@type\": \"Question\",\n      \"name\": \"6. \u00bfQu\u00e9 medidas de seguridad y certificaciones vigentes respaldan la operaci\u00f3n de los equipos?\",\n      \"acceptedAnswer\": {\n        \"@type\": \"Answer\",\n        \"text\": \"<p>La seguridad en obra es innegociable. Todos nuestros equipos cuentan con certificaci\u00f3n anual de operatividad vigente, pruebas de ensayos no destructivos (END) en sus brazos hidr\u00e1ulicos, eslingas y grilletes certificados, p\u00f3lizas de responsabilidad civil extracontractual y revisi\u00f3n t\u00e9cnico-mec\u00e1nica al d\u00eda para operar sin restricciones.<\/p>\"\n      }\n    },\n    {\n      \"@type\": \"Question\",\n      \"name\": \"7. \u00bfCon cu\u00e1nto tiempo de anticipaci\u00f3n debo agendar el equipo para asegurar disponibilidad en mi obra?\",\n      \"acceptedAnswer\": {\n        \"@type\": \"Answer\",\n        \"text\": \"<p>Para garantizar la asignaci\u00f3n del equipo id\u00f3neo y coordinar la log\u00edstica de traslado sin contratiempos, recomendamos realizar la reserva formal con al menos 24 a 48 horas de anticipaci\u00f3n. Sin embargo, contamos con capacidad de respuesta \u00e1gil para atender contingencias o emergencias industriales sujetas a disponibilidad de nuestra flota.<\/p>\"\n      }\n    }\n  ]\n}\n<\/script>\n\n\n\n<hr class=\"wp-block-separator has-alpha-channel-opacity\"\/>\n\n\n\n<p>Optimice la log\u00edstica de su proyecto con un equipo de alto rendimiento y operador certificado. Asegure la ejecuci\u00f3n de su obra con la mejor tarifa del mercado y disponibilidad inmediata en toda la zona industrial.<\/p>\n\n\n\n<div class=\"wp-block-buttons is-layout-flex wp-block-buttons-is-layout-flex\">\n<div class=\"wp-block-button\"><a class=\"wp-block-button__link has-white-color has-vivid-green-cyan-background-color has-text-color has-background has-link-color wp-element-button\" href=\"https:\/\/api.whatsapp.com\/send\/?phone=573103093137&amp;text=Hola+&amp;type=phone_number&amp;app_absent=0\" style=\"border-top-left-radius:50px;border-top-right-radius:50px;border-bottom-left-radius:50px;border-bottom-right-radius:50px\" target=\"_blank\" rel=\"noopener\"><strong>Cotizar servicio ahora<\/strong><\/a><\/div>\n<\/div>\n\n\n\n<div style=\"height:100px\" aria-hidden=\"true\" class=\"wp-block-spacer\"><\/div>\n\n\n\n<iframe src=\"https:\/\/www.google.com\/maps\/embed?pb=!1m18!1m12!1m3!1d63621.84330279778!2d-74.24935659283476!3d4.7064623327982575!2m3!1f0!2f0!3f0!3m2!1i1024!2i768!4f13.1!3m3!1m2!1s0x8e3f77f0ada00867%3A0x43a976bf25ba6640!2sMosquera%2C%20Cundinamarca!5e0!3m2!1ses-419!2sco!4v1772925859919!5m2!1ses-419!2sco\" width=\"600\" height=\"450\" style=\"border:0;\" allowfullscreen=\"\" loading=\"lazy\" referrerpolicy=\"no-referrer-when-downgrade\"><\/iframe>\n\n\n\n<style>\n  .directorio-gruas-mosquera {\n    max-width: 1200px;\n    margin: 3rem auto;\n    font-family: system-ui, -apple-system, BlinkMacSystemFont, \"Segoe UI\", Roboto, Oxygen, Ubuntu, Cantarell, sans-serif;\n    color: #1e293b;\n    padding: 0 1rem;\n  }\n\n  .directorio-gruas-mosquera h2 {\n    text-align: center;\n    font-size: 2rem;\n    font-weight: 800;\n    margin-bottom: 1rem;\n    color: #0f172a;\n    line-height: 1.3;\n  }\n\n  .directorio-subtitle {\n    text-align: center;\n    font-size: 1.1rem;\n    color: #475569;\n    margin-bottom: 2.5rem;\n    max-width: 800px;\n    margin-inline: auto;\n  }\n\n  .directorio-grid {\n    display: grid;\n    grid-template-columns: 1fr;\n    gap: 2rem;\n  }\n\n  @media (min-width: 768px) {\n    .directorio-grid {\n      grid-template-columns: repeat(2, 1fr);\n    }\n  }\n\n  @media (min-width: 1024px) {\n    .directorio-grid {\n      grid-template-columns: repeat(3, 1fr);\n    }\n  }\n\n  .tarjeta-entidad {\n    background-color: #ffffff;\n    border: 1px solid #e2e8f0;\n    border-radius: 16px;\n    overflow: hidden;\n    box-shadow: 0 4px 6px -1px rgba(0, 0, 0, 0.05), 0 2px 4px -1px rgba(0, 0, 0, 0.03);\n    transition: transform 0.3s ease, box-shadow 0.3s ease;\n    display: flex;\n    flex-direction: column;\n  }\n\n  .tarjeta-entidad:hover {\n    transform: translateY(-5px);\n    box-shadow: 0 20px 25px -5px rgba(0, 0, 0, 0.1), 0 10px 10px -5px rgba(0, 0, 0, 0.04);\n  }\n\n  .directorio-card-img-wrapper {\n    background-color: #f8fafc;\n    height: 200px;\n    display: flex;\n    align-items: center;\n    justify-content: center;\n    border-bottom: 1px solid #e2e8f0;\n  }\n\n  .directorio-card-img-wrapper img {\n    width: 90px;\n    height: 90px;\n    object-fit: contain;\n  }\n\n  .tarjeta-contenido {\n    padding: 1.5rem;\n    display: flex;\n    flex-direction: column;\n    flex-grow: 1;\n  }\n\n  .tarjeta-contenido h3 {\n    font-size: 1.25rem;\n    font-weight: 700;\n    margin: 0 0 1rem 0;\n    color: #0f172a;\n    line-height: 1.2;\n  }\n\n  .tarjeta-desc {\n    font-size: 0.95rem;\n    line-height: 1.6;\n    color: #475569;\n    margin-bottom: 1.5rem;\n    flex-grow: 1;\n  }\n\n  .tarjeta-acciones {\n    display: flex;\n    flex-direction: column;\n    gap: 0.75rem;\n  }\n\n  .btn-urgencia {\n    display: flex;\n    align-items: center;\n    justify-content: center;\n    background-color: #dc2626;\n    color: #ffffff;\n    padding: 0.75rem 1rem;\n    border-radius: 8px;\n    text-decoration: none;\n    font-weight: 700;\n    font-size: 1rem;\n    transition: background-color 0.2s ease;\n    text-align: center;\n  }\n\n  .btn-urgencia:hover {\n    background-color: #b91c1c;\n  }\n\n  .btn-urgencia::before {\n    content: '\ud83d\udcde';\n    margin-right: 0.5rem;\n  }\n\n  .btn-secundario {\n    display: flex;\n    align-items: center;\n    justify-content: center;\n    background-color: #ffffff;\n    color: #2563eb;\n    padding: 0.75rem 1rem;\n    border-radius: 8px;\n    text-decoration: none;\n    font-weight: 600;\n    font-size: 0.95rem;\n    border: 2px solid #bfdbfe;\n    transition: all 0.2s ease;\n    text-align: center;\n  }\n\n  .btn-secundario:hover {\n    background-color: #eff6ff;\n    border-color: #2563eb;\n  }\n\n  .btn-secundario::before {\n    content: '\ud83c\udf10';\n    margin-right: 0.5rem;\n  }\n<\/style>\n\n<div class=\"directorio-gruas-mosquera\">\n  <h2><span class=\"ez-toc-section\" id=\"Directorio_de_Emergencias_y_Permisos_para_el_Alquiler_de_Camion_Grua_en_Mosquera\"><\/span>Directorio de Emergencias y Permisos para el Alquiler de Cami\u00f3n Gr\u00faa en Mosquera<span class=\"ez-toc-section-end\"><\/span><\/h2>\n  <p class=\"directorio-subtitle\">Contactos institucionales obligatorios para la planificaci\u00f3n segura de izajes y atenci\u00f3n de contingencias operativas en el municipio.<\/p>\n\n  <div class=\"directorio-grid\">\n    \n    <article class=\"tarjeta-entidad\">\n      <div class=\"directorio-card-img-wrapper\">\n        <img decoding=\"async\" src=\"data:image\/svg+xml,%3Csvg xmlns='http:\/\/www.w3.org\/2000\/svg' viewBox='0 0 24 24' fill='none' stroke='%23dc2626' stroke-width='2' stroke-linecap='round' stroke-linejoin='round'%3E%3Cpath d='M8.5 14.5A2.5 2.5 0 0011 12c-2.28 0-3-1.87-3-3m8.5 3.5c0-4.14-3.5-7.5-6-10.5-2.5 3-6 6.36-6 10.5a6 6 0 1012 0z'\/%3E%3C\/svg%3E\" alt=\"Logo Bomberos\">\n      <\/div>\n      <div class=\"tarjeta-contenido\">\n        <h3>Cuerpo de Bomberos Voluntarios de Mosquera<\/h3>\n        <p class=\"tarjeta-desc\">Unidad de primera respuesta. Esencial para rescates t\u00e9cnicos por fallas estructurales durante el izaje de cargas, volcamientos de maquinaria pesada y control de derrames de fluidos hidr\u00e1ulicos.<\/p>\n        <div class=\"tarjeta-acciones\">\n          <a href=\"tel:119\" class=\"btn-urgencia\">Emergencias (119)<\/a>\n          <a href=\"tel:+576018276022\" class=\"btn-secundario\">L\u00ednea Fija Estaci\u00f3n<\/a>\n        <\/div>\n      <\/div>\n    <\/article>\n\n    <article class=\"tarjeta-entidad\">\n      <div class=\"directorio-card-img-wrapper\">\n        <img decoding=\"async\" src=\"data:image\/svg+xml,%3Csvg xmlns='http:\/\/www.w3.org\/2000\/svg' viewBox='0 0 24 24' fill='none' stroke='%232563eb' stroke-width='2' stroke-linecap='round' stroke-linejoin='round'%3E%3Cpath d='M3 21h18M4 21v-4M20 21v-4M5 17h14V7L12 3 5 7v10zM9 21v-5a3 3 0 016 0v5'\/%3E%3C\/svg%3E\" alt=\"Logo Secretar\u00eda Movilidad\">\n      <\/div>\n      <div class=\"tarjeta-contenido\">\n        <h3>Secretar\u00eda de Movilidad de Mosquera<\/h3>\n        <p class=\"tarjeta-desc\">Autoridad de tr\u00e1nsito local. Entidad obligatoria para la radicaci\u00f3n y aprobaci\u00f3n del Plan de Manejo de Tr\u00e1nsito (PMT) si el cami\u00f3n gr\u00faa requiere ocupar calzadas o bloquear v\u00edas urbanas.<\/p>\n        <div class=\"tarjeta-acciones\">\n          <a href=\"tel:+576018276022\" class=\"btn-urgencia\">Contactar Movilidad<\/a>\n          <a href=\"https:\/\/www.mosquera-cundinamarca.gov.co\" target=\"_blank\" rel=\"noopener noreferrer\" class=\"btn-secundario\">Tr\u00e1mites Alcald\u00eda<\/a>\n        <\/div>\n      <\/div>\n    <\/article>\n\n    <article class=\"tarjeta-entidad\">\n      <div class=\"directorio-card-img-wrapper\">\n        <img decoding=\"async\" src=\"data:image\/svg+xml,%3Csvg xmlns='http:\/\/www.w3.org\/2000\/svg' viewBox='0 0 24 24' fill='none' stroke='%2316a34a' stroke-width='3' stroke-linecap='round' stroke-linejoin='round'%3E%3Cpath d='M12 5v14M5 12h14'\/%3E%3C\/svg%3E\" alt=\"Logo Hospital\">\n      <\/div>\n      <div class=\"tarjeta-contenido\">\n        <h3>Hospital Mar\u00eda Auxiliadora (E.S.E.)<\/h3>\n        <p class=\"tarjeta-desc\">Centro m\u00e9dico de referencia en el municipio. Vital para la estabilizaci\u00f3n y traslado inmediato de operarios o personal de tierra en caso de accidentes por ca\u00edda de objetos (load drop) o aplastamiento.<\/p>\n        <div class=\"tarjeta-acciones\">\n          <a href=\"tel:+576018276412\" class=\"btn-urgencia\">Urgencias (601) 827 6412<\/a>\n          <a href=\"https:\/\/www.hospitalmosquera.gov.co\" target=\"_blank\" rel=\"noopener noreferrer\" class=\"btn-secundario\">Sitio Web Oficial<\/a>\n        <\/div>\n      <\/div>\n    <\/article>\n\n    <article class=\"tarjeta-entidad\">\n      <div class=\"directorio-card-img-wrapper\">\n        <img decoding=\"async\" src=\"data:image\/svg+xml,%3Csvg xmlns='http:\/\/www.w3.org\/2000\/svg' viewBox='0 0 24 24' fill='none' stroke='%23ea580c' stroke-width='2' stroke-linecap='round' stroke-linejoin='round'%3E%3Cpath d='M12 22s8-4 8-10V5l-8-3-8 3v7c0 6 8 10 8 10z'\/%3E%3C\/svg%3E\" alt=\"Logo Defensa Civil\">\n      <\/div>\n      <div class=\"tarjeta-contenido\">\n        <h3>Defensa Civil Colombiana &#8211; Junta Mosquera<\/h3>\n        <p class=\"tarjeta-desc\">Fuerza de apoyo t\u00e1ctico y gesti\u00f3n del riesgo. Proveen soporte en log\u00edstica de emergencias, primeros auxilios y control de per\u00edmetros de seguridad durante maniobras de izaje de alto riesgo.<\/p>\n        <div class=\"tarjeta-acciones\">\n          <a href=\"tel:144\" class=\"btn-urgencia\">Emergencias (144)<\/a>\n          <a href=\"https:\/\/www.defensacivil.gov.co\" target=\"_blank\" rel=\"noopener noreferrer\" class=\"btn-secundario\">Directorio Nacional<\/a>\n        <\/div>\n      <\/div>\n    <\/article>\n\n    <article class=\"tarjeta-entidad\">\n      <div class=\"directorio-card-img-wrapper\">\n        <img decoding=\"async\" src=\"data:image\/svg+xml,%3Csvg xmlns='http:\/\/www.w3.org\/2000\/svg' viewBox='0 0 24 24' fill='none' stroke='%230f766e' stroke-width='2' stroke-linecap='round' stroke-linejoin='round'%3E%3Cpath d='M4 22V4a2 2 0 012-2h12a2 2 0 012 2v18M4 22h16M10 12h4M10 16h4M10 8h4'\/%3E%3C\/svg%3E\" alt=\"Logo Alcald\u00eda Planeaci\u00f3n\">\n      <\/div>\n      <div class=\"tarjeta-contenido\">\n        <h3>Secretar\u00eda de Planeaci\u00f3n Municipal<\/h3>\n        <p class=\"tarjeta-desc\">Despacho legal obligatorio para tramitar permisos de intervenci\u00f3n u ocupaci\u00f3n temporal del espacio p\u00fablico (andenes, parques) para el despliegue de los estabilizadores del cami\u00f3n gr\u00faa.<\/p>\n        <div class=\"tarjeta-acciones\">\n          <a href=\"tel:+576018276022\" class=\"btn-urgencia\">Contactar Secretar\u00eda<\/a>\n          <a href=\"https:\/\/www.mosquera-cundinamarca.gov.co\" target=\"_blank\" rel=\"noopener noreferrer\" class=\"btn-secundario\">Portal Alcald\u00eda<\/a>\n        <\/div>\n      <\/div>\n    <\/article>\n\n    <article class=\"tarjeta-entidad\">\n      <div class=\"directorio-card-img-wrapper\">\n        <img decoding=\"async\" src=\"data:image\/svg+xml,%3Csvg xmlns='http:\/\/www.w3.org\/2000\/svg' viewBox='0 0 24 24' fill='none' stroke='%23475569' stroke-width='2' stroke-linecap='round' stroke-linejoin='round'%3E%3Cpath d='M12 22s8-4 8-10V5l-8-3-8 3v7c0 6 8 10 8 10z'\/%3E%3Cpath d='M8 11h8M12 7v8'\/%3E%3C\/svg%3E\" alt=\"Logo Polic\u00eda\">\n      <\/div>\n      <div class=\"tarjeta-contenido\">\n        <h3>Polic\u00eda Nacional &#8211; Estaci\u00f3n Mosquera<\/h3>\n        <p class=\"tarjeta-desc\">Autoridad de control y orden p\u00fablico. Brindan apoyo perimetral para acordonar zonas ciegas de alto peligro durante la descarga de contenedores y maquinaria pesada en zonas industriales.<\/p>\n        <div class=\"tarjeta-acciones\">\n          <a href=\"tel:112\" class=\"btn-urgencia\">L\u00ednea Polic\u00eda (112)<\/a>\n          <a href=\"tel:+576018276189\" class=\"btn-secundario\">L\u00ednea Estaci\u00f3n Mosquera<\/a>\n        <\/div>\n      <\/div>\n    <\/article>\n\n  <\/div>\n<\/div>\n\n<script type=\"application\/ld+json\">\n{\n  \"@context\": \"https:\/\/schema.org\",\n  \"@graph\": [\n    {\n      \"@type\": \"FireStation\",\n      \"name\": \"Cuerpo de Bomberos Voluntarios de Mosquera\",\n      \"description\": \"Unidad de primera respuesta para rescates t\u00e9cnicos y manejo de fluidos en accidentes de maquinaria pesada e izaje.\",\n      \"url\": \"https:\/\/www.facebook.com\/BomberosMosquera\",\n      \"telephone\": \"119\",\n      \"image\": \"data:image\/svg+xml,%3Csvg xmlns='http:\/\/www.w3.org\/2000\/svg' viewBox='0 0 24 24' fill='none' stroke='%23dc2626' stroke-width='2' stroke-linecap='round' stroke-linejoin='round'%3E%3Cpath d='M8.5 14.5A2.5 2.5 0 0011 12c-2.28 0-3-1.87-3-3m8.5 3.5c0-4.14-3.5-7.5-6-10.5-2.5 3-6 6.36-6 10.5a6 6 0 1012 0z'\/%3E%3C\/svg%3E\",\n      \"address\": {\n        \"@type\": \"PostalAddress\",\n        \"addressLocality\": \"Mosquera\",\n        \"addressRegion\": \"Cundinamarca\",\n        \"postalCode\": \"250047\"\n      }\n    },\n    {\n      \"@type\": \"GovernmentOrganization\",\n      \"name\": \"Secretar\u00eda de Movilidad de Mosquera\",\n      \"description\": \"Entidad reguladora para la radicaci\u00f3n del Plan de Manejo de Tr\u00e1nsito (PMT) en operaciones con cami\u00f3n gr\u00faa.\",\n      \"url\": \"https:\/\/www.mosquera-cundinamarca.gov.co\",\n      \"telephone\": \"+576018276022\",\n      \"image\": \"data:image\/svg+xml,%3Csvg xmlns='http:\/\/www.w3.org\/2000\/svg' viewBox='0 0 24 24' fill='none' stroke='%232563eb' stroke-width='2' stroke-linecap='round' stroke-linejoin='round'%3E%3Cpath d='M3 21h18M4 21v-4M20 21v-4M5 17h14V7L12 3 5 7v10zM9 21v-5a3 3 0 016 0v5'\/%3E%3C\/svg%3E\",\n      \"address\": {\n        \"@type\": \"PostalAddress\",\n        \"addressLocality\": \"Mosquera\",\n        \"addressRegion\": \"Cundinamarca\",\n        \"postalCode\": \"250047\"\n      }\n    },\n    {\n      \"@type\": \"Hospital\",\n      \"name\": \"Hospital Mar\u00eda Auxiliadora (E.S.E.)\",\n      \"description\": \"Centro m\u00e9dico para la atenci\u00f3n y estabilizaci\u00f3n de traumas ocasionados en operaciones de carga.\",\n      \"url\": \"https:\/\/www.hospitalmosquera.gov.co\",\n      \"telephone\": \"+576018276412\",\n      \"image\": \"data:image\/svg+xml,%3Csvg xmlns='http:\/\/www.w3.org\/2000\/svg' viewBox='0 0 24 24' fill='none' stroke='%2316a34a' stroke-width='3' stroke-linecap='round' stroke-linejoin='round'%3E%3Cpath d='M12 5v14M5 12h14'\/%3E%3C\/svg%3E\",\n      \"address\": {\n        \"@type\": \"PostalAddress\",\n        \"addressLocality\": \"Mosquera\",\n        \"addressRegion\": \"Cundinamarca\",\n        \"postalCode\": \"250047\"\n      }\n    },\n    {\n      \"@type\": \"NGO\",\n      \"name\": \"Defensa Civil Colombiana - Junta Mosquera\",\n      \"description\": \"Gesti\u00f3n del riesgo, primeros auxilios operativos y aseguramiento de per\u00edmetros durante izajes de alto nivel.\",\n      \"url\": \"https:\/\/www.defensacivil.gov.co\",\n      \"telephone\": \"144\",\n      \"image\": \"data:image\/svg+xml,%3Csvg xmlns='http:\/\/www.w3.org\/2000\/svg' viewBox='0 0 24 24' fill='none' stroke='%23ea580c' stroke-width='2' stroke-linecap='round' stroke-linejoin='round'%3E%3Cpath d='M12 22s8-4 8-10V5l-8-3-8 3v7c0 6 8 10 8 10z'\/%3E%3C\/svg%3E\",\n      \"address\": {\n        \"@type\": \"PostalAddress\",\n        \"addressLocality\": \"Mosquera\",\n        \"addressRegion\": \"Cundinamarca\",\n        \"postalCode\": \"250047\"\n      }\n    },\n    {\n      \"@type\": \"GovernmentOrganization\",\n      \"name\": \"Secretar\u00eda de Planeaci\u00f3n Municipal de Mosquera\",\n      \"description\": \"Autoridad local que emite permisos de ocupaci\u00f3n de espacio p\u00fablico para maniobras log\u00edsticas.\",\n      \"url\": \"https:\/\/www.mosquera-cundinamarca.gov.co\",\n      \"telephone\": \"+576018276022\",\n      \"image\": \"data:image\/svg+xml,%3Csvg xmlns='http:\/\/www.w3.org\/2000\/svg' viewBox='0 0 24 24' fill='none' stroke='%230f766e' stroke-width='2' stroke-linecap='round' stroke-linejoin='round'%3E%3Cpath d='M4 22V4a2 2 0 012-2h12a2 2 0 012 2v18M4 22h16M10 12h4M10 16h4M10 8h4'\/%3E%3C\/svg%3E\",\n      \"address\": {\n        \"@type\": \"PostalAddress\",\n        \"addressLocality\": \"Mosquera\",\n        \"addressRegion\": \"Cundinamarca\",\n        \"postalCode\": \"250047\"\n      }\n    },\n    {\n      \"@type\": \"PoliceStation\",\n      \"name\": \"Polic\u00eda Nacional - Estaci\u00f3n Mosquera\",\n      \"description\": \"Control de orden p\u00fablico y acordonamiento de \u00e1reas industriales durante operaciones peligrosas de izaje.\",\n      \"url\": \"https:\/\/www.policia.gov.co\",\n      \"telephone\": \"112\",\n      \"image\": \"data:image\/svg+xml,%3Csvg xmlns='http:\/\/www.w3.org\/2000\/svg' viewBox='0 0 24 24' fill='none' stroke='%23475569' stroke-width='2' stroke-linecap='round' stroke-linejoin='round'%3E%3Cpath d='M12 22s8-4 8-10V5l-8-3-8 3v7c0 6 8 10 8 10z'\/%3E%3Cpath d='M8 11h8M12 7v8'\/%3E%3C\/svg%3E\",\n      \"address\": {\n        \"@type\": \"PostalAddress\",\n        \"addressLocality\": \"Mosquera\",\n        \"addressRegion\": \"Cundinamarca\",\n        \"postalCode\": \"250047\"\n      }\n    }\n  ]\n}\n<\/script>\n","protected":false},"excerpt":{"rendered":"<p>Mover maquinaria pesada o materiales de construcci\u00f3n en una zona industrial de alto crecimiento exige precisi\u00f3n y equipos de alto rendimiento. En el desarrollo de obras civiles y log\u00edsticas, contar con el respaldo t\u00e9cnico adecuado marca la diferencia entre el cumplimiento de cronogramas o el estancamiento operativo. Por ello, el alquiler de cami\u00f3n gr\u00faa en &hellip;<\/p>\n","protected":false},"author":1,"featured_media":3752,"comment_status":"open","ping_status":"open","sticky":false,"template":"","format":"standard","meta":{"_acf_changed":false,"footnotes":""},"categories":[50],"tags":[78,51,56,101],"class_list":["post-3741","post","type-post","status-publish","format-standard","has-post-thumbnail","hentry","category-servicios-izaje-carga","tag-equipos-certificados","tag-gruas-industriales","tag-plan-de-izaje","tag-resolucion-4272-2021"],"acf":[],"_links":{"self":[{"href":"https:\/\/www.geconexion.com.co\/alquiler\/wp-json\/wp\/v2\/posts\/3741","targetHints":{"allow":["GET"]}}],"collection":[{"href":"https:\/\/www.geconexion.com.co\/alquiler\/wp-json\/wp\/v2\/posts"}],"about":[{"href":"https:\/\/www.geconexion.com.co\/alquiler\/wp-json\/wp\/v2\/types\/post"}],"author":[{"embeddable":true,"href":"https:\/\/www.geconexion.com.co\/alquiler\/wp-json\/wp\/v2\/users\/1"}],"replies":[{"embeddable":true,"href":"https:\/\/www.geconexion.com.co\/alquiler\/wp-json\/wp\/v2\/comments?post=3741"}],"version-history":[{"count":13,"href":"https:\/\/www.geconexion.com.co\/alquiler\/wp-json\/wp\/v2\/posts\/3741\/revisions"}],"predecessor-version":[{"id":3768,"href":"https:\/\/www.geconexion.com.co\/alquiler\/wp-json\/wp\/v2\/posts\/3741\/revisions\/3768"}],"wp:featuredmedia":[{"embeddable":true,"href":"https:\/\/www.geconexion.com.co\/alquiler\/wp-json\/wp\/v2\/media\/3752"}],"wp:attachment":[{"href":"https:\/\/www.geconexion.com.co\/alquiler\/wp-json\/wp\/v2\/media?parent=3741"}],"wp:term":[{"taxonomy":"category","embeddable":true,"href":"https:\/\/www.geconexion.com.co\/alquiler\/wp-json\/wp\/v2\/categories?post=3741"},{"taxonomy":"post_tag","embeddable":true,"href":"https:\/\/www.geconexion.com.co\/alquiler\/wp-json\/wp\/v2\/tags?post=3741"}],"curies":[{"name":"wp","href":"https:\/\/api.w.org\/{rel}","templated":true}]}}