{"id":3702,"date":"2026-04-26T15:16:00","date_gmt":"2026-04-26T15:16:00","guid":{"rendered":"https:\/\/www.geconexion.com.co\/alquiler\/?p=3702"},"modified":"2026-04-26T22:50:07","modified_gmt":"2026-04-26T22:50:07","slug":"alquiler-de-andamios-certificados-en-bogota","status":"publish","type":"post","link":"https:\/\/www.geconexion.com.co\/alquiler\/alquiler-de-andamios-certificados-en-bogota\/","title":{"rendered":"Gu\u00eda T\u00e9cnica para el Alquiler de Andamios Certificados en Bogot\u00e1 &#8211; Requisitos y Cotizaci\u00f3n Inmediata 2026"},"content":{"rendered":"\n<p>Para ejecutar cualquier proyecto civil o industrial bajo cumplimiento de la Resoluci\u00f3n 4272, es fundamental verificar la estabilidad del sistema. En Geconexi\u00f3n, gestionamos nuestro <strong><a href=\"https:\/\/www.geconexion.com.co\/alquiler-andamios-certificados-en-bogota.html\" target=\"_blank\" rel=\"noreferrer noopener\">servicio principal de estructuras multidireccionales certificadas<\/a><\/strong> para garantizar soporte de carga y respaldo legal absoluto. Brindamos disponibilidad operativa y despacho t\u00e9cnico inmediato en toda la ciudad.<\/p>\n\n\n\n<div class=\"wp-block-buttons is-content-justification-left is-layout-flex wp-container-core-buttons-is-layout-fdcfc74e wp-block-buttons-is-layout-flex\">\n<div class=\"wp-block-button\"><a class=\"wp-block-button__link has-white-color has-text-color has-background has-link-color wp-element-button\" href=\"https:\/\/api.whatsapp.com\/send\/?phone=573103093137&amp;text=Hola+&amp;type=phone_number&amp;app_absent=0\" style=\"background-color:#5eb039\" target=\"_blank\" rel=\"noreferrer noopener\"><strong>\ud83d\udcde Ver Cat\u00e1logo y Cotizar<\/strong><\/a><\/div>\n<\/div>\n\n\n\n<!--more LEER MAS-->\n\n\n\n<div id=\"ez-toc-container\" class=\"ez-toc-v2_0_82_2 counter-hierarchy ez-toc-counter ez-toc-light-blue ez-toc-container-direction\">\n<div class=\"ez-toc-title-container\">\n<p class=\"ez-toc-title\" style=\"cursor:inherit\">Indice<\/p>\n<span class=\"ez-toc-title-toggle\"><a href=\"#\" class=\"ez-toc-pull-right ez-toc-btn ez-toc-btn-xs ez-toc-btn-default ez-toc-toggle\" aria-label=\"Alternar tabla de contenidos\"><span class=\"ez-toc-js-icon-con\"><span class=\"\"><span class=\"eztoc-hide\" style=\"display:none;\">Toggle<\/span><span class=\"ez-toc-icon-toggle-span\"><svg style=\"fill: #999;color:#999\" xmlns=\"http:\/\/www.w3.org\/2000\/svg\" class=\"list-377408\" width=\"20px\" height=\"20px\" viewBox=\"0 0 24 24\" fill=\"none\"><path d=\"M6 6H4v2h2V6zm14 0H8v2h12V6zM4 11h2v2H4v-2zm16 0H8v2h12v-2zM4 16h2v2H4v-2zm16 0H8v2h12v-2z\" fill=\"currentColor\"><\/path><\/svg><svg style=\"fill: #999;color:#999\" class=\"arrow-unsorted-368013\" xmlns=\"http:\/\/www.w3.org\/2000\/svg\" width=\"10px\" height=\"10px\" viewBox=\"0 0 24 24\" version=\"1.2\" baseProfile=\"tiny\"><path d=\"M18.2 9.3l-6.2-6.3-6.2 6.3c-.2.2-.3.4-.3.7s.1.5.3.7c.2.2.4.3.7.3h11c.3 0 .5-.1.7-.3.2-.2.3-.5.3-.7s-.1-.5-.3-.7zM5.8 14.7l6.2 6.3 6.2-6.3c.2-.2.3-.5.3-.7s-.1-.5-.3-.7c-.2-.2-.4-.3-.7-.3h-11c-.3 0-.5.1-.7.3-.2.2-.3.5-.3.7s.1.5.3.7z\"\/><\/svg><\/span><\/span><\/span><\/a><\/span><\/div>\n<nav><ul class='ez-toc-list ez-toc-list-level-1 ' ><li class='ez-toc-page-1 ez-toc-heading-level-2'><a class=\"ez-toc-link ez-toc-heading-1\" href=\"https:\/\/www.geconexion.com.co\/alquiler\/alquiler-de-andamios-certificados-en-bogota\/#%C2%BFPor_que_Geconexion_es_el_aliado_estrategico_en_equipos_para_alturas\" >\u00bfPor qu\u00e9 Geconexi\u00f3n es el aliado estrat\u00e9gico en equipos para alturas?<\/a><\/li><li class='ez-toc-page-1 ez-toc-heading-level-2'><a class=\"ez-toc-link ez-toc-heading-2\" href=\"https:\/\/www.geconexion.com.co\/alquiler\/alquiler-de-andamios-certificados-en-bogota\/#Tipos_de_estructuras_y_soluciones_para_el_alquiler_de_andamios_certificados_en_Bogota\" >Tipos de estructuras y soluciones para el alquiler de andamios certificados en Bogot\u00e1<\/a><\/li><li class='ez-toc-page-1 ez-toc-heading-level-2'><a class=\"ez-toc-link ez-toc-heading-3\" href=\"https:\/\/www.geconexion.com.co\/alquiler\/alquiler-de-andamios-certificados-en-bogota\/#Factores_clave_para_presupuestar_el_arriendo_de_andamios_certificados\" >Factores clave para presupuestar el arriendo de andamios certificados<\/a><\/li><li class='ez-toc-page-1 ez-toc-heading-level-2'><a class=\"ez-toc-link ez-toc-heading-4\" href=\"https:\/\/www.geconexion.com.co\/alquiler\/alquiler-de-andamios-certificados-en-bogota\/#Cobertura_y_logistica_para_el_alquiler_de_andamios_en_Bogota_y_Cundinamarca\" >Cobertura y log\u00edstica para el alquiler de andamios en Bogot\u00e1 y Cundinamarca<\/a><\/li><li class='ez-toc-page-1 ez-toc-heading-level-2'><a class=\"ez-toc-link ez-toc-heading-5\" href=\"https:\/\/www.geconexion.com.co\/alquiler\/alquiler-de-andamios-certificados-en-bogota\/#%C2%BFQue_se_necesita_para_el_arriendo_de_andamios_certificados_en_Bogota\" >\u00bfQu\u00e9 se necesita para el arriendo de andamios certificados en Bogot\u00e1?<\/a><\/li><li class='ez-toc-page-1 ez-toc-heading-level-2'><a class=\"ez-toc-link ez-toc-heading-6\" href=\"https:\/\/www.geconexion.com.co\/alquiler\/alquiler-de-andamios-certificados-en-bogota\/#Soporte_especializado_y_armado_de_andamios_certificados\" >Soporte especializado y armado de andamios certificados<\/a><\/li><li class='ez-toc-page-1 ez-toc-heading-level-2'><a class=\"ez-toc-link ez-toc-heading-7\" href=\"https:\/\/www.geconexion.com.co\/alquiler\/alquiler-de-andamios-certificados-en-bogota\/#Normatividad_y_seguridad_en_el_alquiler_de_andamios_certificados\" >Normatividad y seguridad en el alquiler de andamios certificados<\/a><\/li><li class='ez-toc-page-1 ez-toc-heading-level-2'><a class=\"ez-toc-link ez-toc-heading-8\" href=\"https:\/\/www.geconexion.com.co\/alquiler\/alquiler-de-andamios-certificados-en-bogota\/#Preguntas_frecuentes_sobre_el_servicio_de_andamiaje_certificado\" >Preguntas frecuentes sobre el servicio de andamiaje certificado<\/a><\/li><li class='ez-toc-page-1 ez-toc-heading-level-2'><a class=\"ez-toc-link ez-toc-heading-9\" href=\"https:\/\/www.geconexion.com.co\/alquiler\/alquiler-de-andamios-certificados-en-bogota\/#Directorio_de_Emergencias_y_Permisos_para_el_Alquiler_de_Andamios_Certificados_en_Bogota\" >Directorio de Emergencias y Permisos para el Alquiler de Andamios Certificados en Bogot\u00e1<\/a><\/li><\/ul><\/nav><\/div>\n<h2 class=\"wp-block-heading\"><span class=\"ez-toc-section\" id=\"%C2%BFPor_que_Geconexion_es_el_aliado_estrategico_en_equipos_para_alturas\"><\/span>\u00bfPor qu\u00e9 Geconexi\u00f3n es el aliado estrat\u00e9gico en equipos para alturas?<span class=\"ez-toc-section-end\"><\/span><\/h2>\n\n\n\n<p>Para asegurar la continuidad operativa y el respaldo legal en su obra, nuestra <strong>renta de plataformas tubulares<\/strong> integra est\u00e1ndares de seguridad industrial de alta precisi\u00f3n:<\/p>\n\n\n\n<div class=\"wp-block-columns has-background is-layout-flex wp-container-core-columns-is-layout-9d6595d7 wp-block-columns-is-layout-flex\" style=\"background-color:#f0f8ff\">\n<div class=\"wp-block-column is-layout-flow wp-block-column-is-layout-flow\">\n<p class=\"has-text-align-center has-medium-font-size\"><strong>\u2705 Certificaci\u00f3n Legal<\/strong><\/p>\n\n\n\n<p class=\"has-text-align-center\">Garantizamos el cumplimiento total de la normativa colombiana vigente, entregando certificados de conformidad para auditor\u00edas SST.<\/p>\n<\/div>\n\n\n\n<div class=\"wp-block-column is-layout-flow wp-block-column-is-layout-flow\">\n<p class=\"has-text-align-center has-medium-font-size\"><strong>\ud83c\udfd7\ufe0f Sistema Multidireccional<\/strong><\/p>\n\n\n\n<p class=\"has-text-align-center\">Estructuras de rosetas y cu\u00f1as que aseguran estabilidad mec\u00e1nica superior en fachadas de geometr\u00eda compleja.<\/p>\n<\/div>\n\n\n\n<div class=\"wp-block-column is-layout-flow wp-block-column-is-layout-flow\">\n<p class=\"has-text-align-center has-medium-font-size\"><strong>\ud83d\udd2c Carga Probada<\/strong><\/p>\n\n\n\n<p class=\"has-text-align-center\">Componentes con fichas t\u00e9cnicas que avalan la capacidad de soporte vertical y horizontal bajo est\u00e1ndares internacionales.<\/p>\n<\/div>\n<\/div>\n\n\n\n<div class=\"wp-block-columns has-background is-layout-flex wp-container-core-columns-is-layout-9d6595d7 wp-block-columns-is-layout-flex\" style=\"background-color:#f0f8ff\">\n<div class=\"wp-block-column is-layout-flow wp-block-column-is-layout-flow\">\n<p class=\"has-text-align-center has-medium-font-size\"><strong>\ud83d\ude9a Despacho Inmediato<\/strong><\/p>\n\n\n\n<p class=\"has-text-align-center\">Log\u00edstica t\u00e9cnica en todas las localidades de Bogot\u00e1 y zonas industriales para evitar retrasos en su cronograma.<\/p>\n<\/div>\n\n\n\n<div class=\"wp-block-column is-layout-flow wp-block-column-is-layout-flow\">\n<p class=\"has-text-align-center has-medium-font-size\"><strong>\ud83d\udee1\ufe0f Seguridad Integral<\/strong><\/p>\n\n\n\n<p class=\"has-text-align-center\">Equipos dotados con plataformas antideslizantes, rodapi\u00e9s y barandas que minimizan riesgos en labores de altura.<\/p>\n<\/div>\n\n\n\n<div class=\"wp-block-column is-layout-flow wp-block-column-is-layout-flow\">\n<p class=\"has-text-align-center has-medium-font-size\"><strong>\ud83d\udcde Soporte T\u00e9cnico 24\/7<\/strong><\/p>\n\n\n\n<p class=\"has-text-align-center\">Canal de comunicaci\u00f3n permanente para resolver contingencias operativas o requerimientos adicionales de material.<\/p>\n<\/div>\n<\/div>\n\n\n\n<h2 class=\"wp-block-heading\"><span class=\"ez-toc-section\" id=\"Tipos_de_estructuras_y_soluciones_para_el_alquiler_de_andamios_certificados_en_Bogota\"><\/span>Tipos de estructuras y soluciones para el alquiler de andamios certificados en Bogot\u00e1<span class=\"ez-toc-section-end\"><\/span><\/h2>\n\n\n\n<p>Para seleccionar el sistema adecuado, es indispensable analizar la envergadura del proyecto y las cargas de trabajo previstas. En Geconexi\u00f3n, nuestro portafolio de <strong>arriendo de andamios multidireccionales<\/strong> y estructuras de acceso est\u00e1 dise\u00f1ado bajo est\u00e1ndares de ingenier\u00eda que garantizan estabilidad absoluta en cada metro de altura, asegurando un respaldo t\u00e9cnico integral en toda la ciudad.<\/p>\n\n\n\n<div class=\"wp-block-media-text is-stacked-on-mobile\"><figure class=\"wp-block-media-text__media\"><img loading=\"lazy\" decoding=\"async\" width=\"768\" height=\"576\" src=\"https:\/\/www.geconexion.com.co\/alquiler\/wp-content\/uploads\/2026\/03\/alquiler-de-andamio-certificado-en-bogota.jpeg\" alt=\"Render t\u00e9cnico de una estructura modular de alta ingenier\u00eda dise\u00f1ada para el alquiler de andamios certificados en Bogot\u00e1.\" class=\"wp-image-3972 size-full\" srcset=\"https:\/\/www.geconexion.com.co\/alquiler\/wp-content\/uploads\/2026\/03\/alquiler-de-andamio-certificado-en-bogota.jpeg 768w, https:\/\/www.geconexion.com.co\/alquiler\/wp-content\/uploads\/2026\/03\/alquiler-de-andamio-certificado-en-bogota-300x225.jpeg 300w, https:\/\/www.geconexion.com.co\/alquiler\/wp-content\/uploads\/2026\/03\/alquiler-de-andamio-certificado-en-bogota-555x416.jpeg 555w, https:\/\/www.geconexion.com.co\/alquiler\/wp-content\/uploads\/2026\/03\/alquiler-de-andamio-certificado-en-bogota-100x75.jpeg 100w, https:\/\/www.geconexion.com.co\/alquiler\/wp-content\/uploads\/2026\/03\/alquiler-de-andamio-certificado-en-bogota-600x450.jpeg 600w\" sizes=\"auto, (max-width: 768px) 100vw, 768px\" \/><\/figure><div class=\"wp-block-media-text__content\">\n<h3 class=\"wp-block-heading\">Andamio multidireccional certificado de roseta (Sistema Ringlock)<\/h3>\n\n\n\n<ul class=\"wp-block-list\">\n<li><strong>Altura m\u00e1xima:<\/strong> Hasta 40 metros (seg\u00fan dise\u00f1o de ingenier\u00eda y arriostramiento).<\/li>\n\n\n\n<li><strong>Capacidad de carga:<\/strong> Soporta hasta 200 kg\/m\u00b2 en plataformas de trabajo pesado.<\/li>\n\n\n\n<li><strong>Certificaci\u00f3n:<\/strong> Fabricado bajo normas <strong>NTC 1641 y 1642<\/strong>, garantizando la resistencia de sus componentes de acero galvanizado.<\/li>\n\n\n\n<li><strong>Punto clave:<\/strong> Su sistema de roseta permite hasta 8 conexiones en un solo punto, ideal para formas circulares o fachadas complejas.<\/li>\n<\/ul>\n<\/div><\/div>\n\n\n\n<div class=\"wp-block-media-text has-media-on-the-right is-stacked-on-mobile\"><div class=\"wp-block-media-text__content\">\n<h3 class=\"wp-block-heading\">Andamios tubulares de marco y cruceta<\/h3>\n\n\n\n<ul class=\"wp-block-list\">\n<li><strong>Altura recomendada:<\/strong> Hasta 12 metros de forma autoportante (para mayor altura requiere anclajes especiales).<\/li>\n\n\n\n<li><strong>Capacidad de carga:<\/strong> Ideal para labores livianas de hasta 150 kg por nivel de trabajo.<\/li>\n\n\n\n<li><strong>Certificaci\u00f3n:<\/strong> Cumple con los requerimientos de seguridad industrial para montajes r\u00e1pidos y lineales en exteriores.<\/li>\n\n\n\n<li><strong>Punto clave:<\/strong> Es la estructura m\u00e1s \u00e1gil para armar y desarmar, optimizando tiempos en obras de mantenimiento preventivo.<\/li>\n<\/ul>\n<\/div><figure class=\"wp-block-media-text__media\"><img loading=\"lazy\" decoding=\"async\" width=\"1024\" height=\"768\" src=\"https:\/\/www.geconexion.com.co\/alquiler\/wp-content\/uploads\/2026\/03\/andamio-tubular-certificado.jpeg\" alt=\"\" class=\"wp-image-4280 size-full\" srcset=\"https:\/\/www.geconexion.com.co\/alquiler\/wp-content\/uploads\/2026\/03\/andamio-tubular-certificado.jpeg 1024w, https:\/\/www.geconexion.com.co\/alquiler\/wp-content\/uploads\/2026\/03\/andamio-tubular-certificado-300x225.jpeg 300w, https:\/\/www.geconexion.com.co\/alquiler\/wp-content\/uploads\/2026\/03\/andamio-tubular-certificado-768x576.jpeg 768w, https:\/\/www.geconexion.com.co\/alquiler\/wp-content\/uploads\/2026\/03\/andamio-tubular-certificado-555x416.jpeg 555w, https:\/\/www.geconexion.com.co\/alquiler\/wp-content\/uploads\/2026\/03\/andamio-tubular-certificado-100x75.jpeg 100w, https:\/\/www.geconexion.com.co\/alquiler\/wp-content\/uploads\/2026\/03\/andamio-tubular-certificado-600x450.jpeg 600w\" sizes=\"auto, (max-width: 1024px) 100vw, 1024px\" \/><\/figure><\/div>\n\n\n\n<div class=\"wp-block-media-text is-stacked-on-mobile\"><figure class=\"wp-block-media-text__media\"><img loading=\"lazy\" decoding=\"async\" width=\"768\" height=\"576\" src=\"https:\/\/www.geconexion.com.co\/alquiler\/wp-content\/uploads\/2026\/03\/alquiler_de_andamios_certificados_en_bogota.jpeg\" alt=\"Alquiler de andamios certificados en Bogot\u00e1 para proyectos de construcci\u00f3n y mantenimiento industrial.\" class=\"wp-image-3956 size-full\" srcset=\"https:\/\/www.geconexion.com.co\/alquiler\/wp-content\/uploads\/2026\/03\/alquiler_de_andamios_certificados_en_bogota.jpeg 768w, https:\/\/www.geconexion.com.co\/alquiler\/wp-content\/uploads\/2026\/03\/alquiler_de_andamios_certificados_en_bogota-300x225.jpeg 300w, https:\/\/www.geconexion.com.co\/alquiler\/wp-content\/uploads\/2026\/03\/alquiler_de_andamios_certificados_en_bogota-555x416.jpeg 555w, https:\/\/www.geconexion.com.co\/alquiler\/wp-content\/uploads\/2026\/03\/alquiler_de_andamios_certificados_en_bogota-100x75.jpeg 100w, https:\/\/www.geconexion.com.co\/alquiler\/wp-content\/uploads\/2026\/03\/alquiler_de_andamios_certificados_en_bogota-600x450.jpeg 600w\" sizes=\"auto, (max-width: 768px) 100vw, 768px\" \/><\/figure><div class=\"wp-block-media-text__content\">\n<h3 class=\"wp-block-heading\">Andamios colgantes el\u00e9ctricos (Sistemas Suspendidos)<\/h3>\n\n\n\n<ul class=\"wp-block-list\">\n<li><strong>Altura operativa:<\/strong> Sin l\u00edmite de altura (determinado por la longitud del cable de acero).<\/li>\n\n\n\n<li><strong>Capacidad de carga:<\/strong> Soporta entre 500 kg y 800 kg (seg\u00fan la longitud de la plataforma y motores).<\/li>\n\n\n\n<li><strong>Certificaci\u00f3n:<\/strong> Equipado con sistemas de freno de emergencia y bloques de seguridad autom\u00e1ticos certificados.<\/li>\n\n\n\n<li><strong>Punto clave:<\/strong> Perfecto para acabados, pintura o limpieza en rascacielos donde no es posible apoyar estructuras en el suelo.<\/li>\n<\/ul>\n<\/div><\/div>\n\n\n\n<div class=\"wp-block-media-text has-media-on-the-right is-stacked-on-mobile\"><div class=\"wp-block-media-text__content\">\n<h3 class=\"wp-block-heading\">Torres de acceso con escaleras integradas<\/h3>\n\n\n\n<ul class=\"wp-block-list\">\n<li><strong>Altura:<\/strong> Modular por secciones de 2 metros, alcanzando alturas industriales seguras.<\/li>\n\n\n\n<li><strong>Capacidad de carga:<\/strong> Plataformas de descanso dise\u00f1adas para el tr\u00e1nsito simult\u00e1neo de personal con herramientas.<\/li>\n\n\n\n<li><strong>Certificaci\u00f3n:<\/strong> Cumple con las dimensiones de pelda\u00f1os y barandas exigidas por la <strong>Resoluci\u00f3n 4272<\/strong>.<\/li>\n\n\n\n<li><strong>Punto clave:<\/strong> Facilita el ascenso y descenso ergon\u00f3mico del trabajador, reduciendo la fatiga y el riesgo de ca\u00eddas.<\/li>\n<\/ul>\n<\/div><figure class=\"wp-block-media-text__media\"><img loading=\"lazy\" decoding=\"async\" width=\"1024\" height=\"768\" src=\"https:\/\/www.geconexion.com.co\/alquiler\/wp-content\/uploads\/2026\/03\/andamio-escalera-certificado.jpeg\" alt=\"\" class=\"wp-image-4281 size-full\" srcset=\"https:\/\/www.geconexion.com.co\/alquiler\/wp-content\/uploads\/2026\/03\/andamio-escalera-certificado.jpeg 1024w, https:\/\/www.geconexion.com.co\/alquiler\/wp-content\/uploads\/2026\/03\/andamio-escalera-certificado-300x225.jpeg 300w, https:\/\/www.geconexion.com.co\/alquiler\/wp-content\/uploads\/2026\/03\/andamio-escalera-certificado-768x576.jpeg 768w, https:\/\/www.geconexion.com.co\/alquiler\/wp-content\/uploads\/2026\/03\/andamio-escalera-certificado-555x416.jpeg 555w, https:\/\/www.geconexion.com.co\/alquiler\/wp-content\/uploads\/2026\/03\/andamio-escalera-certificado-100x75.jpeg 100w, https:\/\/www.geconexion.com.co\/alquiler\/wp-content\/uploads\/2026\/03\/andamio-escalera-certificado-600x450.jpeg 600w\" sizes=\"auto, (max-width: 1024px) 100vw, 1024px\" \/><\/figure><\/div>\n\n\n\n<div class=\"wp-block-media-text is-stacked-on-mobile\"><figure class=\"wp-block-media-text__media\"><img loading=\"lazy\" decoding=\"async\" width=\"768\" height=\"552\" src=\"https:\/\/www.geconexion.com.co\/alquiler\/wp-content\/uploads\/2026\/03\/andamios-certificados-bogota.jpeg\" alt=\"\" class=\"wp-image-4282 size-full\" srcset=\"https:\/\/www.geconexion.com.co\/alquiler\/wp-content\/uploads\/2026\/03\/andamios-certificados-bogota.jpeg 768w, https:\/\/www.geconexion.com.co\/alquiler\/wp-content\/uploads\/2026\/03\/andamios-certificados-bogota-300x216.jpeg 300w, https:\/\/www.geconexion.com.co\/alquiler\/wp-content\/uploads\/2026\/03\/andamios-certificados-bogota-555x399.jpeg 555w, https:\/\/www.geconexion.com.co\/alquiler\/wp-content\/uploads\/2026\/03\/andamios-certificados-bogota-600x431.jpeg 600w\" sizes=\"auto, (max-width: 768px) 100vw, 768px\" \/><\/figure><div class=\"wp-block-media-text__content\">\n<h3 class=\"wp-block-heading\">Andamios de carga para apuntalamiento<\/h3>\n\n\n\n<ul class=\"wp-block-list\">\n<li><strong>Altura:<\/strong> Ajustable mediante cabezales y bases niveladoras de alta resistencia.<\/li>\n\n\n\n<li><strong>Capacidad de carga:<\/strong> Soporta varias toneladas por punto de apoyo (seg\u00fan c\u00e1lculo estructural previo).<\/li>\n\n\n\n<li><strong>Certificaci\u00f3n:<\/strong> Avalado por fichas t\u00e9cnicas que garantizan la resistencia del acero frente a compresi\u00f3n extrema.<\/li>\n\n\n\n<li><strong>Punto clave:<\/strong> Indispensable en proyectos de infraestructura para el soporte de vigas y placas de gran pesaje.<\/li>\n<\/ul>\n<\/div><\/div>\n\n\n\n<div style=\"height:26px\" aria-hidden=\"true\" class=\"wp-block-spacer\"><\/div>\n\n\n\n<div class=\"wp-block-file has-background\" style=\"background-color:#f0f8ff\"><a id=\"wp-block-file--media-6090c75b-7609-43c9-8385-1cb297c59e53\" href=\"https:\/\/www.geconexion.com.co\/alquiler\/wp-content\/uploads\/2026\/03\/ficha-tecnica-alquiler-de-andamios-certificados-en-bogota.pdf.pdf\" target=\"_blank\" rel=\"noreferrer noopener\"><strong>Descargar Cat\u00e1logo de Equipos Certificados (PDF)<\/strong><\/a><a href=\"https:\/\/www.geconexion.com.co\/alquiler\/wp-content\/uploads\/2026\/03\/ficha-tecnica-alquiler-de-andamios-certificados-en-bogota.pdf.pdf\" class=\"wp-block-file__button wp-element-button\" aria-describedby=\"wp-block-file--media-6090c75b-7609-43c9-8385-1cb297c59e53\" download><strong>Bajar PDF<\/strong><\/a><\/div>\n\n\n\n<h2 class=\"wp-block-heading\"><span class=\"ez-toc-section\" id=\"Factores_clave_para_presupuestar_el_arriendo_de_andamios_certificados\"><\/span>Factores clave para presupuestar el arriendo de andamios certificados<span class=\"ez-toc-section-end\"><\/span><\/h2>\n\n\n\n<p>Para obtener una tarifa competitiva en el <strong>alquiler de andamios certificados en Bogot\u00e1<\/strong>, es fundamental comprender que el costo no es una cifra est\u00e1tica. El presupuesto final se ajusta a la complejidad t\u00e9cnica y a los requerimientos de seguridad que cada fachada o estructura industrial exige para proteger la integridad del personal.<\/p>\n\n\n\n<p class=\"has-medium-font-size\"><strong>\u00bfQu\u00e9 influye en la cotizaci\u00f3n de su proyecto?<\/strong><\/p>\n\n\n\n<ul class=\"wp-block-list\">\n<li>\ud83d\uddd3\ufe0f <strong>Periodo de arrendamiento:<\/strong> La eficiencia de costos mejora seg\u00fan la duraci\u00f3n del contrato. Ofrecemos tarifas diferenciales para alquileres mensuales frente a necesidades puntuales de pocos d\u00edas.<br><\/li>\n\n\n\n<li>\ud83c\udfd7\ufe0f <strong>Ingenier\u00eda de montaje:<\/strong> El uso de un <strong>andamio roseta<\/strong> en estructuras complejas o circulares requiere un c\u00e1lculo de estabilidad m\u00e1s detallado que el de una torre est\u00e1ndar, lo que influye en el valor del servicio t\u00e9cnico.<br><\/li>\n\n\n\n<li>\ud83d\ude9a <strong>Log\u00edstica de despacho:<\/strong> La ubicaci\u00f3n exacta en Bogot\u00e1 o en municipios de Cundinamarca determina los tiempos de movilizaci\u00f3n y el costo del flete para la entrega y recogida del equipo.<br><\/li>\n\n\n\n<li>\ud83d\udee1\ufe0f <strong>Configuraci\u00f3n de accesorios:<\/strong> El presupuesto var\u00eda si la obra requiere elementos adicionales como plataformas con trampilla, escaleras internas de acceso r\u00e1pido o rodapi\u00e9s para prevenir la ca\u00edda de herramientas.<\/li>\n<\/ul>\n\n\n\n<h3 class=\"wp-block-heading\">Criterios para la elecci\u00f3n del equipo ideal<\/h3>\n\n\n\n<p>No todos los proyectos requieren la misma robustez. Para optimizar su inversi\u00f3n, siga estos tres criterios de selecci\u00f3n t\u00e9cnica:<\/p>\n\n\n\n<ol start=\"1\" class=\"wp-block-list\">\n<li>\u2705 <strong>Analice el terreno:<\/strong> Si la base es irregular o hay obst\u00e1culos en la fachada, el sistema multidireccional es la \u00fanica opci\u00f3n que garantiza nivelaci\u00f3n absoluta.<br><\/li>\n\n\n\n<li>\u2705 <strong>Calcule la carga operativa:<\/strong> Para tareas de pintura o limpieza, los sistemas tubulares ligeros son suficientes. Para obra civil pesada, se deben emplear estructuras con mayor capacidad de carga.<br><\/li>\n\n\n\n<li>\u2705 <strong>Priorice la ergonom\u00eda:<\/strong> En obras de larga duraci\u00f3n, instalar torres con escalera interna reduce la fatiga del trabajador y acelera los tiempos de ejecuci\u00f3n en un 30%.<\/li>\n<\/ol>\n\n\n<div class=\"wp-block-image\">\n<figure class=\"aligncenter size-full is-resized\"><img loading=\"lazy\" decoding=\"async\" width=\"675\" height=\"422\" src=\"https:\/\/www.geconexion.com.co\/alquiler\/wp-content\/uploads\/2026\/03\/alquiler-de-andamios-certificados-en-bogota.jpeg\" alt=\"Montaje de grandes estructuras para escenarios y eventos masivos mediante el servicio de alquiler de andamios certificados en Bogot\u00e1.\" class=\"wp-image-3968\" style=\"width:500px\" srcset=\"https:\/\/www.geconexion.com.co\/alquiler\/wp-content\/uploads\/2026\/03\/alquiler-de-andamios-certificados-en-bogota.jpeg 675w, https:\/\/www.geconexion.com.co\/alquiler\/wp-content\/uploads\/2026\/03\/alquiler-de-andamios-certificados-en-bogota-300x188.jpeg 300w, https:\/\/www.geconexion.com.co\/alquiler\/wp-content\/uploads\/2026\/03\/alquiler-de-andamios-certificados-en-bogota-555x347.jpeg 555w, https:\/\/www.geconexion.com.co\/alquiler\/wp-content\/uploads\/2026\/03\/alquiler-de-andamios-certificados-en-bogota-600x375.jpeg 600w\" sizes=\"auto, (max-width: 675px) 100vw, 675px\" \/><figcaption class=\"wp-element-caption\">Andamios certificados para eventos y conciertos.<\/figcaption><\/figure>\n<\/div>\n\n\n<h2 class=\"wp-block-heading\"><span class=\"ez-toc-section\" id=\"Cobertura_y_logistica_para_el_alquiler_de_andamios_en_Bogota_y_Cundinamarca\"><\/span>Cobertura y log\u00edstica para el alquiler de andamios en Bogot\u00e1 y Cundinamarca<span class=\"ez-toc-section-end\"><\/span><\/h2>\n\n\n\n<p>Disponemos de un despliegue operativo dise\u00f1ado para asegurar un servicio de alquiler de andamios certificados cerca de m\u00ed con entregas programadas en tiempo r\u00e9cord. Nuestra log\u00edstica abarca estrat\u00e9gicamente el casco urbano y los nodos industriales, facilitando el transporte de estructuras bajo estrictos protocolos de seguridad.<\/p>\n\n\n\n<p>\ud83d\udccd <strong>Zona Norte:<\/strong> Cobertura total en <strong><a href=\"https:\/\/www.geconexion.com.co\/bogota\/alquiler-andamios-certificados-usaquen.html\" target=\"_blank\" rel=\"noreferrer noopener\">Usaqu\u00e9n<\/a><\/strong> y Suba, con atenci\u00f3n especializada para desarrollos residenciales y mantenimiento comercial.<\/p>\n\n\n\n<p>\ud83d\udccd <strong>Zona Sur:<\/strong> Presencia en Kennedy, Bosa y <strong><a href=\"https:\/\/www.geconexion.com.co\/bogota\/alquiler-andamios-certificados-tunjuelito.html\" target=\"_blank\" rel=\"noreferrer noopener\">Tunjuelito<\/a><\/strong>, orientada al suministro de equipos para proyectos log\u00edsticos y de manufactura.<\/p>\n\n\n\n<p>\ud83d\udccd <strong>Zona Oeste \/ Este:<\/strong> Servicio \u00e1gil en <strong><a href=\"https:\/\/www.geconexion.com.co\/bogota\/alquiler-andamios-certificados-fontibon.html\" target=\"_blank\" rel=\"noreferrer noopener\">Fontib\u00f3n<\/a><\/strong> y zonas del centro-oriente, cubriendo parques industriales, bodegas y \u00e1reas de alta densidad constructiva.<\/p>\n\n\n\n<p>\ud83d\udccd <strong>Sabana Occidente y Norte:<\/strong> Despacho inmediato a centros log\u00edsticos en la calle 80 (<strong><a href=\"https:\/\/www.geconexion.com.co\/cundinamarca\/alquiler-andamios-certificados-cota.html\" target=\"_blank\" rel=\"noreferrer noopener\">Cota<\/a><\/strong>, Funza, Mosquera) y zonas industriales del norte como Ch\u00eda, Cajic\u00e1 y <strong><a href=\"https:\/\/www.geconexion.com.co\/cundinamarca\/alquiler-andamios-certificados-tocancipa.html\" target=\"_blank\" rel=\"noreferrer noopener\">Tocancip\u00e1<\/a><\/strong>.<\/p>\n\n\n\n<h3 class=\"wp-block-heading\">Nuestra ubicaci\u00f3n y rutas de entrega en Bogot\u00e1<\/h3>\n\n\n\n<iframe src=\"https:\/\/www.google.com\/maps\/embed?pb=!1m18!1m12!1m3!1d3975.890933464801!2d-74.1219234259627!3d4.788751540889899!2m3!1f0!2f0!3f0!3m2!1i1024!2i768!4f13.1!3m3!1m2!1s0x8e3f8735148cb45f%3A0xbab0b7c304933361!2sGe%20Conexi%C3%B3n!5e0!3m2!1ses-419!2sco!4v1777240796548!5m2!1ses-419!2sco\" width=\"100%\" height=\"350\" style=\"border:0;\" allowfullscreen=\"\" loading=\"lazy\" referrerpolicy=\"no-referrer-when-downgrade\"><\/iframe>\n\n\n\n<h2 class=\"wp-block-heading\"><span class=\"ez-toc-section\" id=\"%C2%BFQue_se_necesita_para_el_arriendo_de_andamios_certificados_en_Bogota\"><\/span>\u00bfQu\u00e9 se necesita para el arriendo de andamios certificados en Bogot\u00e1?<span class=\"ez-toc-section-end\"><\/span><\/h2>\n\n\n\n<p>Para formalizar el alquiler de andamios certificados en Bogot\u00e1, implementamos un proceso de validaci\u00f3n t\u00e9cnica que garantiza la trazabilidad de cada estructura. Este protocolo asegura que su proyecto cumpla estrictamente con los est\u00e1ndares de seguridad industrial exigidos para este 2026.<\/p>\n\n\n\n<h3 class=\"wp-block-heading\">Requisitos t\u00e9cnicos y legales para la contrataci\u00f3n:<\/h3>\n\n\n\n<ul class=\"wp-block-list\">\n<li>\u2705 <strong>Validaci\u00f3n Jur\u00eddica:<\/strong> Presentaci\u00f3n de RUT y C\u00e1mara de Comercio (expedici\u00f3n inferior a 30 d\u00edas) para asegurar la representaci\u00f3n legal de la empresa.<br><\/li>\n\n\n\n<li>\u2705 <strong>Formalizaci\u00f3n del Servicio:<\/strong> Documento de identidad original del suscriptor para el respaldo legal del contrato de <strong>arriendo de andamios<\/strong>.<br><\/li>\n\n\n\n<li>\u2705 <strong>Aseguramiento de Equipos:<\/strong> Constituci\u00f3n de garant\u00edas mediante p\u00f3liza o dep\u00f3sito, calculados seg\u00fan el volumen de carga y tipo de sistema solicitado.<br><\/li>\n\n\n\n<li>\u2705 <strong>Certificaci\u00f3n de Personal:<\/strong> Es obligatorio presentar el aval de trabajo seguro en alturas del equipo de montaje, bajo la <strong>Resoluci\u00f3n 4272 de 2021<\/strong>.<\/li>\n<\/ul>\n\n\n\n<h2 class=\"wp-block-heading\"><span class=\"ez-toc-section\" id=\"Soporte_especializado_y_armado_de_andamios_certificados\"><\/span>Soporte especializado y armado de andamios certificados<span class=\"ez-toc-section-end\"><\/span><\/h2>\n\n\n\n<p>En Geconexi\u00f3n, la eficiencia operativa se fundamenta en la pericia t\u00e9cnica. Al contratar nuestro <strong>servicio de alquiler de andamios<\/strong>, usted integra un respaldo humano dise\u00f1ado para mitigar riesgos cr\u00edticos y optimizar los cronogramas de ejecuci\u00f3n mediante un acompa\u00f1amiento t\u00e9cnico de alto nivel.<\/p>\n\n\n\n<h3 class=\"wp-block-heading\">\ud83c\udfd7\ufe0f Montaje y desmontaje t\u00e9cnico<\/h3>\n\n\n\n<p>Ejecutamos el ensamblaje bajo estrictos protocolos de ingenier\u00eda. Nuestro personal certificado asegura que cada torre o plataforma cumpla con los planos de dise\u00f1o, garantizando una estructura funcional y segura para su obra.<\/p>\n\n\n\n<h3 class=\"wp-block-heading\">\ud83c\udf93 Capacitaci\u00f3n en seguridad operativa<\/h3>\n\n\n\n<p>Ofrecemos jornadas de inducci\u00f3n enfocadas en fortalecer la destreza de sus trabajadores. Estas sesiones transforman el conocimiento normativo en una herramienta pr\u00e1ctica de prevenci\u00f3n que eleva los est\u00e1ndares de productividad.<\/p>\n\n\n\n<h3 class=\"wp-block-heading\">\ud83d\udce6 Suministro de EPP y protecci\u00f3n antica\u00eddas<\/h3>\n\n\n\n<p>Complementamos el servicio con la entrega de arneses, <strong><a href=\"https:\/\/www.geconexion.com.co\/equipos-para-alturas-en-bogota.html\" target=\"_blank\" rel=\"noreferrer noopener\">l\u00edneas de vida<\/a><\/strong> y cascos certificados. Su personal contar\u00e1 con un ecosistema de protecci\u00f3n integral que respalda cada maniobra sobre nuestras estructuras met\u00e1licas.<\/p>\n\n\n\n<h3 class=\"wp-block-heading\">\u2699\ufe0f Gesti\u00f3n log\u00edstica y rentabilidad<\/h3>\n\n\n\n<p>Garantizamos una log\u00edstica precisa con tiempos de renta flexibles adaptados a su cronograma real. Nuestra gesti\u00f3n elimina sobrecostos de almacenamiento, asegurando una entrega t\u00e9cnica en cualquier punto de la ciudad.<\/p>\n\n\n<div class=\"wp-block-image\">\n<figure class=\"aligncenter size-full\"><img loading=\"lazy\" decoding=\"async\" width=\"357\" height=\"357\" src=\"https:\/\/www.geconexion.com.co\/alquiler\/wp-content\/uploads\/2026\/03\/capacitacion-trabajo-en-alturas.jpeg\" alt=\"Capacitaci\u00f3n de personal en rescate de alturas para el alquiler de andamios certificados en Bogot\u00e1.\" class=\"wp-image-3970\" srcset=\"https:\/\/www.geconexion.com.co\/alquiler\/wp-content\/uploads\/2026\/03\/capacitacion-trabajo-en-alturas.jpeg 357w, https:\/\/www.geconexion.com.co\/alquiler\/wp-content\/uploads\/2026\/03\/capacitacion-trabajo-en-alturas-300x300.jpeg 300w, https:\/\/www.geconexion.com.co\/alquiler\/wp-content\/uploads\/2026\/03\/capacitacion-trabajo-en-alturas-150x150.jpeg 150w, https:\/\/www.geconexion.com.co\/alquiler\/wp-content\/uploads\/2026\/03\/capacitacion-trabajo-en-alturas-100x100.jpeg 100w\" sizes=\"auto, (max-width: 357px) 100vw, 357px\" \/><figcaption class=\"wp-element-caption\">certificaci\u00f3n de operarios para trabajo seguro en alturas.<\/figcaption><\/figure>\n<\/div>\n\n\n<h2 class=\"wp-block-heading\"><span class=\"ez-toc-section\" id=\"Normatividad_y_seguridad_en_el_alquiler_de_andamios_certificados\"><\/span>Normatividad y seguridad en el alquiler de andamios certificados<span class=\"ez-toc-section-end\"><\/span><\/h2>\n\n\n\n<p>El cumplimiento legal en el ensamblaje de estructuras para construcci\u00f3n es un mandato que protege la integridad del personal y la responsabilidad jur\u00eddica de su empresa. En Geconexi\u00f3n, garantizamos la <strong>renta de andamios certificados<\/strong> bajo el estricto cumplimiento de la <strong><a href=\"https:\/\/share.google\/v79YASs3vgsKFDNeA\" target=\"_blank\" rel=\"noopener\">Resoluci\u00f3n 4272 de 2021<\/a><\/strong>, est\u00e1ndar vigente para el trabajo seguro en alturas en Colombia.<\/p>\n\n\n\n<p>Nuestros equipos superan las pruebas de carga y estabilidad exigidas por las normas <strong>NTC <a href=\"https:\/\/www.studocu.com\/co\/document\/instituto-pedagogico-nacional\/lectura-y-comprension-de-textos\/norma-ntc-1641-andamios-clasificacion\/95775832\" target=\"_blank\" rel=\"noreferrer noopener nofollow\">1641<\/a>, <a href=\"https:\/\/share.google\/Zu3wmPYkgKapg38SS\" target=\"_blank\" rel=\"noreferrer noopener nofollow\">1642<\/a> y <a href=\"https:\/\/share.google\/C5GVCpah9D2UaTqxH\" target=\"_blank\" rel=\"noreferrer noopener nofollow\">1735<\/a><\/strong>, asegurando trazabilidad total y un respaldo documental s\u00f3lido. Cada componente se somete a inspecciones exhaustivas para certificar su resistencia t\u00e9cnica, garantizando una operatividad sin contratiempos en cualquier tipo de obra civil o industrial.<\/p>\n\n\n\n<hr class=\"wp-block-separator has-alpha-channel-opacity\"\/>\n\n\n\n<h3 class=\"wp-block-heading has-text-align-center\">Asegure la estabilidad de su obra con expertos en alturas<\/h3>\n\n\n\n<p class=\"has-text-align-center\">Gestione hoy un <strong>alquiler de andamios certificados en Bogot\u00e1<\/strong> con soporte t\u00e9cnico especializado y cumplimiento legal garantizado para este 2026.<\/p>\n\n\n\n<div class=\"wp-block-buttons is-content-justification-center is-layout-flex wp-container-core-buttons-is-layout-16018d1d wp-block-buttons-is-layout-flex\">\n<div class=\"wp-block-button\"><a class=\"wp-block-button__link has-white-color has-text-color has-background has-link-color wp-element-button\" href=\"https:\/\/api.whatsapp.com\/send\/?phone=573103093137&amp;text=Hola+&amp;type=phone_number&amp;app_absent=0\" style=\"border-top-left-radius:50px;border-top-right-radius:50px;border-bottom-left-radius:50px;border-bottom-right-radius:50px;background-color:#5eb039\" target=\"_blank\" rel=\"noreferrer noopener\"><strong>\ud83d\udcde<\/strong> <strong>Cotizar Alquiler Inmediato<\/strong><\/a><\/div>\n<\/div>\n\n\n\n<hr class=\"wp-block-separator has-alpha-channel-opacity\"\/>\n\n\n\n<h2 class=\"wp-block-heading has-text-align-center\"><span class=\"ez-toc-section\" id=\"Preguntas_frecuentes_sobre_el_servicio_de_andamiaje_certificado\"><\/span>Preguntas frecuentes sobre el servicio de andamiaje certificado<span class=\"ez-toc-section-end\"><\/span><\/h2>\n\n\n\n<div data-wp-context=\"{ &quot;autoclose&quot;: false, &quot;accordionItems&quot;: [] }\" data-wp-interactive=\"core\/accordion\" role=\"group\" class=\"wp-block-accordion has-background is-layout-flow wp-block-accordion-is-layout-flow\" style=\"background-color:#f0f8ff\">\n<div data-wp-class--is-open=\"state.isOpen\" data-wp-context=\"{ &quot;id&quot;: &quot;accordion-item-1&quot;, &quot;openByDefault&quot;: false }\" data-wp-init=\"callbacks.initAccordionItems\" data-wp-on-window--hashchange=\"callbacks.hashChange\" class=\"wp-block-accordion-item is-layout-flow wp-block-accordion-item-is-layout-flow\">\n<h3 class=\"wp-block-accordion-heading\"><button aria-expanded=\"false\" aria-controls=\"accordion-item-1-panel\" data-wp-bind--aria-expanded=\"state.isOpen\" data-wp-on--click=\"actions.toggle\" data-wp-on--keydown=\"actions.handleKeyDown\" id=\"accordion-item-1\" type=\"button\" class=\"wp-block-accordion-heading__toggle\"><span class=\"wp-block-accordion-heading__toggle-title\">1. \u00bfQu\u00e9 documentos garantizan que un andamio es realmente certificado?<\/span><span class=\"wp-block-accordion-heading__toggle-icon\" aria-hidden=\"true\">+<\/span><\/button><\/h3>\n\n\n\n<div inert aria-labelledby=\"accordion-item-1\" data-wp-bind--inert=\"!state.isOpen\" id=\"accordion-item-1-panel\" role=\"region\" class=\"wp-block-accordion-panel is-layout-flow wp-block-accordion-panel-is-layout-flow\">\n<p>Debe exigir la ficha t\u00e9cnica del fabricante, el certificado de conformidad bajo normas NTC o EN y la memoria de c\u00e1lculo del sistema. En Geconexi\u00f3n entregamos el dossier documental completo con cada despacho.<\/p>\n<\/div>\n<\/div>\n<\/div>\n\n\n\n<div data-wp-context=\"{ &quot;autoclose&quot;: false, &quot;accordionItems&quot;: [] }\" data-wp-interactive=\"core\/accordion\" role=\"group\" class=\"wp-block-accordion has-background is-layout-flow wp-block-accordion-is-layout-flow\" style=\"background-color:#f0f8ff\">\n<div data-wp-class--is-open=\"state.isOpen\" data-wp-context=\"{ &quot;id&quot;: &quot;accordion-item-2&quot;, &quot;openByDefault&quot;: false }\" data-wp-init=\"callbacks.initAccordionItems\" data-wp-on-window--hashchange=\"callbacks.hashChange\" class=\"wp-block-accordion-item is-layout-flow wp-block-accordion-item-is-layout-flow\">\n<h3 class=\"wp-block-accordion-heading\"><button aria-expanded=\"false\" aria-controls=\"accordion-item-2-panel\" data-wp-bind--aria-expanded=\"state.isOpen\" data-wp-on--click=\"actions.toggle\" data-wp-on--keydown=\"actions.handleKeyDown\" id=\"accordion-item-2\" type=\"button\" class=\"wp-block-accordion-heading__toggle\"><span class=\"wp-block-accordion-heading__toggle-title\">2. \u00bfCu\u00e1l es la altura m\u00e1xima permitida para una torre de andamio m\u00f3vil?<\/span><span class=\"wp-block-accordion-heading__toggle-icon\" aria-hidden=\"true\">+<\/span><\/button><\/h3>\n\n\n\n<div inert aria-labelledby=\"accordion-item-2\" data-wp-bind--inert=\"!state.isOpen\" id=\"accordion-item-2-panel\" role=\"region\" class=\"wp-block-accordion-panel is-layout-flow wp-block-accordion-panel-is-layout-flow\">\n<p>Seg\u00fan la normativa, la altura de una torre m\u00f3vil no debe exceder 4 veces la longitud del lado menor de su base si es para interiores, o 3 veces si es para exteriores, salvo que cuente con estabilizadores adicionales.<\/p>\n<\/div>\n<\/div>\n<\/div>\n\n\n\n<div data-wp-context=\"{ &quot;autoclose&quot;: false, &quot;accordionItems&quot;: [] }\" data-wp-interactive=\"core\/accordion\" role=\"group\" class=\"wp-block-accordion has-background is-layout-flow wp-block-accordion-is-layout-flow\" style=\"background-color:#f0f8ff\">\n<div data-wp-class--is-open=\"state.isOpen\" data-wp-context=\"{ &quot;id&quot;: &quot;accordion-item-3&quot;, &quot;openByDefault&quot;: false }\" data-wp-init=\"callbacks.initAccordionItems\" data-wp-on-window--hashchange=\"callbacks.hashChange\" class=\"wp-block-accordion-item is-layout-flow wp-block-accordion-item-is-layout-flow\">\n<h3 class=\"wp-block-accordion-heading\"><button aria-expanded=\"false\" aria-controls=\"accordion-item-3-panel\" data-wp-bind--aria-expanded=\"state.isOpen\" data-wp-on--click=\"actions.toggle\" data-wp-on--keydown=\"actions.handleKeyDown\" id=\"accordion-item-3\" type=\"button\" class=\"wp-block-accordion-heading__toggle\"><span class=\"wp-block-accordion-heading__toggle-title\">3. \u00bfEl servicio de alquiler incluye la firma de un ingeniero calculista?<\/span><span class=\"wp-block-accordion-heading__toggle-icon\" aria-hidden=\"true\">+<\/span><\/button><\/h3>\n\n\n\n<div inert aria-labelledby=\"accordion-item-3\" data-wp-bind--inert=\"!state.isOpen\" id=\"accordion-item-3-panel\" role=\"region\" class=\"wp-block-accordion-panel is-layout-flow wp-block-accordion-panel-is-layout-flow\">\n<p>Para montajes complejos o de gran altura, el <strong>arriendo de andamios<\/strong> puede incluir el respaldo de un dise\u00f1o de ingenier\u00eda y firma de responsabilidad t\u00e9cnica si el proyecto lo requiere para su aprobaci\u00f3n en SST.<\/p>\n<\/div>\n<\/div>\n<\/div>\n\n\n\n<div data-wp-context=\"{ &quot;autoclose&quot;: false, &quot;accordionItems&quot;: [] }\" data-wp-interactive=\"core\/accordion\" role=\"group\" class=\"wp-block-accordion has-background is-layout-flow wp-block-accordion-is-layout-flow\" style=\"background-color:#f0f8ff\">\n<div data-wp-class--is-open=\"state.isOpen\" data-wp-context=\"{ &quot;id&quot;: &quot;accordion-item-4&quot;, &quot;openByDefault&quot;: false }\" data-wp-init=\"callbacks.initAccordionItems\" data-wp-on-window--hashchange=\"callbacks.hashChange\" class=\"wp-block-accordion-item is-layout-flow wp-block-accordion-item-is-layout-flow\">\n<h3 class=\"wp-block-accordion-heading\"><button aria-expanded=\"false\" aria-controls=\"accordion-item-4-panel\" data-wp-bind--aria-expanded=\"state.isOpen\" data-wp-on--click=\"actions.toggle\" data-wp-on--keydown=\"actions.handleKeyDown\" id=\"accordion-item-4\" type=\"button\" class=\"wp-block-accordion-heading__toggle\"><span class=\"wp-block-accordion-heading__toggle-title\">4. \u00bfC\u00f3mo se calcula el precio del alquiler por metro cuadrado?<\/span><span class=\"wp-block-accordion-heading__toggle-icon\" aria-hidden=\"true\">+<\/span><\/button><\/h3>\n\n\n\n<div inert aria-labelledby=\"accordion-item-4\" data-wp-bind--inert=\"!state.isOpen\" id=\"accordion-item-4-panel\" role=\"region\" class=\"wp-block-accordion-panel is-layout-flow wp-block-accordion-panel-is-layout-flow\">\n<p>El costo se determina por el volumen de piezas (verticales, horizontales, plataformas) y el tiempo de permanencia. En Bogot\u00e1, el valor promedio se optimiza al contratar periodos mensuales con equipos multidireccionales.<\/p>\n<\/div>\n<\/div>\n<\/div>\n\n\n\n<div data-wp-context=\"{ &quot;autoclose&quot;: false, &quot;accordionItems&quot;: [] }\" data-wp-interactive=\"core\/accordion\" role=\"group\" class=\"wp-block-accordion has-background is-layout-flow wp-block-accordion-is-layout-flow\" style=\"background-color:#f0f8ff\">\n<div data-wp-class--is-open=\"state.isOpen\" data-wp-context=\"{ &quot;id&quot;: &quot;accordion-item-5&quot;, &quot;openByDefault&quot;: false }\" data-wp-init=\"callbacks.initAccordionItems\" data-wp-on-window--hashchange=\"callbacks.hashChange\" class=\"wp-block-accordion-item is-layout-flow wp-block-accordion-item-is-layout-flow\">\n<h3 class=\"wp-block-accordion-heading\"><button aria-expanded=\"false\" aria-controls=\"accordion-item-5-panel\" data-wp-bind--aria-expanded=\"state.isOpen\" data-wp-on--click=\"actions.toggle\" data-wp-on--keydown=\"actions.handleKeyDown\" id=\"accordion-item-5\" type=\"button\" class=\"wp-block-accordion-heading__toggle\"><span class=\"wp-block-accordion-heading__toggle-title\">5. \u00bfQu\u00e9 diferencia t\u00e9cnica hay entre la Norma NTC 1642 y la Resoluci\u00f3n 4272?<\/span><span class=\"wp-block-accordion-heading__toggle-icon\" aria-hidden=\"true\">+<\/span><\/button><\/h3>\n\n\n\n<div inert aria-labelledby=\"accordion-item-5\" data-wp-bind--inert=\"!state.isOpen\" id=\"accordion-item-5-panel\" role=\"region\" class=\"wp-block-accordion-panel is-layout-flow wp-block-accordion-panel-is-layout-flow\">\n<p>La NTC 1642 regula la fabricaci\u00f3n y resistencia de los materiales (el producto), mientras que la Resoluci\u00f3n 4272 dicta los procedimientos obligatorios para el uso seguro y protecci\u00f3n del trabajador (el proceso).<\/p>\n<\/div>\n<\/div>\n<\/div>\n\n\n\n<div data-wp-context=\"{ &quot;autoclose&quot;: false, &quot;accordionItems&quot;: [] }\" data-wp-interactive=\"core\/accordion\" role=\"group\" class=\"wp-block-accordion has-background is-layout-flow wp-block-accordion-is-layout-flow\" style=\"background-color:#f0f8ff\">\n<div data-wp-class--is-open=\"state.isOpen\" data-wp-context=\"{ &quot;id&quot;: &quot;accordion-item-6&quot;, &quot;openByDefault&quot;: false }\" data-wp-init=\"callbacks.initAccordionItems\" data-wp-on-window--hashchange=\"callbacks.hashChange\" class=\"wp-block-accordion-item is-layout-flow wp-block-accordion-item-is-layout-flow\">\n<h3 class=\"wp-block-accordion-heading\"><button aria-expanded=\"false\" aria-controls=\"accordion-item-6-panel\" data-wp-bind--aria-expanded=\"state.isOpen\" data-wp-on--click=\"actions.toggle\" data-wp-on--keydown=\"actions.handleKeyDown\" id=\"accordion-item-6\" type=\"button\" class=\"wp-block-accordion-heading__toggle\"><span class=\"wp-block-accordion-heading__toggle-title\">6. \u00bfEs obligatorio usar rodapi\u00e9s y niveles en todas las plataformas?<\/span><span class=\"wp-block-accordion-heading__toggle-icon\" aria-hidden=\"true\">+<\/span><\/button><\/h3>\n\n\n\n<div inert aria-labelledby=\"accordion-item-6\" data-wp-bind--inert=\"!state.isOpen\" id=\"accordion-item-6-panel\" role=\"region\" class=\"wp-block-accordion-panel is-layout-flow wp-block-accordion-panel-is-layout-flow\">\n<p>S\u00ed. La normativa exige rodapi\u00e9s para evitar la ca\u00edda de herramientas y niveles (bases niveladoras) para asegurar que la estructura mantenga la verticalidad y estabilidad sobre cualquier superficie.<\/p>\n<\/div>\n<\/div>\n<\/div>\n\n\n\n<div data-wp-context=\"{ &quot;autoclose&quot;: false, &quot;accordionItems&quot;: [] }\" data-wp-interactive=\"core\/accordion\" role=\"group\" class=\"wp-block-accordion has-background is-layout-flow wp-block-accordion-is-layout-flow\" style=\"background-color:#f0f8ff\">\n<div data-wp-class--is-open=\"state.isOpen\" data-wp-context=\"{ &quot;id&quot;: &quot;accordion-item-7&quot;, &quot;openByDefault&quot;: false }\" data-wp-init=\"callbacks.initAccordionItems\" data-wp-on-window--hashchange=\"callbacks.hashChange\" class=\"wp-block-accordion-item is-layout-flow wp-block-accordion-item-is-layout-flow\">\n<h3 class=\"wp-block-accordion-heading\"><button aria-expanded=\"false\" aria-controls=\"accordion-item-7-panel\" data-wp-bind--aria-expanded=\"state.isOpen\" data-wp-on--click=\"actions.toggle\" data-wp-on--keydown=\"actions.handleKeyDown\" id=\"accordion-item-7\" type=\"button\" class=\"wp-block-accordion-heading__toggle\"><span class=\"wp-block-accordion-heading__toggle-title\">7. \u00bfOfrecen soporte para montajes de emergencia en Bogot\u00e1?<\/span><span class=\"wp-block-accordion-heading__toggle-icon\" aria-hidden=\"true\">+<\/span><\/button><\/h3>\n\n\n\n<div inert aria-labelledby=\"accordion-item-7\" data-wp-bind--inert=\"!state.isOpen\" id=\"accordion-item-7-panel\" role=\"region\" class=\"wp-block-accordion-panel is-layout-flow wp-block-accordion-panel-is-layout-flow\">\n<p>Contamos con una flota log\u00edstica lista para atender requerimientos t\u00e9cnicos urgentes en menos de 24 horas, asegurando que su obra no se detenga por falta de estructuras de acceso certificadas.<\/p>\n<\/div>\n<\/div>\n<\/div>\n\n\n\n<div style=\"height:41px\" aria-hidden=\"true\" class=\"wp-block-spacer\"><\/div>\n\n\n\n<iframe src=\"https:\/\/www.google.com\/maps\/embed?pb=!1m18!1m12!1m3!1d254508.39472182601!2d-74.2726238920268!3d4.64862064093139!2m3!1f0!2f0!3f0!3m2!1i1024!2i768!4f13.1!3m3!1m2!1s0x8e3f9bfd2da6cb29%3A0x239d635520a33914!2zQm9nb3TDoQ!5e0!3m2!1ses-419!2sco!4v1772754617318!5m2!1ses-419!2sco\" width=\"100%\" height=\"350\" style=\"border:0;\" allowfullscreen=\"\" loading=\"lazy\" referrerpolicy=\"no-referrer-when-downgrade\"><\/iframe>\n\n\n\n<style>\n  .directorio-alturas-bogota {\n    max-width: 1200px;\n    margin: 3rem auto;\n    font-family: system-ui, -apple-system, BlinkMacSystemFont, \"Segoe UI\", Roboto, Oxygen, Ubuntu, Cantarell, sans-serif;\n    color: #1e293b;\n    padding: 0 1rem;\n  }\n\n  .directorio-alturas-bogota h2 {\n    text-align: center;\n    font-size: 2rem;\n    font-weight: 800;\n    margin-bottom: 2.5rem;\n    color: #0f172a;\n    line-height: 1.3;\n  }\n\n  .directorio-grid {\n    display: grid;\n    grid-template-columns: 1fr;\n    gap: 2rem;\n  }\n\n  @media (min-width: 768px) {\n    .directorio-grid {\n      grid-template-columns: repeat(2, 1fr);\n    }\n  }\n\n  @media (min-width: 1024px) {\n    .directorio-grid {\n      grid-template-columns: repeat(3, 1fr);\n    }\n  }\n\n  .tarjeta-entidad {\n    background-color: #ffffff;\n    border: 1px solid #e2e8f0;\n    border-radius: 16px;\n    overflow: hidden;\n    box-shadow: 0 4px 6px -1px rgba(0, 0, 0, 0.05), 0 2px 4px -1px rgba(0, 0, 0, 0.03);\n    transition: transform 0.3s ease, box-shadow 0.3s ease;\n    display: flex;\n    flex-direction: column;\n  }\n\n  .tarjeta-entidad:hover {\n    transform: translateY(-5px);\n    box-shadow: 0 20px 25px -5px rgba(0, 0, 0, 0.1), 0 10px 10px -5px rgba(0, 0, 0, 0.04);\n  }\n\n  .directorio-card-img-wrapper {\n    background-color: #f8fafc;\n    height: 200px;\n    display: flex;\n    align-items: center;\n    justify-content: center;\n    border-bottom: 1px solid #e2e8f0;\n  }\n\n  .directorio-card-img-wrapper img {\n    width: 100px;\n    height: 100px;\n    object-fit: contain;\n  }\n\n  .tarjeta-contenido {\n    padding: 1.5rem;\n    display: flex;\n    flex-direction: column;\n    flex-grow: 1;\n  }\n\n  .tarjeta-contenido h3 {\n    font-size: 1.25rem;\n    font-weight: 700;\n    margin: 0 0 1rem 0;\n    color: #0f172a;\n    line-height: 1.2;\n  }\n\n  .tarjeta-desc {\n    font-size: 0.95rem;\n    line-height: 1.6;\n    color: #475569;\n    margin-bottom: 1.5rem;\n    flex-grow: 1;\n  }\n\n  .tarjeta-acciones {\n    display: flex;\n    flex-direction: column;\n    gap: 0.75rem;\n  }\n\n  .btn-urgencia {\n    display: flex;\n    align-items: center;\n    justify-content: center;\n    background-color: #dc2626;\n    color: #ffffff;\n    padding: 0.75rem 1rem;\n    border-radius: 8px;\n    text-decoration: none;\n    font-weight: 700;\n    font-size: 1rem;\n    transition: background-color 0.2s ease;\n    text-align: center;\n  }\n\n  .btn-urgencia:hover {\n    background-color: #b91c1c;\n  }\n\n  .btn-urgencia::before {\n    content: '\ud83d\udcde';\n    margin-right: 0.5rem;\n  }\n\n  .btn-secundario {\n    display: flex;\n    align-items: center;\n    justify-content: center;\n    background-color: #ffffff;\n    color: #2563eb;\n    padding: 0.75rem 1rem;\n    border-radius: 8px;\n    text-decoration: none;\n    font-weight: 600;\n    font-size: 0.95rem;\n    border: 2px solid #bfdbfe;\n    transition: all 0.2s ease;\n    text-align: center;\n  }\n\n  .btn-secundario:hover {\n    background-color: #eff6ff;\n    border-color: #2563eb;\n  }\n\n  .btn-secundario::before {\n    content: '\ud83c\udf10';\n    margin-right: 0.5rem;\n  }\n<\/style>\n\n<div class=\"directorio-alturas-bogota\">\n  <h2><span class=\"ez-toc-section\" id=\"Directorio_de_Emergencias_y_Permisos_para_el_Alquiler_de_Andamios_Certificados_en_Bogota\"><\/span>Directorio de Emergencias y Permisos para el Alquiler de Andamios Certificados en Bogot\u00e1<span class=\"ez-toc-section-end\"><\/span><\/h2>\n\n  <div class=\"directorio-grid\">\n    \n    <article class=\"tarjeta-entidad\">\n      <div class=\"directorio-card-img-wrapper\">\n        <img decoding=\"async\" src=\"data:image\/svg+xml,%3Csvg xmlns='http:\/\/www.w3.org\/2000\/svg' viewBox='0 0 24 24' fill='none' stroke='%23dc2626' stroke-width='2' stroke-linecap='round' stroke-linejoin='round'%3E%3Cpath d='M8.5 14.5A2.5 2.5 0 0011 12c-2.28 0-3-1.87-3-3m8.5 3.5c0-4.14-3.5-7.5-6-10.5-2.5 3-6 6.36-6 10.5a6 6 0 1012 0z'\/%3E%3C\/svg%3E\" alt=\"Logo Bomberos\">\n      <\/div>\n      <div class=\"tarjeta-contenido\">\n        <h3>Cuerpo Oficial de Bomberos Bogot\u00e1<\/h3>\n        <p class=\"tarjeta-desc\">Contacto de reacci\u00f3n inmediata y primera l\u00ednea para rescates t\u00e9cnicos en alturas, colapso de andamios certificados y extracci\u00f3n de lesionados suspendidos de arneses.<\/p>\n        <div class=\"tarjeta-acciones\">\n          <a href=\"tel:123\" class=\"btn-urgencia\">Llamar a Emergencias (123)<\/a>\n          <a href=\"https:\/\/www.bomberosbogota.gov.co\" target=\"_blank\" rel=\"noopener noreferrer\" class=\"btn-secundario\">Sitio Web Oficial<\/a>\n        <\/div>\n      <\/div>\n    <\/article>\n\n    <article class=\"tarjeta-entidad\">\n      <div class=\"directorio-card-img-wrapper\">\n        <img decoding=\"async\" src=\"data:image\/svg+xml,%3Csvg xmlns='http:\/\/www.w3.org\/2000\/svg' viewBox='0 0 24 24' fill='none' stroke='%232563eb' stroke-width='2' stroke-linecap='round' stroke-linejoin='round'%3E%3Cpath d='M3 21h18M4 21v-4M20 21v-4M5 17h14V7L12 3 5 7v10zM9 21v-5a3 3 0 016 0v5'\/%3E%3C\/svg%3E\" alt=\"Logo Secretar\u00eda Movilidad\">\n      <\/div>\n      <div class=\"tarjeta-contenido\">\n        <h3>Secretar\u00eda Distrital de Movilidad (SDM)<\/h3>\n        <p class=\"tarjeta-desc\">Entidad rectora obligatoria para tramitar el Plan de Manejo de Tr\u00e1nsito (PMT). Vitalmente legal si el andamio ocupa parcial o totalmente la v\u00eda vehicular o andenes p\u00fablicos.<\/p>\n        <div class=\"tarjeta-acciones\">\n          <a href=\"tel:195\" class=\"btn-urgencia\">L\u00ednea de Atenci\u00f3n (195)<\/a>\n          <a href=\"https:\/\/www.movilidadbogota.gov.co\" target=\"_blank\" rel=\"noopener noreferrer\" class=\"btn-secundario\">Tr\u00e1mites PMT<\/a>\n        <\/div>\n      <\/div>\n    <\/article>\n\n    <article class=\"tarjeta-entidad\">\n      <div class=\"directorio-card-img-wrapper\">\n        <img decoding=\"async\" src=\"data:image\/svg+xml,%3Csvg xmlns='http:\/\/www.w3.org\/2000\/svg' viewBox='0 0 24 24' fill='none' stroke='%2316a34a' stroke-width='3' stroke-linecap='round' stroke-linejoin='round'%3E%3Cpath d='M12 5v14M5 12h14'\/%3E%3C\/svg%3E\" alt=\"Logo CRUE Hospital\">\n      <\/div>\n      <div class=\"tarjeta-contenido\">\n        <h3>Centro Regulador de Urgencias (CRUE)<\/h3>\n        <p class=\"tarjeta-desc\">Coordinaci\u00f3n de la red hospitalaria distrital. Indispensable m\u00e9dica y legalmente para despachar ambulancias y direccionar al trabajador accidentado al centro de trauma nivel III o IV.<\/p>\n        <div class=\"tarjeta-acciones\">\n          <a href=\"tel:123\" class=\"btn-urgencia\">Coordinar Ambulancia (123)<\/a>\n          <a href=\"https:\/\/saludcapital.gov.co\" target=\"_blank\" rel=\"noopener noreferrer\" class=\"btn-secundario\">Red Hospitalaria<\/a>\n        <\/div>\n      <\/div>\n    <\/article>\n\n    <article class=\"tarjeta-entidad\">\n      <div class=\"directorio-card-img-wrapper\">\n        <img decoding=\"async\" src=\"data:image\/svg+xml,%3Csvg xmlns='http:\/\/www.w3.org\/2000\/svg' viewBox='0 0 24 24' fill='none' stroke='%230f766e' stroke-width='2' stroke-linecap='round' stroke-linejoin='round'%3E%3Cpath d='M4 22V4a2 2 0 012-2h12a2 2 0 012 2v18M4 22h16M10 12h4M10 16h4M10 8h4'\/%3E%3C\/svg%3E\" alt=\"Logo IDU\">\n      <\/div>\n      <div class=\"tarjeta-contenido\">\n        <h3>Instituto de Desarrollo Urbano (IDU)<\/h3>\n        <p class=\"tarjeta-desc\">Entidad encargada de emitir las licencias de ocupaci\u00f3n e intervenci\u00f3n del espacio p\u00fablico. Permiso innegociable previo a la instalaci\u00f3n de bases de andamiaje en mobiliario urbano.<\/p>\n        <div class=\"tarjeta-acciones\">\n          <a href=\"tel:+576013386660\" class=\"btn-urgencia\">Llamar IDU (601) 338 6660<\/a>\n          <a href=\"https:\/\/www.idu.gov.co\" target=\"_blank\" rel=\"noopener noreferrer\" class=\"btn-secundario\">Portal de Tr\u00e1mites<\/a>\n        <\/div>\n      <\/div>\n    <\/article>\n\n    <article class=\"tarjeta-entidad\">\n      <div class=\"directorio-card-img-wrapper\">\n        <img decoding=\"async\" src=\"data:image\/svg+xml,%3Csvg xmlns='http:\/\/www.w3.org\/2000\/svg' viewBox='0 0 24 24' fill='none' stroke='%23475569' stroke-width='2' stroke-linecap='round' stroke-linejoin='round'%3E%3Crect x='2' y='7' width='20' height='14' rx='2' ry='2'\/%3E%3Cpath d='M16 21V5a2 2 0 00-2-2h-4a2 2 0 00-2 2v16'\/%3E%3C\/svg%3E\" alt=\"Logo Ministerio de Trabajo\">\n      <\/div>\n      <div class=\"tarjeta-contenido\">\n        <h3>Ministerio del Trabajo (Sede Bogot\u00e1)<\/h3>\n        <p class=\"tarjeta-desc\">Ente auditor de la Resoluci\u00f3n 4272 de 2021. Realiza inspecciones sorpresivas y sella obras si los operarios no poseen certificaci\u00f3n avanzada en alturas o arneses homologados.<\/p>\n        <div class=\"tarjeta-acciones\">\n          <a href=\"tel:120\" class=\"btn-urgencia\">L\u00ednea Nacional (120)<\/a>\n          <a href=\"https:\/\/www.mintrabajo.gov.co\" target=\"_blank\" rel=\"noopener noreferrer\" class=\"btn-secundario\">Reportes Ministerio<\/a>\n        <\/div>\n      <\/div>\n    <\/article>\n\n    <article class=\"tarjeta-entidad\">\n      <div class=\"directorio-card-img-wrapper\">\n        <img decoding=\"async\" src=\"data:image\/svg+xml,%3Csvg xmlns='http:\/\/www.w3.org\/2000\/svg' viewBox='0 0 24 24' fill='none' stroke='%23ea580c' stroke-width='2' stroke-linecap='round' stroke-linejoin='round'%3E%3Cpath d='M3 21h18M4 21v-4M20 21v-4M5 17h14V7L12 3 5 7v10zM9 21v-5a3 3 0 016 0v5'\/%3E%3Ccircle cx='12' cy='12' r='2'\/%3E%3C\/svg%3E\" alt=\"Logo Alcald\u00eda de Bogot\u00e1\">\n      <\/div>\n      <div class=\"tarjeta-contenido\">\n        <h3>Alcald\u00eda de Bogot\u00e1<\/h3>\n        <p class=\"tarjeta-desc\">Autoridad principal del Distrito Capital para la gesti\u00f3n de la ciudad, tr\u00e1mites ciudadanos y normatividad general del distrito.<\/p>\n        <div class=\"tarjeta-acciones\">\n          <a href=\"tel:195\" class=\"btn-urgencia\">L\u00ednea Distrital (195)<\/a>\n          <a href=\"https:\/\/bogota.gov.co\/\" target=\"_blank\" rel=\"noopener noreferrer\" class=\"btn-secundario\">Portal Web Distrital<\/a>\n        <\/div>\n      <\/div>\n    <\/article>\n\n  <\/div>\n<\/div>\n\n<script type=\"application\/ld+json\">\n{\n  \"@context\": \"https:\/\/schema.org\",\n  \"@graph\": [\n    {\n      \"@type\": \"FireStation\",\n      \"name\": \"Cuerpo Oficial de Bomberos Bogot\u00e1\",\n      \"description\": \"Contacto de reacci\u00f3n inmediata y primera l\u00ednea para rescates t\u00e9cnicos en alturas y colapso de andamios.\",\n      \"url\": \"https:\/\/www.bomberosbogota.gov.co\",\n      \"telephone\": \"123\",\n      \"image\": \"data:image\/svg+xml,%3Csvg xmlns='http:\/\/www.w3.org\/2000\/svg' viewBox='0 0 24 24' fill='none' stroke='%23dc2626' stroke-width='2' stroke-linecap='round' stroke-linejoin='round'%3E%3Cpath d='M8.5 14.5A2.5 2.5 0 0011 12c-2.28 0-3-1.87-3-3m8.5 3.5c0-4.14-3.5-7.5-6-10.5-2.5 3-6 6.36-6 10.5a6 6 0 1012 0z'\/%3E%3C\/svg%3E\",\n      \"address\": {\n        \"@type\": \"PostalAddress\",\n        \"addressLocality\": \"Bogot\u00e1\",\n        \"addressRegion\": \"Bogot\u00e1 D.C.\",\n        \"postalCode\": \"11001\"\n      }\n    },\n    {\n      \"@type\": \"GovernmentOrganization\",\n      \"name\": \"Secretar\u00eda Distrital de Movilidad (SDM)\",\n      \"description\": \"Entidad rectora obligatoria para tramitar el Plan de Manejo de Tr\u00e1nsito (PMT) en Bogot\u00e1.\",\n      \"url\": \"https:\/\/www.movilidadbogota.gov.co\",\n      \"telephone\": \"195\",\n      \"image\": \"data:image\/svg+xml,%3Csvg xmlns='http:\/\/www.w3.org\/2000\/svg' viewBox='0 0 24 24' fill='none' stroke='%232563eb' stroke-width='2' stroke-linecap='round' stroke-linejoin='round'%3E%3Cpath d='M3 21h18M4 21v-4M20 21v-4M5 17h14V7L12 3 5 7v10zM9 21v-5a3 3 0 016 0v5'\/%3E%3C\/svg%3E\",\n      \"address\": {\n        \"@type\": \"PostalAddress\",\n        \"addressLocality\": \"Bogot\u00e1\",\n        \"addressRegion\": \"Bogot\u00e1 D.C.\",\n        \"postalCode\": \"11001\"\n      }\n    },\n    {\n      \"@type\": \"Hospital\",\n      \"name\": \"Centro Regulador de Urgencias (CRUE)\",\n      \"description\": \"Coordinaci\u00f3n de la red hospitalaria distrital para atenci\u00f3n de traumas por ca\u00eddas de altura.\",\n      \"url\": \"https:\/\/saludcapital.gov.co\",\n      \"telephone\": \"123\",\n      \"image\": \"data:image\/svg+xml,%3Csvg xmlns='http:\/\/www.w3.org\/2000\/svg' viewBox='0 0 24 24' fill='none' stroke='%2316a34a' stroke-width='3' stroke-linecap='round' stroke-linejoin='round'%3E%3Cpath d='M12 5v14M5 12h14'\/%3E%3C\/svg%3E\",\n      \"address\": {\n        \"@type\": \"PostalAddress\",\n        \"addressLocality\": \"Bogot\u00e1\",\n        \"addressRegion\": \"Bogot\u00e1 D.C.\",\n        \"postalCode\": \"11001\"\n      }\n    },\n    {\n      \"@type\": \"GovernmentOrganization\",\n      \"name\": \"Instituto de Desarrollo Urbano (IDU)\",\n      \"description\": \"Entidad encargada de emitir las licencias de ocupaci\u00f3n e intervenci\u00f3n del espacio p\u00fablico para estructuras temporales.\",\n      \"url\": \"https:\/\/www.idu.gov.co\",\n      \"telephone\": \"+576013386660\",\n      \"image\": \"data:image\/svg+xml,%3Csvg xmlns='http:\/\/www.w3.org\/2000\/svg' viewBox='0 0 24 24' fill='none' stroke='%230f766e' stroke-width='2' stroke-linecap='round' stroke-linejoin='round'%3E%3Cpath d='M4 22V4a2 2 0 012-2h12a2 2 0 012 2v18M4 22h16M10 12h4M10 16h4M10 8h4'\/%3E%3C\/svg%3E\",\n      \"address\": {\n        \"@type\": \"PostalAddress\",\n        \"addressLocality\": \"Bogot\u00e1\",\n        \"addressRegion\": \"Bogot\u00e1 D.C.\",\n        \"postalCode\": \"11001\"\n      }\n    },\n    {\n      \"@type\": \"GovernmentOrganization\",\n      \"name\": \"Ministerio del Trabajo Sede Bogot\u00e1\",\n      \"description\": \"Ente auditor de la Resoluci\u00f3n 4272 de 2021 de trabajo seguro en alturas.\",\n      \"url\": \"https:\/\/www.mintrabajo.gov.co\",\n      \"telephone\": \"120\",\n      \"image\": \"data:image\/svg+xml,%3Csvg xmlns='http:\/\/www.w3.org\/2000\/svg' viewBox='0 0 24 24' fill='none' stroke='%23475569' stroke-width='2' stroke-linecap='round' stroke-linejoin='round'%3E%3Crect x='2' y='7' width='20' height='14' rx='2' ry='2'\/%3E%3Cpath d='M16 21V5a2 2 0 00-2-2h-4a2 2 0 00-2 2v16'\/%3E%3C\/svg%3E\",\n      \"address\": {\n        \"@type\": \"PostalAddress\",\n        \"addressLocality\": \"Bogot\u00e1\",\n        \"addressRegion\": \"Bogot\u00e1 D.C.\",\n        \"postalCode\": \"11001\"\n      }\n    },\n    {\n      \"@type\": \"GovernmentOrganization\",\n      \"name\": \"Alcald\u00eda de Bogot\u00e1\",\n      \"description\": \"Autoridad principal del Distrito Capital para la gesti\u00f3n de la ciudad, tr\u00e1mites ciudadanos y normatividad general del distrito.\",\n      \"url\": \"https:\/\/bogota.gov.co\/\",\n      \"telephone\": \"195\",\n      \"image\": \"data:image\/svg+xml,%3Csvg xmlns='http:\/\/www.w3.org\/2000\/svg' viewBox='0 0 24 24' fill='none' stroke='%23ea580c' stroke-width='2' stroke-linecap='round' stroke-linejoin='round'%3E%3Cpath d='M3 21h18M4 21v-4M20 21v-4M5 17h14V7L12 3 5 7v10zM9 21v-5a3 3 0 016 0v5'\/%3E%3Ccircle cx='12' cy='12' r='2'\/%3E%3C\/svg%3E\",\n      \"address\": {\n        \"@type\": \"PostalAddress\",\n        \"addressLocality\": \"Bogot\u00e1\",\n        \"addressRegion\": \"Bogot\u00e1 D.C.\",\n        \"postalCode\": \"11001\"\n      }\n    }\n  ]\n}\n<\/script>\n","protected":false},"excerpt":{"rendered":"<p>Asegure su proyecto con infraestructura certificada. Geconexi\u00f3n ofrece log\u00edstica y respaldo t\u00e9cnico para trabajos en altura en toda la ciudad.<\/p>\n","protected":false},"author":1,"featured_media":3972,"comment_status":"open","ping_status":"open","sticky":false,"template":"","format":"standard","meta":{"_acf_changed":false,"footnotes":""},"categories":[63],"tags":[102,78,101],"class_list":["post-3702","post","type-post","status-publish","format-standard","has-post-thumbnail","hentry","category-trabajo-en-altura","tag-andamios-certificados","tag-equipos-certificados","tag-resolucion-4272-2021"],"acf":[],"_links":{"self":[{"href":"https:\/\/www.geconexion.com.co\/alquiler\/wp-json\/wp\/v2\/posts\/3702","targetHints":{"allow":["GET"]}}],"collection":[{"href":"https:\/\/www.geconexion.com.co\/alquiler\/wp-json\/wp\/v2\/posts"}],"about":[{"href":"https:\/\/www.geconexion.com.co\/alquiler\/wp-json\/wp\/v2\/types\/post"}],"author":[{"embeddable":true,"href":"https:\/\/www.geconexion.com.co\/alquiler\/wp-json\/wp\/v2\/users\/1"}],"replies":[{"embeddable":true,"href":"https:\/\/www.geconexion.com.co\/alquiler\/wp-json\/wp\/v2\/comments?post=3702"}],"version-history":[{"count":63,"href":"https:\/\/www.geconexion.com.co\/alquiler\/wp-json\/wp\/v2\/posts\/3702\/revisions"}],"predecessor-version":[{"id":4309,"href":"https:\/\/www.geconexion.com.co\/alquiler\/wp-json\/wp\/v2\/posts\/3702\/revisions\/4309"}],"wp:featuredmedia":[{"embeddable":true,"href":"https:\/\/www.geconexion.com.co\/alquiler\/wp-json\/wp\/v2\/media\/3972"}],"wp:attachment":[{"href":"https:\/\/www.geconexion.com.co\/alquiler\/wp-json\/wp\/v2\/media?parent=3702"}],"wp:term":[{"taxonomy":"category","embeddable":true,"href":"https:\/\/www.geconexion.com.co\/alquiler\/wp-json\/wp\/v2\/categories?post=3702"},{"taxonomy":"post_tag","embeddable":true,"href":"https:\/\/www.geconexion.com.co\/alquiler\/wp-json\/wp\/v2\/tags?post=3702"}],"curies":[{"name":"wp","href":"https:\/\/api.w.org\/{rel}","templated":true}]}}