{"id":3353,"date":"2026-02-16T16:02:09","date_gmt":"2026-02-16T16:02:09","guid":{"rendered":"https:\/\/www.geconexion.com.co\/alquiler\/?p=3353"},"modified":"2026-04-22T15:32:37","modified_gmt":"2026-04-22T15:32:37","slug":"precio-alquiler-equipos-de-alturas","status":"publish","type":"post","link":"https:\/\/www.geconexion.com.co\/alquiler\/precio-alquiler-equipos-de-alturas\/","title":{"rendered":"Precio alquiler equipos de alturas: 5 factores importantes que influyen en el costo"},"content":{"rendered":"\n<p>Al planificar un trabajo en altura, uno de los aspectos m\u00e1s relevantes es entender c\u00f3mo se calcula el valor del servicio. El costo puede variar seg\u00fan el tipo de equipo requerido, el tiempo de uso y las condiciones espec\u00edficas del proyecto.<\/p>\n\n\n\n<p>Conocer qu\u00e9 elementos determinan el <strong><a href=\"https:\/\/www.geconexion.com.co\/equipos-para-alturas-en-bogota.html\">precio alquiler equipos de alturas<\/a><\/strong> permite tomar decisiones m\u00e1s estrat\u00e9gicas, optimizar el presupuesto y garantizar el cumplimiento de la normativa de seguridad vigente. A continuaci\u00f3n, explicamos los cinco factores principales que impactan directamente en el valor final del alquiler.<\/p>\n\n\n\n<!--more-->\n\n\n\n<figure class=\"wp-block-image size-full\"><img loading=\"lazy\" decoding=\"async\" width=\"500\" height=\"500\" src=\"https:\/\/www.geconexion.com.co\/alquiler\/wp-content\/uploads\/2026\/02\/Precio-alquiler-equipos-de-alturas-4.jpg\" alt=\"Precio alquiler equipos de alturas en Bogot\u00e1 durante capacitaci\u00f3n pr\u00e1ctica sobre uso de arn\u00e9s, l\u00edneas de vida y sistemas de anclaje certificados para trabajo seguro en alturas.\" class=\"wp-image-3363\" srcset=\"https:\/\/www.geconexion.com.co\/alquiler\/wp-content\/uploads\/2026\/02\/Precio-alquiler-equipos-de-alturas-4.jpg 500w, https:\/\/www.geconexion.com.co\/alquiler\/wp-content\/uploads\/2026\/02\/Precio-alquiler-equipos-de-alturas-4-300x300.jpg 300w, https:\/\/www.geconexion.com.co\/alquiler\/wp-content\/uploads\/2026\/02\/Precio-alquiler-equipos-de-alturas-4-150x150.jpg 150w, https:\/\/www.geconexion.com.co\/alquiler\/wp-content\/uploads\/2026\/02\/Precio-alquiler-equipos-de-alturas-4-100x100.jpg 100w\" sizes=\"auto, (max-width: 500px) 100vw, 500px\" \/><figcaption class=\"wp-element-caption\">Entrenamiento pr\u00e1ctico en el uso de equipos de seguridad industrial para trabajo vertical en Bogot\u00e1.<\/figcaption><\/figure>\n\n\n\n<div id=\"ez-toc-container\" class=\"ez-toc-v2_0_82_2 counter-hierarchy ez-toc-counter ez-toc-light-blue ez-toc-container-direction\">\n<div class=\"ez-toc-title-container\">\n<p class=\"ez-toc-title\" style=\"cursor:inherit\">Indice<\/p>\n<span class=\"ez-toc-title-toggle\"><a href=\"#\" class=\"ez-toc-pull-right ez-toc-btn ez-toc-btn-xs ez-toc-btn-default ez-toc-toggle\" aria-label=\"Alternar tabla de contenidos\"><span class=\"ez-toc-js-icon-con\"><span class=\"\"><span class=\"eztoc-hide\" style=\"display:none;\">Toggle<\/span><span class=\"ez-toc-icon-toggle-span\"><svg style=\"fill: #999;color:#999\" xmlns=\"http:\/\/www.w3.org\/2000\/svg\" class=\"list-377408\" width=\"20px\" height=\"20px\" viewBox=\"0 0 24 24\" fill=\"none\"><path d=\"M6 6H4v2h2V6zm14 0H8v2h12V6zM4 11h2v2H4v-2zm16 0H8v2h12v-2zM4 16h2v2H4v-2zm16 0H8v2h12v-2z\" fill=\"currentColor\"><\/path><\/svg><svg style=\"fill: #999;color:#999\" class=\"arrow-unsorted-368013\" xmlns=\"http:\/\/www.w3.org\/2000\/svg\" width=\"10px\" height=\"10px\" viewBox=\"0 0 24 24\" version=\"1.2\" baseProfile=\"tiny\"><path d=\"M18.2 9.3l-6.2-6.3-6.2 6.3c-.2.2-.3.4-.3.7s.1.5.3.7c.2.2.4.3.7.3h11c.3 0 .5-.1.7-.3.2-.2.3-.5.3-.7s-.1-.5-.3-.7zM5.8 14.7l6.2 6.3 6.2-6.3c.2-.2.3-.5.3-.7s-.1-.5-.3-.7c-.2-.2-.4-.3-.7-.3h-11c-.3 0-.5.1-.7.3-.2.2-.3.5-.3.7s.1.5.3.7z\"\/><\/svg><\/span><\/span><\/span><\/a><\/span><\/div>\n<nav><ul class='ez-toc-list ez-toc-list-level-1 ' ><li class='ez-toc-page-1 ez-toc-heading-level-2'><a class=\"ez-toc-link ez-toc-heading-1\" href=\"https:\/\/www.geconexion.com.co\/alquiler\/precio-alquiler-equipos-de-alturas\/#1_Tipo_de_equipo_y_su_certificacion\" >1. Tipo de equipo y su certificaci\u00f3n<\/a><\/li><li class='ez-toc-page-1 ez-toc-heading-level-2'><a class=\"ez-toc-link ez-toc-heading-2\" href=\"https:\/\/www.geconexion.com.co\/alquiler\/precio-alquiler-equipos-de-alturas\/#2_Condiciones_de_mantenimiento_y_reposicion_del_equipo\" >2. Condiciones de mantenimiento y reposici\u00f3n del equipo<\/a><\/li><li class='ez-toc-page-1 ez-toc-heading-level-2'><a class=\"ez-toc-link ez-toc-heading-3\" href=\"https:\/\/www.geconexion.com.co\/alquiler\/precio-alquiler-equipos-de-alturas\/#3_Duracion_del_alquiler_tarifa_diaria_semanal_o_mensual\" >3. Duraci\u00f3n del alquiler: tarifa diaria, semanal o mensual<\/a><\/li><li class='ez-toc-page-1 ez-toc-heading-level-2'><a class=\"ez-toc-link ez-toc-heading-4\" href=\"https:\/\/www.geconexion.com.co\/alquiler\/precio-alquiler-equipos-de-alturas\/#4_Cantidad_de_equipos_requeridos_y_descuentos_por_volumen\" >4. Cantidad de equipos requeridos y descuentos por volumen<\/a><\/li><li class='ez-toc-page-1 ez-toc-heading-level-2'><a class=\"ez-toc-link ez-toc-heading-5\" href=\"https:\/\/www.geconexion.com.co\/alquiler\/precio-alquiler-equipos-de-alturas\/#5_Transporte_instalacion_y_logistica_del_servicio\" >5. Transporte, instalaci\u00f3n y log\u00edstica del servicio<\/a><\/li><li class='ez-toc-page-1 ez-toc-heading-level-2'><a class=\"ez-toc-link ez-toc-heading-6\" href=\"https:\/\/www.geconexion.com.co\/alquiler\/precio-alquiler-equipos-de-alturas\/#Normativa_en_Colombia_para_el_uso_de_equipos_de_trabajo_en_alturas\" >Normativa en Colombia para el uso de equipos de trabajo en alturas<\/a><\/li><li class='ez-toc-page-1 ez-toc-heading-level-2'><a class=\"ez-toc-link ez-toc-heading-7\" href=\"https:\/\/www.geconexion.com.co\/alquiler\/precio-alquiler-equipos-de-alturas\/#%C2%BFEl_curso_de_trabajo_en_alturas_influye_en_el_precio_del_alquiler_del_equipo\" >\u00bfEl curso de trabajo en alturas influye en el precio del alquiler del equipo?<\/a><\/li><li class='ez-toc-page-1 ez-toc-heading-level-2'><a class=\"ez-toc-link ez-toc-heading-8\" href=\"https:\/\/www.geconexion.com.co\/alquiler\/precio-alquiler-equipos-de-alturas\/#Errores_comunes_al_alquilar_equipos_de_alturas\" >Errores comunes al alquilar equipos de alturas<\/a><\/li><li class='ez-toc-page-1 ez-toc-heading-level-2'><a class=\"ez-toc-link ez-toc-heading-9\" href=\"https:\/\/www.geconexion.com.co\/alquiler\/precio-alquiler-equipos-de-alturas\/#%C2%BFConviene_comprar_o_alquilar_equipos_de_trabajo_en_alturas\" >\u00bfConviene comprar o alquilar equipos de trabajo en alturas?<\/a><\/li><li class='ez-toc-page-1 ez-toc-heading-level-2'><a class=\"ez-toc-link ez-toc-heading-10\" href=\"https:\/\/www.geconexion.com.co\/alquiler\/precio-alquiler-equipos-de-alturas\/#Preguntas_frecuentes_sobre_el_precio_alquiler_equipos_de_alturas\" >Preguntas frecuentes sobre el precio alquiler equipos de alturas<\/a><\/li><\/ul><\/nav><\/div>\n<h2 class=\"wp-block-heading\"><span class=\"ez-toc-section\" id=\"1_Tipo_de_equipo_y_su_certificacion\"><\/span>1. Tipo de equipo y su certificaci\u00f3n<br><span class=\"ez-toc-section-end\"><\/span><\/h2>\n\n\n\n<p>El <strong>Precio alquiler equipos de alturas<\/strong> no es igual para todos los sistemas porque cada uno cumple una funci\u00f3n distinta y tiene certificaciones espec\u00edficas que garantizan seguridad. Por ejemplo, un kit completo con arn\u00e9s, l\u00ednea de vida retr\u00e1ctil y anclajes certificados siempre costar\u00e1 m\u00e1s que un arn\u00e9s b\u00e1sico sin componentes adicionales.<\/p>\n\n\n\n<p>Los equipos con certificaci\u00f3n internacional o que cumplen normas m\u00e1s estrictas suelen tener un precio m\u00e1s alto debido al proceso de validaci\u00f3n y al mantenimiento requerido. Adem\u00e1s, este tipo de equipos garantiza mayor protecci\u00f3n y reduce el riesgo de sanciones o faltas durante trabajos en altura, lo que hace que muchos contratistas consideren que pagar un poco m\u00e1s representa una inversi\u00f3n de seguridad.<\/p>\n\n\n\n<h2 class=\"wp-block-heading\"><span class=\"ez-toc-section\" id=\"2_Condiciones_de_mantenimiento_y_reposicion_del_equipo\"><\/span>2. Condiciones de mantenimiento y reposici\u00f3n del equipo<br><span class=\"ez-toc-section-end\"><\/span><\/h2>\n\n\n\n<p>Uno de los elementos que m\u00e1s impacta el <strong><a href=\"https:\/\/www.geconexion.com.co\/equipos-para-alturas-en-bogota.html\">Precio alquiler equipos de alturas<\/a><\/strong> es el estado del equipo y las condiciones de mantenimiento incluidas en el servicio. Las empresas que realizan inspecciones peri\u00f3dicas, limpieza t\u00e9cnica y verificaci\u00f3n de certificaciones suelen tener costos m\u00e1s altos, pero tambi\u00e9n ofrecen mayor garant\u00eda de seguridad y cumplimiento normativo.<\/p>\n\n\n\n<p>Adem\u00e1s, es importante revisar las pol\u00edticas de reposici\u00f3n en caso de da\u00f1o, desgaste o p\u00e9rdida. Algunos proveedores incluyen mantenimiento preventivo dentro del valor del alquiler, mientras que otros cobran cargos adicionales por revisiones t\u00e9cnicas o reemplazo de componentes. Estas diferencias pueden modificar considerablemente el costo final y deben evaluarse antes de tomar una decisi\u00f3n.<\/p>\n\n\n\n<h2 class=\"wp-block-heading\"><span class=\"ez-toc-section\" id=\"3_Duracion_del_alquiler_tarifa_diaria_semanal_o_mensual\"><\/span>3. Duraci\u00f3n del alquiler: tarifa diaria, semanal o mensual<br><span class=\"ez-toc-section-end\"><\/span><\/h2>\n\n\n\n<p>La duraci\u00f3n del servicio es uno de los factores que m\u00e1s modifica el <strong>Precio alquiler equipos de alturas<\/strong>. No es lo mismo alquilar un kit por un d\u00eda para un mantenimiento puntual que contratarlo por varias semanas en una obra de mayor duraci\u00f3n.<\/p>\n\n\n\n<p>Generalmente, las tarifas semanales o mensuales ofrecen un costo por d\u00eda m\u00e1s bajo en comparaci\u00f3n con el alquiler diario. Sin embargo, el valor total depender\u00e1 del tiempo exacto de uso y de si el proveedor ofrece descuentos por periodos prolongados. Evaluar correctamente la duraci\u00f3n del proyecto permite optimizar el presupuesto y evitar sobrecostos innecesarios.<\/p>\n\n\n\n<h2 class=\"wp-block-heading\"><span class=\"ez-toc-section\" id=\"4_Cantidad_de_equipos_requeridos_y_descuentos_por_volumen\"><\/span>4. Cantidad de equipos requeridos y descuentos por volumen<br><span class=\"ez-toc-section-end\"><\/span><\/h2>\n\n\n\n<p>Cuando una empresa necesita varios sistemas de protecci\u00f3n para trabajo en alturas, el volumen contratado puede influir directamente en el costo final. Solicitar m\u00faltiples kits, l\u00edneas de vida o arneses certificados puede generar descuentos negociables dependiendo del proveedor.<\/p>\n\n\n\n<p>El <strong>Precio alquiler equipos de alturas<\/strong> suele ajustarse cuando se trata de proyectos de mayor escala, ya que las empresas arrendadoras pueden ofrecer tarifas especiales por cantidad. Analizar esta variable es clave para constructoras y contratistas que gestionan equipos completos de trabajo.<\/p>\n\n\n\n<h2 class=\"wp-block-heading\"><span class=\"ez-toc-section\" id=\"5_Transporte_instalacion_y_logistica_del_servicio\"><\/span>5. Transporte, instalaci\u00f3n y log\u00edstica del servicio<br><span class=\"ez-toc-section-end\"><\/span><\/h2>\n\n\n\n<p>El traslado y la log\u00edstica tambi\u00e9n pueden influir significativamente en el <strong>Precio alquiler equipos de alturas<\/strong>. Algunos proveedores incluyen el transporte dentro de la tarifa, mientras que otros lo cobran como un servicio adicional, especialmente si el lugar de trabajo se encuentra fuera de la ciudad o en zonas de dif\u00edcil acceso.<\/p>\n\n\n\n<p>Adem\u00e1s, cuando el servicio requiere instalaci\u00f3n t\u00e9cnica, asesor\u00eda en sitio o capacitaci\u00f3n b\u00e1sica sobre el uso del equipo, estos elementos pueden incrementar el costo final. Evaluar si el proveedor ofrece entrega inmediata, acompa\u00f1amiento t\u00e9cnico o instalaci\u00f3n certificada permite comparar propuestas de manera m\u00e1s precisa y evitar gastos inesperados.<\/p>\n\n\n\n<h3 class=\"wp-block-heading\">Factores que pueden aumentar o reducir el precio del alquiler<br><\/h3>\n\n\n\n<p>Antes de solicitar una cotizaci\u00f3n formal, es \u00fatil tener una referencia general del mercado. Aunque el <strong><a href=\"https:\/\/www.geconexion.com.co\/equipos-para-alturas-en-bogota.html\">Precio alquiler equipos de alturas<\/a><\/strong> puede variar seg\u00fan las condiciones espec\u00edficas del proyecto, existen rangos estimados que permiten entender c\u00f3mo influyen variables como la altura de trabajo, el tipo de sistema de protecci\u00f3n, la distancia de transporte y la complejidad del servicio. A continuaci\u00f3n, se presenta una comparativa orientativa con valores aproximados en Colombia.<\/p>\n\n\n\n<figure class=\"wp-block-table\"><table class=\"has-fixed-layout\"><tbody><tr><td class=\"has-text-align-center\" data-align=\"center\"><strong>Factor<\/strong><\/td><td class=\"has-text-align-center\" data-align=\"center\"><strong>Impacto en el precio<\/strong><\/td><td class=\"has-text-align-center\" data-align=\"center\"><strong>Rango estimado en Colombia<\/strong><\/td><\/tr><tr><td class=\"has-text-align-center\" data-align=\"center\">Altura de trabajo (2\u20135 m)<\/td><td class=\"has-text-align-center\" data-align=\"center\">Bajo<\/td><td class=\"has-text-align-center\" data-align=\"center\">$200.000 \u2013 $300.000<\/td><\/tr><tr><td class=\"has-text-align-center\" data-align=\"center\">Altura superior a 10 m<\/td><td class=\"has-text-align-center\" data-align=\"center\">Alto<\/td><td class=\"has-text-align-center\" data-align=\"center\">$400.000 \u2013 $700.000<\/td><\/tr><tr><td class=\"has-text-align-center\" data-align=\"center\">Tipo de equipo b\u00e1sico (arn\u00e9s + l\u00ednea)<\/td><td class=\"has-text-align-center\" data-align=\"center\">Medio<\/td><td class=\"has-text-align-center\" data-align=\"center\">$250.000 \u2013 $400.000<\/td><\/tr><tr><td class=\"has-text-align-center\" data-align=\"center\">Kit completo certificado<\/td><td class=\"has-text-align-center\" data-align=\"center\">Alto<\/td><td class=\"has-text-align-center\" data-align=\"center\">$450.000 \u2013 $700.000<\/td><\/tr><tr><td class=\"has-text-align-center\" data-align=\"center\">Transporte en zona urbana<\/td><td class=\"has-text-align-center\" data-align=\"center\">Bajo<\/td><td class=\"has-text-align-center\" data-align=\"center\">Incluido o +$50.000<\/td><\/tr><tr><td class=\"has-text-align-center\" data-align=\"center\">Transporte fuera de la ciudad<\/td><td class=\"has-text-align-center\" data-align=\"center\">Medio \/ Alto<\/td><td class=\"has-text-align-center\" data-align=\"center\">+$100.000 \u2013 $250.000<\/td><\/tr><tr><td class=\"has-text-align-center\" data-align=\"center\">Instalaci\u00f3n t\u00e9cnica en sitio<\/td><td class=\"has-text-align-center\" data-align=\"center\">Alto<\/td><td class=\"has-text-align-center\" data-align=\"center\">+$150.000 \u2013 $300.000<\/td><\/tr><\/tbody><\/table><\/figure>\n\n\n\n<p>(Estos valores los estamos planteando como referencia general de mercado, no como tarifa fija).<\/p>\n\n\n\n<h2 class=\"wp-block-heading\"><span class=\"ez-toc-section\" id=\"Normativa_en_Colombia_para_el_uso_de_equipos_de_trabajo_en_alturas\"><\/span>Normativa en Colombia para el uso de equipos de trabajo en alturas<br><span class=\"ez-toc-section-end\"><\/span><\/h2>\n\n\n\n<p>En Colombia, el trabajo en alturas est\u00e1 regulado por la <strong><a href=\"https:\/\/share.google\/Lm02Y2XwK3VpN9Kvp\" target=\"_blank\" rel=\"noreferrer noopener\">Resoluci\u00f3n 4272 de 2021<\/a><\/strong> del Ministerio del Trabajo, la cual establece los requisitos m\u00ednimos de seguridad que deben cumplir tanto empleadores como trabajadores. Esta norma exige el uso de equipos certificados, inspecciones peri\u00f3dicas y capacitaci\u00f3n obligatoria para reducir el riesgo de accidentes laborales.<\/p>\n\n\n\n<p>Adem\u00e1s, la normativa exige que los sistemas de protecci\u00f3n contra ca\u00eddas se encuentren en \u00f3ptimas condiciones y cuenten con respaldo t\u00e9cnico. Por esta raz\u00f3n, el <strong><a href=\"https:\/\/www.geconexion.com.co\/equipos-para-alturas-en-bogota.html\">Precio alquiler equipos de alturas<\/a><\/strong> puede variar dependiendo del nivel de certificaci\u00f3n, mantenimiento y cumplimiento legal que ofrezca el proveedor. Elegir equipos que cumplan con la legislaci\u00f3n vigente no solo protege a los trabajadores, sino que tambi\u00e9n evita sanciones econ\u00f3micas y responsabilidades legales para la empresa.<\/p>\n\n\n\n<h2 class=\"wp-block-heading\"><span class=\"ez-toc-section\" id=\"%C2%BFEl_curso_de_trabajo_en_alturas_influye_en_el_precio_del_alquiler_del_equipo\"><\/span>\u00bfEl curso de trabajo en alturas influye en el precio del alquiler del equipo?<span class=\"ez-toc-section-end\"><\/span><\/h2>\n\n\n\n<p>En Colombia, el trabajo en alturas no solo exige el uso de equipos certificados, sino tambi\u00e9n que el personal cuente con formaci\u00f3n vigente y avalada por entidades autorizadas. Por esta raz\u00f3n, al evaluar el <strong>Precio alquiler equipos de alturas<\/strong>, es importante considerar si el equipo incluye asesor\u00eda b\u00e1sica o si el trabajador ya cuenta con certificaci\u00f3n activa.<\/p>\n\n\n\n<p>En algunos casos, las empresas prefieren contratar de manera integral tanto el alquiler del equipo como el <strong><a href=\"https:\/\/www.geconexion.com.co\/cursos-de-alturas-bogota.html\">curso de trabajo en alturas certificado<\/a><\/strong>, lo que puede optimizar tiempos y garantizar el cumplimiento de la normativa vigente. Si el personal a\u00fan no cuenta con capacitaci\u00f3n, es recomendable acceder previamente a una formaci\u00f3n especializada para evitar sanciones y retrasos en el proyecto.<\/p>\n\n\n\n<figure class=\"wp-block-image size-full\"><img loading=\"lazy\" decoding=\"async\" width=\"357\" height=\"357\" src=\"https:\/\/www.geconexion.com.co\/alquiler\/wp-content\/uploads\/2026\/02\/Precio-alquiler-equipos-de-alturas-2.jpg\" alt=\"Precio alquiler equipos de alturas en Bogot\u00e1 con pr\u00e1ctica de instalaci\u00f3n de arn\u00e9s, cuerdas y sistema de anclaje certificados para trabajo seguro.\" class=\"wp-image-3366\" srcset=\"https:\/\/www.geconexion.com.co\/alquiler\/wp-content\/uploads\/2026\/02\/Precio-alquiler-equipos-de-alturas-2.jpg 357w, https:\/\/www.geconexion.com.co\/alquiler\/wp-content\/uploads\/2026\/02\/Precio-alquiler-equipos-de-alturas-2-300x300.jpg 300w, https:\/\/www.geconexion.com.co\/alquiler\/wp-content\/uploads\/2026\/02\/Precio-alquiler-equipos-de-alturas-2-150x150.jpg 150w, https:\/\/www.geconexion.com.co\/alquiler\/wp-content\/uploads\/2026\/02\/Precio-alquiler-equipos-de-alturas-2-100x100.jpg 100w\" sizes=\"auto, (max-width: 357px) 100vw, 357px\" \/><figcaption class=\"wp-element-caption\">Equipos certificados incluidos en el servicio de alquiler para trabajo seguro en alturas en Bogot\u00e1.<\/figcaption><\/figure>\n\n\n\n<h2 class=\"wp-block-heading\"><span class=\"ez-toc-section\" id=\"Errores_comunes_al_alquilar_equipos_de_alturas\"><\/span>Errores comunes al alquilar equipos de alturas<br><span class=\"ez-toc-section-end\"><\/span><\/h2>\n\n\n\n<p>Al momento de evaluar el <strong>Precio alquiler equipos de alturas<\/strong>, muchas empresas cometen errores que pueden generar sobrecostos, sanciones o riesgos innecesarios. Estos son los m\u00e1s frecuentes:<\/p>\n\n\n\n<ul class=\"wp-block-list\">\n<li><strong>Elegir \u00fanicamente por el precio m\u00e1s bajo<\/strong>, sin verificar certificaciones ni estado del equipo.<\/li>\n\n\n\n<li><strong>No confirmar la vigencia de las inspecciones t\u00e9cnicas<\/strong>, especialmente en l\u00edneas de vida y sistemas antica\u00eddas.<\/li>\n\n\n\n<li><strong>Ignorar los costos adicionales de transporte o instalaci\u00f3n<\/strong>, que pueden incrementar el valor final.<\/li>\n\n\n\n<li><strong>No validar si el personal cuenta con curso de trabajo en alturas vigente.<\/strong><\/li>\n\n\n\n<li><strong>No revisar las condiciones de reposici\u00f3n en caso de da\u00f1o o p\u00e9rdida.<\/strong><\/li>\n<\/ul>\n\n\n\n<p>Evitar estos errores permite optimizar el presupuesto y garantizar el cumplimiento de la normativa colombiana.<\/p>\n\n\n\n<h2 class=\"wp-block-heading\"><span class=\"ez-toc-section\" id=\"%C2%BFConviene_comprar_o_alquilar_equipos_de_trabajo_en_alturas\"><\/span>\u00bfConviene comprar o alquilar equipos de trabajo en alturas?<br><span class=\"ez-toc-section-end\"><\/span><\/h2>\n\n\n\n<p>La decisi\u00f3n entre comprar o alquilar depende del tipo de proyecto, la frecuencia de uso y el presupuesto disponible. No siempre la opci\u00f3n m\u00e1s econ\u00f3mica a corto plazo es la m\u00e1s conveniente a largo plazo.<br><\/p>\n\n\n\n<h3 class=\"wp-block-heading\"><strong>Conviene alquilar cuando:<\/strong><\/h3>\n\n\n\n<ul class=\"wp-block-list\">\n<li>El proyecto es temporal o de corta duraci\u00f3n.<\/li>\n\n\n\n<li>No se requiere uso constante del equipo.<\/li>\n\n\n\n<li>Se busca evitar costos de mantenimiento y almacenamiento.<\/li>\n\n\n\n<li>Se necesita cumplir con normativa sin realizar una inversi\u00f3n alta inicial.<\/li>\n<\/ul>\n\n\n\n<h3 class=\"wp-block-heading\"><strong>Conviene comprar cuando:<\/strong><\/h3>\n\n\n\n<ul class=\"wp-block-list\">\n<li>La empresa realiza trabajos en altura de forma permanente.<\/li>\n\n\n\n<li>Se cuenta con personal capacitado para mantenimiento e inspecci\u00f3n.<\/li>\n\n\n\n<li>Se desea tener disponibilidad inmediata sin depender de terceros.<\/li>\n<\/ul>\n\n\n\n<p>Analizar estas variables ayuda a tomar una decisi\u00f3n financiera m\u00e1s estrat\u00e9gica.<\/p>\n\n\n<style>\n  .faq-grua-zipaquira {\n    font-family: system-ui, -apple-system, \"Segoe UI\", Roboto, \"Helvetica Neue\", Arial, sans-serif;\n    max-width: 800px;\n    margin: 2rem auto;\n    color: #333;\n    line-height: 1.6;\n  }\n\n  .faq-grua-zipaquira h2 {\n    text-align: center;\n    color: #1a202c;\n    font-size: 1.8rem;\n    font-weight: 700;\n    margin-bottom: 2rem;\n  }\n\n  .faq-grua-zipaquira details {\n    background-color: #ffffff;\n    border: 1px solid #edf2f7;\n    border-radius: 8px;\n    margin-bottom: 1rem;\n    box-shadow: 0 2px 4px rgba(0, 0, 0, 0.02);\n    transition: box-shadow 0.3s ease;\n  }\n\n  .faq-grua-zipaquira details:hover {\n    box-shadow: 0 4px 6px rgba(0, 0, 0, 0.05);\n  }\n\n  .faq-grua-zipaquira summary {\n    list-style: none;\n    padding: 1.25rem 1.5rem;\n    background-color: #f8fafc;\n    font-weight: bold;\n    font-size: 1.05rem;\n    color: #2d3748;\n    cursor: pointer;\n    position: relative;\n    border-radius: 8px;\n    display: flex;\n    justify-content: space-between;\n    align-items: center;\n    transition: background-color 0.2s ease;\n  }\n\n  .faq-grua-zipaquira summary::-webkit-details-marker {\n    display: none;\n  }\n\n  .faq-grua-zipaquira summary:hover {\n    background-color: #edf2f7;\n  }\n\n  .faq-grua-zipaquira summary::after {\n    content: \"+\";\n    font-size: 1.5rem;\n    font-weight: 400;\n    color: #4a5568;\n    transition: transform 0.3s ease;\n    line-height: 1;\n    margin-left: 1rem;\n  }\n\n  .faq-grua-zipaquira details[open] summary {\n    border-bottom-left-radius: 0;\n    border-bottom-right-radius: 0;\n    border-bottom: 1px solid #edf2f7;\n  }\n\n  .faq-grua-zipaquira details[open] summary::after {\n    transform: rotate(45deg);\n  }\n\n  .faq-grua-zipaquira details p {\n    padding: 1.25rem 1.5rem;\n    margin: 0;\n    color: #4a5568;\n    font-size: 0.95rem;\n    font-weight: normal;\n  }\n<\/style>\n\n<div class=\"faq-grua-zipaquira\">\n  <h2><span class=\"ez-toc-section\" id=\"Preguntas_frecuentes_sobre_el_precio_alquiler_equipos_de_alturas\"><\/span>Preguntas frecuentes sobre el precio alquiler equipos de alturas<span class=\"ez-toc-section-end\"><\/span><\/h2>\n\n  <details>\n    <summary>1. \u00bfCu\u00e1l es el Precio alquiler equipos de alturas en Colombia?<\/summary>\n    <p>El Precio alquiler equipos de alturas en Colombia puede oscilar aproximadamente entre $200.000 y $700.000, dependiendo del tipo de equipo, la altura de trabajo, el tiempo de alquiler y los servicios adicionales como transporte o instalaci\u00f3n. Cada proyecto debe evaluarse de manera espec\u00edfica para determinar el valor final.<\/p>\n  <\/details>\n\n  <details>\n    <summary>2. \u00bfQu\u00e9 incluye normalmente el Precio alquiler equipos de alturas?<\/summary>\n    <p>El Precio alquiler equipos de alturas generalmente incluye el kit b\u00e1sico de protecci\u00f3n (arn\u00e9s, l\u00ednea de vida, conectores certificados). Sin embargo, servicios como transporte, instalaci\u00f3n t\u00e9cnica o asesor\u00eda en sitio pueden generar costos adicionales seg\u00fan el proveedor y la ubicaci\u00f3n del proyecto.<\/p>\n  <\/details>\n\n  <details>\n    <summary>3. \u00bfEs obligatorio tener curso de trabajo en alturas para alquilar el equipo?<\/summary>\n    <p>S\u00ed. En Colombia, la normativa exige que los trabajadores que realicen labores a m\u00e1s de 2 metros de altura cuenten con certificaci\u00f3n vigente. Aunque el alquiler del equipo no siempre incluye capacitaci\u00f3n, el empleador debe garantizar que el personal est\u00e9 debidamente formado.<\/p>\n  <\/details>\n\n  <details>\n    <summary>4. \u00bfSe puede alquilar un equipo de trabajo en alturas por un solo d\u00eda?<\/summary>\n    <p>S\u00ed. Existen tarifas diarias, semanales y mensuales. En muchos casos, las tarifas por per\u00edodos m\u00e1s largos reducen el costo proporcional por d\u00eda, lo que puede resultar m\u00e1s conveniente para proyectos extensos.<\/p>\n  <\/details>\n\n  <details>\n    <summary>5. \u00bfQu\u00e9 factores influyen m\u00e1s en el valor del alquiler?<\/summary>\n    <p>Los factores principales son el tipo de equipo y su certificaci\u00f3n, la duraci\u00f3n del servicio, la cantidad de sistemas requeridos, el mantenimiento incluido y la log\u00edstica de transporte e instalaci\u00f3n.<\/p>\n  <\/details>\n\n  <details>\n    <summary>6. \u00bfQu\u00e9 sucede si el equipo sufre da\u00f1os durante el alquiler?<\/summary>\n    <p>Las condiciones de reposici\u00f3n dependen del contrato establecido con el proveedor. Algunas empresas incluyen mantenimiento preventivo dentro del servicio, pero los da\u00f1os por uso indebido o p\u00e9rdida pueden generar cargos adicionales.<\/p>\n  <\/details>\n\n  <details>\n    <summary>7. \u00bfConviene alquilar o comprar equipos para trabajo en alturas?<\/summary>\n    <p>Depende de la frecuencia y duraci\u00f3n de los proyectos. Para trabajos temporales o espor\u00e1dicos, el alquiler suele ser m\u00e1s rentable. En cambio, si la empresa realiza labores en alturas de forma permanente, puede evaluarse la compra como inversi\u00f3n a largo plazo.<\/p>\n  <\/details>\n<\/div>\n\n<script type=\"application\/ld+json\">\n{\n  \"@context\": \"https:\/\/schema.org\",\n  \"@type\": \"FAQPage\",\n  \"mainEntity\": [\n    {\n      \"@type\": \"Question\",\n      \"name\": \"1. \u00bfCu\u00e1l es el Precio alquiler equipos de alturas en Colombia?\",\n      \"acceptedAnswer\": {\n        \"@type\": \"Answer\",\n        \"text\": \"El Precio alquiler equipos de alturas en Colombia puede oscilar aproximadamente entre $200.000 y $700.000, dependiendo del tipo de equipo, la altura de trabajo, el tiempo de alquiler y los servicios adicionales como transporte o instalaci\u00f3n. Cada proyecto debe evaluarse de manera espec\u00edfica para determinar el valor final.\"\n      }\n    },\n    {\n      \"@type\": \"Question\",\n      \"name\": \"2. \u00bfQu\u00e9 incluye normalmente el Precio alquiler equipos de alturas?\",\n      \"acceptedAnswer\": {\n        \"@type\": \"Answer\",\n        \"text\": \"El Precio alquiler equipos de alturas generalmente incluye el kit b\u00e1sico de protecci\u00f3n (arn\u00e9s, l\u00ednea de vida, conectores certificados). Sin embargo, servicios como transporte, instalaci\u00f3n t\u00e9cnica o asesor\u00eda en sitio pueden generar costos adicionales seg\u00fan el proveedor y la ubicaci\u00f3n del proyecto.\"\n      }\n    },\n    {\n      \"@type\": \"Question\",\n      \"name\": \"3. \u00bfEs obligatorio tener curso de trabajo en alturas para alquilar el equipo?\",\n      \"acceptedAnswer\": {\n        \"@type\": \"Answer\",\n        \"text\": \"S\u00ed. En Colombia, la normativa exige que los trabajadores que realicen labores a m\u00e1s de 2 metros de altura cuenten con certificaci\u00f3n vigente. Aunque el alquiler del equipo no siempre incluye capacitaci\u00f3n, el empleador debe garantizar que el personal est\u00e9 debidamente formado.\"\n      }\n    },\n    {\n      \"@type\": \"Question\",\n      \"name\": \"4. \u00bfSe puede alquilar un equipo de trabajo en alturas por un solo d\u00eda?\",\n      \"acceptedAnswer\": {\n        \"@type\": \"Answer\",\n        \"text\": \"S\u00ed. Existen tarifas diarias, semanales y mensuales. En muchos casos, las tarifas por per\u00edodos m\u00e1s largos reducen el costo proporcional por d\u00eda, lo que puede resultar m\u00e1s conveniente para proyectos extensos.\"\n      }\n    },\n    {\n      \"@type\": \"Question\",\n      \"name\": \"5. \u00bfQu\u00e9 factores influyen m\u00e1s en el valor del alquiler?\",\n      \"acceptedAnswer\": {\n        \"@type\": \"Answer\",\n        \"text\": \"Los factores principales son el tipo de equipo y su certificaci\u00f3n, la duraci\u00f3n del servicio, la cantidad de sistemas requeridos, el mantenimiento incluido y la log\u00edstica de transporte e instalaci\u00f3n.\"\n      }\n    },\n    {\n      \"@type\": \"Question\",\n      \"name\": \"6. \u00bfQu\u00e9 sucede si el equipo sufre da\u00f1os durante el alquiler?\",\n      \"acceptedAnswer\": {\n        \"@type\": \"Answer\",\n        \"text\": \"Las condiciones de reposici\u00f3n dependen del contrato establecido con el proveedor. Algunas empresas incluyen mantenimiento preventivo dentro del servicio, pero los da\u00f1os por uso indebido o p\u00e9rdida pueden generar cargos adicionales.\"\n      }\n    },\n    {\n      \"@type\": \"Question\",\n      \"name\": \"7. \u00bfConviene alquilar o comprar equipos para trabajo en alturas?\",\n      \"acceptedAnswer\": {\n        \"@type\": \"Answer\",\n        \"text\": \"Depende de la frecuencia y duraci\u00f3n de los proyectos. Para trabajos temporales o espor\u00e1dicos, el alquiler suele ser m\u00e1s rentable. En cambio, si la empresa realiza labores en alturas de forma permanente, puede evaluarse la compra como inversi\u00f3n a largo plazo.\"\n      }\n    }\n  ]\n}\n<\/script>\n\n\n<blockquote class=\"wp-block-quote is-layout-flow wp-block-quote-is-layout-flow\">\n<p>Asegura el equipo certificado para tu proyecto y recibe una cotizaci\u00f3n r\u00e1pida y detallada seg\u00fan la altura, transporte y tipo de equipo que necesites. No arriesgues tu seguridad ni la de tu equipo.<\/p>\n<\/blockquote>\n\n\n\n<div class=\"wp-block-buttons is-layout-flex wp-block-buttons-is-layout-flex\">\n<div class=\"wp-block-button\"><a class=\"wp-block-button__link has-white-color has-vivid-green-cyan-background-color has-text-color has-background has-link-color wp-element-button\" href=\"https:\/\/api.whatsapp.com\/send\/?phone=573103093137&amp;text=Hola+&amp;type=phone_number&amp;app_absent=0\" style=\"border-top-left-radius:50px;border-top-right-radius:50px;border-bottom-left-radius:50px;border-bottom-right-radius:50px\" target=\"_blank\" rel=\"noopener\"><strong>Solicitar Cotizaci\u00f3n Ahora<\/strong><\/a><\/div>\n<\/div>\n","protected":false},"excerpt":{"rendered":"<p>Conoce c\u00f3mo se determina el precio alquiler equipos de alturas en Bogot\u00e1 y qu\u00e9 factores influyen en el costo: tipo de equipo, certificaci\u00f3n, tiempo de uso y normatividad vigente en seguridad industrial.<\/p>\n","protected":false},"author":1,"featured_media":3358,"comment_status":"open","ping_status":"open","sticky":false,"template":"","format":"standard","meta":{"_acf_changed":false,"footnotes":""},"categories":[63],"tags":[78,82,101],"class_list":["post-3353","post","type-post","status-publish","format-standard","has-post-thumbnail","hentry","category-trabajo-en-altura","tag-equipos-certificados","tag-lineas-de-vida","tag-resolucion-4272-2021"],"acf":[],"_links":{"self":[{"href":"https:\/\/www.geconexion.com.co\/alquiler\/wp-json\/wp\/v2\/posts\/3353","targetHints":{"allow":["GET"]}}],"collection":[{"href":"https:\/\/www.geconexion.com.co\/alquiler\/wp-json\/wp\/v2\/posts"}],"about":[{"href":"https:\/\/www.geconexion.com.co\/alquiler\/wp-json\/wp\/v2\/types\/post"}],"author":[{"embeddable":true,"href":"https:\/\/www.geconexion.com.co\/alquiler\/wp-json\/wp\/v2\/users\/1"}],"replies":[{"embeddable":true,"href":"https:\/\/www.geconexion.com.co\/alquiler\/wp-json\/wp\/v2\/comments?post=3353"}],"version-history":[{"count":16,"href":"https:\/\/www.geconexion.com.co\/alquiler\/wp-json\/wp\/v2\/posts\/3353\/revisions"}],"predecessor-version":[{"id":3459,"href":"https:\/\/www.geconexion.com.co\/alquiler\/wp-json\/wp\/v2\/posts\/3353\/revisions\/3459"}],"wp:featuredmedia":[{"embeddable":true,"href":"https:\/\/www.geconexion.com.co\/alquiler\/wp-json\/wp\/v2\/media\/3358"}],"wp:attachment":[{"href":"https:\/\/www.geconexion.com.co\/alquiler\/wp-json\/wp\/v2\/media?parent=3353"}],"wp:term":[{"taxonomy":"category","embeddable":true,"href":"https:\/\/www.geconexion.com.co\/alquiler\/wp-json\/wp\/v2\/categories?post=3353"},{"taxonomy":"post_tag","embeddable":true,"href":"https:\/\/www.geconexion.com.co\/alquiler\/wp-json\/wp\/v2\/tags?post=3353"}],"curies":[{"name":"wp","href":"https:\/\/api.w.org\/{rel}","templated":true}]}}