{"id":207,"date":"2026-02-26T09:36:00","date_gmt":"2026-02-26T09:36:00","guid":{"rendered":"https:\/\/xml-io.proteusthemes.com\/buildpress\/?p=207"},"modified":"2026-04-22T15:25:59","modified_gmt":"2026-04-22T15:25:59","slug":"alquiler-de-camion-grua-en-cota","status":"publish","type":"post","link":"https:\/\/www.geconexion.com.co\/alquiler\/alquiler-de-camion-grua-en-cota\/","title":{"rendered":"Alquiler de cami\u00f3n gr\u00faa en Cota: 5 claves infalibles para su obra"},"content":{"rendered":"\n<p>La log\u00edstica industrial en la Sabana requiere una precisi\u00f3n que no admita fallos t\u00e9cnicos. Contratar un servicio de alquiler de cami\u00f3n gr\u00faa en Cota permite a las empresas optimizar la operatividad en el terreno, garantizando que cada maniobra cumpla con los est\u00e1ndares de seguridad m\u00e1s exigentes del sector.<\/p>\n\n\n\n<p>El \u00e9xito de un proyecto de ingenier\u00eda depende de la capacidad de respuesta de la maquinaria pesada utilizada. Mediante el <strong><a href=\"https:\/\/www.geconexion.com.co\/alquiler-de-camion-grua-bogota.html\">alquiler de cami\u00f3n gr\u00faa en Cota<\/a><\/strong>, es posible gestionar el <strong>izaje de materiales<\/strong> con una eficiencia superior, eliminando retrasos innecesarios y protegiendo la integridad de toda la infraestructura en ejecuci\u00f3n.<\/p>\n\n\n\n<!--more-->\n\n\n\n<div id=\"ez-toc-container\" class=\"ez-toc-v2_0_82_2 counter-hierarchy ez-toc-counter ez-toc-light-blue ez-toc-container-direction\">\n<div class=\"ez-toc-title-container\">\n<p class=\"ez-toc-title\" style=\"cursor:inherit\">Indice<\/p>\n<span class=\"ez-toc-title-toggle\"><a href=\"#\" class=\"ez-toc-pull-right ez-toc-btn ez-toc-btn-xs ez-toc-btn-default ez-toc-toggle\" aria-label=\"Alternar tabla de contenidos\"><span class=\"ez-toc-js-icon-con\"><span class=\"\"><span class=\"eztoc-hide\" style=\"display:none;\">Toggle<\/span><span class=\"ez-toc-icon-toggle-span\"><svg style=\"fill: #999;color:#999\" xmlns=\"http:\/\/www.w3.org\/2000\/svg\" class=\"list-377408\" width=\"20px\" height=\"20px\" viewBox=\"0 0 24 24\" fill=\"none\"><path d=\"M6 6H4v2h2V6zm14 0H8v2h12V6zM4 11h2v2H4v-2zm16 0H8v2h12v-2zM4 16h2v2H4v-2zm16 0H8v2h12v-2z\" fill=\"currentColor\"><\/path><\/svg><svg style=\"fill: #999;color:#999\" class=\"arrow-unsorted-368013\" xmlns=\"http:\/\/www.w3.org\/2000\/svg\" width=\"10px\" height=\"10px\" viewBox=\"0 0 24 24\" version=\"1.2\" baseProfile=\"tiny\"><path d=\"M18.2 9.3l-6.2-6.3-6.2 6.3c-.2.2-.3.4-.3.7s.1.5.3.7c.2.2.4.3.7.3h11c.3 0 .5-.1.7-.3.2-.2.3-.5.3-.7s-.1-.5-.3-.7zM5.8 14.7l6.2 6.3 6.2-6.3c.2-.2.3-.5.3-.7s-.1-.5-.3-.7c-.2-.2-.4-.3-.7-.3h-11c-.3 0-.5.1-.7.3-.2.2-.3.5-.3.7s.1.5.3.7z\"\/><\/svg><\/span><\/span><\/span><\/a><\/span><\/div>\n<nav><ul class='ez-toc-list ez-toc-list-level-1 ' ><li class='ez-toc-page-1 ez-toc-heading-level-2'><a class=\"ez-toc-link ez-toc-heading-1\" href=\"https:\/\/www.geconexion.com.co\/alquiler\/alquiler-de-camion-grua-en-cota\/#Ejecucion_de_excelencia_los_5_pilares_de_una_maniobra_de_alto_impacto\" >Ejecuci\u00f3n de excelencia: los 5 pilares de una maniobra de alto impacto<\/a><\/li><li class='ez-toc-page-1 ez-toc-heading-level-2'><a class=\"ez-toc-link ez-toc-heading-2\" href=\"https:\/\/www.geconexion.com.co\/alquiler\/alquiler-de-camion-grua-en-cota\/#Especificaciones_de_flota_Capacidad_tecnica_para_la_zona_industrial\" >Especificaciones de flota: Capacidad t\u00e9cnica para la zona industrial<\/a><\/li><li class='ez-toc-page-1 ez-toc-heading-level-2'><a class=\"ez-toc-link ez-toc-heading-3\" href=\"https:\/\/www.geconexion.com.co\/alquiler\/alquiler-de-camion-grua-en-cota\/#%C2%BFCuando_es_indispensable_el_alquiler_de_camion_grua_en_Cota\" >\u00bfCu\u00e1ndo es indispensable el alquiler de cami\u00f3n gr\u00faa en Cota?<\/a><\/li><li class='ez-toc-page-1 ez-toc-heading-level-2'><a class=\"ez-toc-link ez-toc-heading-4\" href=\"https:\/\/www.geconexion.com.co\/alquiler\/alquiler-de-camion-grua-en-cota\/#Factores_determinantes_en_la_tarifa_del_alquiler_de_camion_grua_en_Cota\" >Factores determinantes en la tarifa del alquiler de cami\u00f3n gr\u00faa en Cota<\/a><\/li><li class='ez-toc-page-1 ez-toc-heading-level-2'><a class=\"ez-toc-link ez-toc-heading-5\" href=\"https:\/\/www.geconexion.com.co\/alquiler\/alquiler-de-camion-grua-en-cota\/#Certificaciones_y_normativa_tecnica_en_Cota\" >Certificaciones y normativa t\u00e9cnica en Cota<\/a><\/li><li class='ez-toc-page-1 ez-toc-heading-level-2'><a class=\"ez-toc-link ez-toc-heading-6\" href=\"https:\/\/www.geconexion.com.co\/alquiler\/alquiler-de-camion-grua-en-cota\/#Proceso_de_contratacion_y_requisitos_Estructura_para_una_gestion_impecable\" >Proceso de contrataci\u00f3n y requisitos: Estructura para una gesti\u00f3n impecable<\/a><\/li><li class='ez-toc-page-1 ez-toc-heading-level-2'><a class=\"ez-toc-link ez-toc-heading-7\" href=\"https:\/\/www.geconexion.com.co\/alquiler\/alquiler-de-camion-grua-en-cota\/#Preguntas_Frecuentes_sobre_Alquiler_de_camion_grua_en_Cota\" >Preguntas Frecuentes sobre Alquiler de cami\u00f3n gr\u00faa en Cota<\/a><\/li><li class='ez-toc-page-1 ez-toc-heading-level-2'><a class=\"ez-toc-link ez-toc-heading-8\" href=\"https:\/\/www.geconexion.com.co\/alquiler\/alquiler-de-camion-grua-en-cota\/#Directorio_Critico_de_Emergencias_y_Permisos_para_Trabajos_en_Alturas_en_Cota\" >Directorio Cr\u00edtico de Emergencias y Permisos para Trabajos en Alturas en Cota<\/a><\/li><\/ul><\/nav><\/div>\n<h2 class=\"wp-block-heading\"><span class=\"ez-toc-section\" id=\"Ejecucion_de_excelencia_los_5_pilares_de_una_maniobra_de_alto_impacto\"><\/span>Ejecuci\u00f3n de excelencia: los 5 pilares de una maniobra de alto impacto<span class=\"ez-toc-section-end\"><\/span><\/h2>\n\n\n\n<p>La disciplina en la planificaci\u00f3n es la \u00fanica v\u00eda para evitar el caos en un entorno industrial. Al integrar un <strong>alquiler de cami\u00f3n gr\u00faa en Cota<\/strong> dentro de su esquema log\u00edstico, es imperativo que cada decisi\u00f3n est\u00e9 respaldada por datos t\u00e9cnicos que aseguren una sincronizaci\u00f3n operativa perfecta, permitiendo que la inversi\u00f3n retorne en forma de avances tangibles y seguridad estructural absoluta en el frente de trabajo.<\/p>\n\n\n\n<h3 class=\"wp-block-heading\">Las 5 claves para el alquiler de cami\u00f3n gr\u00faa en cota:<\/h3>\n\n\n\n<ul class=\"wp-block-list\">\n<li><strong>Precisi\u00f3n en el tonelaje:<\/strong> Identificar la carga real permite que el alquiler de cami\u00f3n gr\u00faa en Cota sea eficiente, seleccionando el equipo con el alcance exacto para la maniobra espec\u00edfica.<\/li>\n\n\n\n<li><strong>Estabilidad del entorno:<\/strong> Evaluar la firmeza del suelo es el factor que determina la seguridad<strong> <\/strong>industrial durante el despliegue de los estabilizadores hidr\u00e1ulicos en terrenos complejos.<\/li>\n\n\n\n<li><strong>Optimizaci\u00f3n del cronograma:<\/strong> Una planeaci\u00f3n rigurosa garantiza que la tarifa del servicio se aproveche al m\u00e1ximo, eliminando tiempos muertos por falta de materiales en el sitio de izaje.<\/li>\n\n\n\n<li><strong>Conformidad mec\u00e1nica:<\/strong> Exigir equipos con mantenimiento preventivo al d\u00eda asegura una respuesta t\u00e9cnica impecable, evitando interrupciones cr\u00edticas por fallos evitables de maquinaria.<\/li>\n\n\n\n<li><strong>Calificaci\u00f3n del personal:<\/strong> Contar con operarios que dominen las tablas de carga es vital para una <strong>productividad operativa<\/strong> que no admita margen de error ni mediocridad en la ejecuci\u00f3n.<\/li>\n<\/ul>\n\n\n\n<h2 class=\"wp-block-heading\"><span class=\"ez-toc-section\" id=\"Especificaciones_de_flota_Capacidad_tecnica_para_la_zona_industrial\"><\/span>Especificaciones de flota: Capacidad t\u00e9cnica para la zona industrial<span class=\"ez-toc-section-end\"><\/span><\/h2>\n\n\n\n<p>La diversificaci\u00f3n de los equipos es el pilar que sostiene la eficiencia en las zonas francas y parques industriales de la regi\u00f3n. Al gestionar un <strong><a href=\"https:\/\/www.geconexion.com.co\/alquiler-de-camion-grua-bogota.html\">alquiler de cami\u00f3n gr\u00faa en Cota<\/a><\/strong>, el jefe de compras debe asegurar que la flota disponible incluya configuraciones de brazo hidr\u00e1ulico de largo alcance para maniobras en altura, as\u00ed como unidades compactas ideales para el movimiento de maquinaria pesada dentro de bodegas. Esta variedad permite que la productividad operativa se mantenga constante, seleccionando siempre el tonelaje exacto que requiere el proyecto para evitar sobrecostos log\u00edsticos y garantizar una respuesta t\u00e9cnica inmediata ante cualquier desaf\u00edo de construcci\u00f3n.<\/p>\n\n\n\n<figure class=\"wp-block-table\"><table class=\"has-fixed-layout\"><tbody><tr><td><strong>Tipo de Maquinaria<\/strong><\/td><td><strong>Rango de Tonelaje<\/strong><\/td><td><strong>Uso Sugerido en Obra<\/strong><\/td><\/tr><tr><td><strong>Gr\u00faas Livianas<\/strong><\/td><td>3 &#8211; 8 Toneladas<\/td><td>Movimiento de materiales y postes de baja altura<\/td><\/tr><tr><td><strong>Gr\u00faas de Mediano Alcance<\/strong><\/td><td>10 &#8211; 20 Toneladas<\/td><td>Instalaci\u00f3n de vigas y equipos de aire acondicionado<\/td><\/tr><tr><td><strong>Gr\u00faas de Gran Capacidad<\/strong><\/td><td>+25 Toneladas<\/td><td>Izaje de estructuras met\u00e1licas y maquinaria pesada<\/td><\/tr><tr><td><strong>Soporte T\u00e9cnico 24\/7<\/strong><\/td><td>N\/A<\/td><td>Disponibilidad de <strong>servicio 24\/7<\/strong> para emergencias<\/td><\/tr><\/tbody><\/table><\/figure>\n\n\n\n<h2 class=\"wp-block-heading\"><span class=\"ez-toc-section\" id=\"%C2%BFCuando_es_indispensable_el_alquiler_de_camion_grua_en_Cota\"><\/span>\u00bfCu\u00e1ndo es indispensable el alquiler de cami\u00f3n gr\u00faa en Cota?<span class=\"ez-toc-section-end\"><\/span><\/h2>\n\n\n\n<p>La productividad operativa en los corredores industriales de la Sabana depende de una capacidad de respuesta ante maniobras de alta complejidad que no admita la improvisaci\u00f3n. El <strong>alquiler de cami\u00f3n gr\u00faa en Cota<\/strong> se consolida como la soluci\u00f3n definitiva para empresas que exigen una ejecuci\u00f3n impecable y la protecci\u00f3n absoluta de la integridad de la infraestructura. Al delegar estas tareas cr\u00edticas en equipos con certificaci\u00f3n vigente, se garantiza el cumplimiento estricto de los cronogramas de obra m\u00e1s exigentes, eliminando cualquier margen para la mediocridad t\u00e9cnica en el terreno.<\/p>\n\n\n\n<h3 class=\"wp-block-heading\">Casos de uso donde el servicio es indispensable:<\/h3>\n\n\n\n<ul class=\"wp-block-list\">\n<li><strong>Montaje de estructuras met\u00e1licas<\/strong>: Instalaci\u00f3n t\u00e9cnica de vigas y p\u00f3rticos en parques industriales con precisi\u00f3n milim\u00e9trica.<br><\/li>\n\n\n\n<li><strong>Posicionamiento de maquinaria pesada<\/strong>: Ubicaci\u00f3n estrat\u00e9gica de equipos industriales en zonas francas bajo est\u00e1ndares de seguridad rigurosos.<br><\/li>\n\n\n\n<li><strong>Mantenimiento especializado de redes<\/strong>: Intervenci\u00f3n en infraestructuras el\u00e9ctricas de gran escala que requieren estabilidad y alcance certificados.<br><\/li>\n\n\n\n<li><strong>Gesti\u00f3n de cargas cr\u00edticas<\/strong>: Maniobras de izaje donde la precisi\u00f3n t\u00e9cnica es el \u00fanico factor que evita par\u00e1lisis operativas costosas.<\/li>\n<\/ul>\n\n\n\n<h2 class=\"wp-block-heading\"><span class=\"ez-toc-section\" id=\"Factores_determinantes_en_la_tarifa_del_alquiler_de_camion_grua_en_Cota\"><\/span>Factores determinantes en la tarifa del alquiler de cami\u00f3n gr\u00faa en Cota<span class=\"ez-toc-section-end\"><\/span><\/h2>\n\n\n\n<p>La disciplina financiera en la ingenier\u00eda exige una comprensi\u00f3n absoluta de las variables que configuran el costo de una operaci\u00f3n t\u00e9cnica. En el <strong><a href=\"https:\/\/www.geconexion.com.co\/alquiler-de-camion-grua-bogota.html\">alquiler de cami\u00f3n gr\u00faa en Cota<\/a><\/strong>, la ambig\u00fcedad en los presupuestos es el primer paso hacia el fracaso log\u00edstico; por ello, cada recurso invertido debe estar respaldado por la capacidad de carga y la eficiencia del equipo seleccionado. Solo mediante el control riguroso de estos factores es posible transformar un gasto operativo en una inversi\u00f3n estrat\u00e9gica que garantice la rentabilidad del proyecto sin comprometer la seguridad ni ceder ante la mediocridad de una mala planeaci\u00f3n.<\/p>\n\n\n\n<h3 class=\"wp-block-heading\">Variables cr\u00edticas que definen su inversi\u00f3n:<\/h3>\n\n\n\n<ul class=\"wp-block-list\">\n<li><strong>Capacidad de elevaci\u00f3n (Tonelaje):<\/strong> El peso neto de la carga determina la potencia requerida del equipo, ajustando la <strong>tarifa del servicio<\/strong> seg\u00fan la complejidad estructural del izaje solicitado.<br><\/li>\n\n\n\n<li><strong>Duraci\u00f3n de la jornada operativa:<\/strong> El tiempo es un recurso finito y valioso; el costo se calcula con base en horas m\u00ednimas o turnos completos para maximizar la <strong>productividad operativa<\/strong> en el terreno.<br><\/li>\n\n\n\n<li><strong>Log\u00edstica de desplazamiento:<\/strong> La ubicaci\u00f3n exacta dentro de los parques industriales de Cota influye en los costos de movilizaci\u00f3n de la maquinaria pesada desde la base operativa hasta el punto de izaje.<br><\/li>\n\n\n\n<li><strong>Accesorios y herramientas adicionales:<\/strong> El requerimiento de canastillas para personal, eslingas certificadas o brazos de largo alcance a\u00f1ade un valor t\u00e9cnico que se refleja en la precisi\u00f3n del presupuesto final.<br><\/li>\n\n\n\n<li><strong>Grado de riesgo de la maniobra:<\/strong> La complejidad del entorno, como la cercan\u00eda a redes el\u00e9ctricas o espacios confinados, exige protocolos de seguridad reforzados que validan la integridad de la ejecuci\u00f3n.<\/li>\n<\/ul>\n\n\n\n<h2 class=\"wp-block-heading\"><span class=\"ez-toc-section\" id=\"Certificaciones_y_normativa_tecnica_en_Cota\"><\/span>Certificaciones y normativa t\u00e9cnica en Cota<span class=\"ez-toc-section-end\"><\/span><\/h2>\n\n\n\n<p>La integridad en una maniobra de izaje no es negociable; cualquier desviaci\u00f3n de la norma es una invitaci\u00f3n al desastre operativo que su proyecto no puede permitirse. Al contratar un alquiler de cami\u00f3n gr\u00faa en Cota, la validaci\u00f3n de la <strong><a href=\"https:\/\/share.google\/N7GZ4cnOz8hlJokAV\" target=\"_blank\" rel=\"noopener\">Resoluci\u00f3n 4272 de 2021<\/a><\/strong> y la norma <strong>ASME B30.5<\/strong> emitida por la ONAC representan la \u00fanica garant\u00eda jur\u00eddica y t\u00e9cnica que protege su inversi\u00f3n frente a los riesgos industriales. Este compromiso con la excelencia exige el respaldo de p\u00f3lizas de responsabilidad civil extracontractual para blindar cada operaci\u00f3n ante cualquier incidente t\u00e9cnico, asegurando que la disciplina operativa prevalezca siempre sobre la mediocridad.<\/p>\n\n\n\n<p>La ejecuci\u00f3n en el terreno demanda que cada operario porte su certificado de competencia laboral vigente y la planilla de seguridad social (ARL) al d\u00eda para garantizar un acceso sin fricciones a las zonas industriales. En cada servicio de <strong>alquiler de cami\u00f3n gr\u00faa en Cota<\/strong>, es imprescindible implementar un Plan de izaje detallado que especifique radios de giro y controles de riesgo espec\u00edficos, eliminando cualquier margen de error t\u00e9cnico. El uso obligatorio de EPP certificados y la delimitaci\u00f3n estricta del \u00e1rea cr\u00edtica consolidan un entorno laboral seguro, donde la precisi\u00f3n y la integridad de la infraestructura son las \u00fanicas prioridades aceptables para una estrategia de contenido de alto nivel.<\/p>\n\n\n\n<h2 class=\"wp-block-heading\"><span class=\"ez-toc-section\" id=\"Proceso_de_contratacion_y_requisitos_Estructura_para_una_gestion_impecable\"><\/span>Proceso de contrataci\u00f3n y requisitos: Estructura para una gesti\u00f3n impecable<span class=\"ez-toc-section-end\"><\/span><\/h2>\n\n\n\n<p>La agilidad en el <strong>alquiler de cami\u00f3n gr\u00faa en Cota<\/strong> demanda una gesti\u00f3n administrativa eficiente que elimine la burocracia para cumplir con cronogramas de ingenier\u00eda de alto nivel. El cumplimiento riguroso de requisitos y p\u00f3lizas es indispensable como blindaje t\u00e9cnico, garantizando una productividad operativa inmediata y seguridad jur\u00eddica total en el terreno sin tolerar la mediocridad.<\/p>\n\n\n\n<h3 class=\"wp-block-heading\">Pasos definitivos para asegurar su equipo:<\/h3>\n\n\n\n<ul class=\"wp-block-list\">\n<li><strong>Solicitud de diagn\u00f3stico:<\/strong> Definici\u00f3n t\u00e9cnica del peso, radio y terreno para asignar el cami\u00f3n gr\u00faa exacto.<\/li>\n\n\n\n<li><strong>Validaci\u00f3n de documentos:<\/strong> Presentaci\u00f3n de RUT, C\u00e1mara de Comercio y certificaciones de los equipos para el visto bueno administrativo.<\/li>\n\n\n\n<li><strong>Firma de orden de servicio:<\/strong> Formalizaci\u00f3n del compromiso comercial donde se estipulan tiempos, alcances y condiciones de pago.<\/li>\n\n\n\n<li><strong>Coordinaci\u00f3n log\u00edstica:<\/strong> Programaci\u00f3n del ingreso a la zona industrial de Cota con los documentos de seguridad social del operador al d\u00eda.<\/li>\n\n\n\n<li><strong>Despliegue y ejecuci\u00f3n:<\/strong> Traslado del equipo al punto de izaje para iniciar la maniobra bajo supervisi\u00f3n t\u00e9cnica constante.<\/li>\n<\/ul>\n\n\n\n<hr class=\"wp-block-separator has-alpha-channel-opacity\"\/>\n\n\n\n<p>Evite retrasos innecesarios en su proyecto. Obtenga la capacidad de carga exacta que necesita con disponibilidad inmediata en la zona industrial de Cota.<\/p>\n\n\n\n<div class=\"wp-block-buttons has-white-background-color has-background is-layout-flex wp-block-buttons-is-layout-flex\">\n<div class=\"wp-block-button\"><a class=\"wp-block-button__link has-white-color has-vivid-green-cyan-background-color has-text-color has-background has-link-color wp-element-button\" href=\"https:\/\/api.whatsapp.com\/send\/?phone=573103093137&amp;text=Hola+&amp;type=phone_number&amp;app_absent=0\" style=\"border-top-left-radius:50px;border-top-right-radius:50px;border-bottom-left-radius:50px;border-bottom-right-radius:50px\" target=\"_blank\" rel=\"noopener\"><strong>Solicitar Servicio<\/strong><\/a><\/div>\n<\/div>\n\n\n\n<hr class=\"wp-block-separator has-alpha-channel-opacity\"\/>\n\n\n\n<style>\n  .faq-seo-container {\n    max-width: 800px;\n    margin: 2rem auto;\n    font-family: system-ui, -apple-system, \"Segoe UI\", Roboto, Helvetica, Arial, sans-serif;\n    color: #1e293b;\n    box-sizing: border-box;\n  }\n  \n  .faq-seo-container * {\n    box-sizing: border-box;\n  }\n\n  .faq-seo-container h2 {\n    font-size: 1.75rem;\n    font-weight: 800;\n    text-align: center;\n    margin-bottom: 2rem;\n    color: #0f172a;\n    line-height: 1.3;\n  }\n\n  .faq-seo-container details {\n    background-color: #ffffff;\n    border: 1px solid #e2e8f0;\n    border-radius: 12px;\n    margin-bottom: 1rem;\n    box-shadow: 0 2px 5px rgba(0, 0, 0, 0.04);\n    transition: box-shadow 0.3s ease, transform 0.3s ease;\n    overflow: hidden;\n  }\n\n  .faq-seo-container details:hover {\n    box-shadow: 0 8px 16px rgba(0, 0, 0, 0.08);\n    transform: translateY(-2px);\n  }\n\n  .faq-seo-container summary {\n    display: flex;\n    justify-content: space-between;\n    align-items: center;\n    padding: 1.25rem 1.5rem;\n    font-weight: 700;\n    font-size: 1.4rem;\n    color: #0f172a;\n    background-color: #f8fafc;\n    cursor: pointer;\n    list-style: none;\n    transition: background-color 0.2s ease;\n  }\n\n  .faq-seo-container summary::-webkit-details-marker {\n    display: none;\n  }\n\n  .faq-seo-container details[open] summary {\n    background-color: #ffffff;\n    border-bottom: 1px solid #f1f5f9;\n  }\n\n  .faq-seo-container summary::after {\n    content: \"+\";\n    font-size: 1.5rem;\n    font-weight: 400;\n    color: #2563eb;\n    margin-left: 1rem;\n    transition: transform 0.3s ease;\n    line-height: 1;\n  }\n\n  .faq-seo-container details[open] summary::after {\n    content: \"\\2212\";\n    transform: rotate(180deg);\n  }\n\n  .faq-seo-container .faq-content {\n    padding: 1.5rem;\n    margin: 0;\n    font-size: 1rem;\n    line-height: 1.7;\n    color: #475569;\n    background-color: #ffffff;\n  }\n<\/style>\n\n<div class=\"faq-seo-container\">\n  <h2><span class=\"ez-toc-section\" id=\"Preguntas_Frecuentes_sobre_Alquiler_de_camion_grua_en_Cota\"><\/span>Preguntas Frecuentes sobre Alquiler de cami\u00f3n gr\u00faa en Cota<span class=\"ez-toc-section-end\"><\/span><\/h2>\n\n  <details>\n    <summary>1. \u00bfCu\u00e1nto cuesta el alquiler de un cami\u00f3n gr\u00faa en Cota por hora o jornada?<\/summary>\n    <p class=\"faq-content\">El precio del alquiler de un cami\u00f3n gr\u00faa en Cota depende de la capacidad de carga (tonelaje), el alcance de la pluma y el tiempo de servicio. Ofrecemos tarifas competitivas por horas, media jornada o jornada completa, ajust\u00e1ndonos a los requerimientos de tu obra o traslado industrial. Cont\u00e1ctanos para una cotizaci\u00f3n precisa sin compromisos.<\/p>\n  <\/details>\n\n  <details>\n    <summary>2. \u00bfQu\u00e9 tipo de maniobras y trabajos realizan sus camiones gr\u00faa en Cota?<\/summary>\n    <p class=\"faq-content\">Nuestros equipos con brazo hidr\u00e1ulico articulado son ideales para el izaje de materiales de construcci\u00f3n, montaje de estructuras met\u00e1licas, traslado de maquinaria industrial, reubicaci\u00f3n de postes y cargue o descargue de mercanc\u00eda pesada. Operamos con alta precisi\u00f3n en espacios reducidos y bodegas del sector industrial de Cota.<\/p>\n  <\/details>\n\n  <details>\n    <summary>3. \u00bfEl servicio de alquiler incluye un operador certificado para el manejo de la gr\u00faa?<\/summary>\n    <p class=\"faq-content\">S\u00ed, estrictamente. Todos nuestros servicios de alquiler de cami\u00f3n gr\u00faa en Cota se despachan con un operador profesional, debidamente capacitado y con certificaci\u00f3n ONAC vigente en izaje de cargas. Esto asegura que cada maniobra se ejecute cumpliendo las normativas del Sistema de Gesti\u00f3n de Seguridad y Salud en el Trabajo (SG-SST).<\/p>\n  <\/details>\n\n  <details>\n    <summary>4. \u00bfCu\u00e1les son las capacidades de carga de las gr\u00faas disponibles para alquiler?<\/summary>\n    <p class=\"faq-content\">Contamos con una flota robusta y vers\u00e1til con capacidades que van desde las 3 hasta las 15 toneladas a pie de cami\u00f3n. Adem\u00e1s, nuestros brazos articulados ofrecen diversos alcances horizontales y verticales. Nuestro equipo t\u00e9cnico eval\u00faa el peso, volumen y radio de operaci\u00f3n de tu carga para asignar el equipo ideal.<\/p>\n  <\/details>\n\n  <details>\n    <summary>5. \u00bfQu\u00e9 permisos se requieren para posicionar una gr\u00faa en el espacio p\u00fablico de Cota?<\/summary>\n    <p class=\"faq-content\">Si el izaje requiere ocupar v\u00edas o andenes peatonales, es de car\u00e1cter obligatorio tramitar un Plan de Manejo de Tr\u00e1fico (PMT) ante la Secretar\u00eda de Transporte y Movilidad de Cota. Nosotros brindamos asesor\u00eda y acompa\u00f1amiento para que tu proyecto cumpla con este requisito legal, garantizando una operaci\u00f3n segura y libre de sanciones.<\/p>\n  <\/details>\n\n  <details>\n    <summary>6. \u00bfPrestan servicios de izaje o atenci\u00f3n de emergencias los fines de semana en Cota?<\/summary>\n    <p class=\"faq-content\">Comprendemos que las operaciones log\u00edsticas y de construcci\u00f3n no siempre se detienen. Por ello, prestamos servicios de alquiler de cami\u00f3n gr\u00faa y maniobras de izaje durante fines de semana, d\u00edas festivos o en horarios nocturnos dentro del municipio de Cota, siempre sujetos a programaci\u00f3n previa y disponibilidad de nuestra flota.<\/p>\n  <\/details>\n<\/div>\n\n<script type=\"application\/ld+json\">\n{\n  \"@context\": \"https:\/\/schema.org\",\n  \"@type\": \"FAQPage\",\n  \"mainEntity\": [\n    {\n      \"@type\": \"Question\",\n      \"name\": \"1. \u00bfCu\u00e1nto cuesta el alquiler de un cami\u00f3n gr\u00faa en Cota por hora o jornada?\",\n      \"acceptedAnswer\": {\n        \"@type\": \"Answer\",\n        \"text\": \"<p class=\\\"faq-content\\\">El precio del alquiler de un cami\u00f3n gr\u00faa en Cota depende de la capacidad de carga (tonelaje), el alcance de la pluma y el tiempo de servicio. Ofrecemos tarifas competitivas por horas, media jornada o jornada completa, ajust\u00e1ndonos a los requerimientos de tu obra o traslado industrial. Cont\u00e1ctanos para una cotizaci\u00f3n precisa sin compromisos.<\/p>\"\n      }\n    },\n    {\n      \"@type\": \"Question\",\n      \"name\": \"2. \u00bfQu\u00e9 tipo de maniobras y trabajos realizan sus camiones gr\u00faa en Cota?\",\n      \"acceptedAnswer\": {\n        \"@type\": \"Answer\",\n        \"text\": \"<p class=\\\"faq-content\\\">Nuestros equipos con brazo hidr\u00e1ulico articulado son ideales para el izaje de materiales de construcci\u00f3n, montaje de estructuras met\u00e1licas, traslado de maquinaria industrial, reubicaci\u00f3n de postes y cargue o descargue de mercanc\u00eda pesada. Operamos con alta precisi\u00f3n en espacios reducidos y bodegas del sector industrial de Cota.<\/p>\"\n      }\n    },\n    {\n      \"@type\": \"Question\",\n      \"name\": \"3. \u00bfEl servicio de alquiler incluye un operador certificado para el manejo de la gr\u00faa?\",\n      \"acceptedAnswer\": {\n        \"@type\": \"Answer\",\n        \"text\": \"<p class=\\\"faq-content\\\">S\u00ed, estrictamente. Todos nuestros servicios de alquiler de cami\u00f3n gr\u00faa en Cota se despachan con un operador profesional, debidamente capacitado y con certificaci\u00f3n ONAC vigente en izaje de cargas. Esto asegura que cada maniobra se ejecute cumpliendo las normativas del Sistema de Gesti\u00f3n de Seguridad y Salud en el Trabajo (SG-SST).<\/p>\"\n      }\n    },\n    {\n      \"@type\": \"Question\",\n      \"name\": \"4. \u00bfCu\u00e1les son las capacidades de carga de las gr\u00faas disponibles para alquiler?\",\n      \"acceptedAnswer\": {\n        \"@type\": \"Answer\",\n        \"text\": \"<p class=\\\"faq-content\\\">Contamos con una flota robusta y vers\u00e1til con capacidades que van desde las 3 hasta las 15 toneladas a pie de cami\u00f3n. Adem\u00e1s, nuestros brazos articulados ofrecen diversos alcances horizontales y verticales. Nuestro equipo t\u00e9cnico eval\u00faa el peso, volumen y radio de operaci\u00f3n de tu carga para asignar el equipo ideal.<\/p>\"\n      }\n    },\n    {\n      \"@type\": \"Question\",\n      \"name\": \"5. \u00bfQu\u00e9 permisos se requieren para posicionar una gr\u00faa en el espacio p\u00fablico de Cota?\",\n      \"acceptedAnswer\": {\n        \"@type\": \"Answer\",\n        \"text\": \"<p class=\\\"faq-content\\\">Si el izaje requiere ocupar v\u00edas o andenes peatonales, es de car\u00e1cter obligatorio tramitar un Plan de Manejo de Tr\u00e1fico (PMT) ante la Secretar\u00eda de Transporte y Movilidad de Cota. Nosotros brindamos asesor\u00eda y acompa\u00f1amiento para que tu proyecto cumpla con este requisito legal, garantizando una operaci\u00f3n segura y libre de sanciones.<\/p>\"\n      }\n    },\n    {\n      \"@type\": \"Question\",\n      \"name\": \"6. \u00bfPrestan servicios de izaje o atenci\u00f3n de emergencias los fines de semana en Cota?\",\n      \"acceptedAnswer\": {\n        \"@type\": \"Answer\",\n        \"text\": \"<p class=\\\"faq-content\\\">Comprendemos que las operaciones log\u00edsticas y de construcci\u00f3n no siempre se detienen. Por ello, prestamos servicios de alquiler de cami\u00f3n gr\u00faa y maniobras de izaje durante fines de semana, d\u00edas festivos o en horarios nocturnos dentro del municipio de Cota, siempre sujetos a programaci\u00f3n previa y disponibilidad de nuestra flota.<\/p>\"\n      }\n    }\n  ]\n}\n<\/script>\n\n\n\n<hr class=\"wp-block-separator has-alpha-channel-opacity\"\/>\n\n\n\n<iframe src=\"https:\/\/www.google.com\/maps\/embed?pb=!1m18!1m12!1m3!1d15903.07196984492!2d-74.11322431759197!3d4.809853304933013!2m3!1f0!2f0!3f0!3m2!1i1024!2i768!4f13.1!3m3!1m2!1s0x8e3f86e804531fdd%3A0x38359f1d01fd914a!2sCota%2C%20Cundinamarca!5e0!3m2!1ses-419!2sco!4v1772124188753!5m2!1ses-419!2sco\" width=\"600\" height=\"450\" style=\"border:0;\" allowfullscreen=\"\" loading=\"lazy\" referrerpolicy=\"no-referrer-when-downgrade\"><\/iframe>\n\n\n\n<hr class=\"wp-block-separator has-alpha-channel-opacity\"\/>\n\n\n\n<style>\n  .directorio-alturas-cota {\n    display: grid;\n    grid-template-columns: 1fr;\n    gap: 24px;\n    font-family: system-ui, -apple-system, \"Segoe UI\", Roboto, Helvetica, Arial, sans-serif;\n    margin: 2rem 0;\n    box-sizing: border-box;\n  }\n  \n  @media (min-width: 768px) {\n    .directorio-alturas-cota {\n      grid-template-columns: repeat(2, 1fr);\n    }\n  }\n  \n  @media (min-width: 1024px) {\n    .directorio-alturas-cota {\n      grid-template-columns: repeat(3, 1fr);\n    }\n  }\n\n  .directorio-alturas-cota * {\n    box-sizing: border-box;\n  }\n\n  .directorio-alturas-cota .tarjeta {\n    background-color: #ffffff;\n    border-radius: 12px;\n    box-shadow: 0 4px 6px rgba(0, 0, 0, 0.05), 0 1px 3px rgba(0, 0, 0, 0.1);\n    overflow: hidden;\n    transition: transform 0.3s ease, box-shadow 0.3s ease;\n    display: flex;\n    flex-direction: column;\n    border: 1px solid #f0f0f0;\n  }\n\n  .directorio-alturas-cota .tarjeta:hover {\n    transform: translateY(-8px);\n    box-shadow: 0 12px 24px rgba(0, 0, 0, 0.12), 0 4px 8px rgba(0, 0, 0, 0.08);\n  }\n\n  .directorio-alturas-cota .directorio-card-img-wrapper {\n    background-color: #f8f9fa;\n    height: 200px;\n    display: flex;\n    align-items: center;\n    justify-content: center;\n    border-bottom: 1px solid #eaeaea;\n  }\n\n  .directorio-alturas-cota .directorio-card-img-wrapper img {\n    width: 100px;\n    height: 100px;\n    object-fit: contain;\n  }\n\n  .directorio-alturas-cota .tarjeta-content {\n    padding: 24px;\n    display: flex;\n    flex-direction: column;\n    flex-grow: 1;\n  }\n\n  .directorio-alturas-cota h3 {\n    margin: 0 0 12px 0;\n    font-size: 1.25rem;\n    color: #1e293b;\n    line-height: 1.3;\n    font-weight: 700;\n  }\n\n  .directorio-alturas-cota p {\n    font-size: 0.95rem;\n    color: #475569;\n    margin: 0 0 24px 0;\n    line-height: 1.6;\n    flex-grow: 1;\n  }\n\n  .directorio-alturas-cota .btn-container {\n    display: flex;\n    flex-direction: column;\n    gap: 12px;\n  }\n\n  .directorio-alturas-cota .btn-urgencia {\n    background-color: #dc2626;\n    color: #ffffff;\n    text-align: center;\n    padding: 12px 16px;\n    border-radius: 8px;\n    text-decoration: none;\n    font-weight: 600;\n    transition: background-color 0.2s;\n    font-size: 0.95rem;\n  }\n\n  .directorio-alturas-cota .btn-urgencia:hover {\n    background-color: #b91c1c;\n    color: #ffffff;\n  }\n\n  .directorio-alturas-cota .btn-secundario {\n    background-color: #f1f5f9;\n    color: #334155;\n    text-align: center;\n    padding: 12px 16px;\n    border-radius: 8px;\n    text-decoration: none;\n    font-weight: 600;\n    transition: all 0.2s;\n    border: 1px solid #cbd5e1;\n    font-size: 0.95rem;\n  }\n\n  .directorio-alturas-cota .btn-secundario:hover {\n    background-color: #e2e8f0;\n    color: #0f172a;\n    border-color: #94a3b8;\n  }\n<\/style>\n\n<h2><span class=\"ez-toc-section\" id=\"Directorio_Critico_de_Emergencias_y_Permisos_para_Trabajos_en_Alturas_en_Cota\"><\/span>Directorio Cr\u00edtico de Emergencias y Permisos para Trabajos en Alturas en Cota<span class=\"ez-toc-section-end\"><\/span><\/h2>\n\n<div class=\"directorio-alturas-cota\">\n  \n  <article class=\"tarjeta\">\n    <div class=\"directorio-card-img-wrapper\">\n      <img decoding=\"async\" src=\"data:image\/svg+xml,%3Csvg xmlns='http:\/\/www.w3.org\/2000\/svg' viewBox='0 0 24 24' fill='%231e293b'%3E%3Cpath d='M18.92 5.01C18.72 4.42 18.16 4 17.5 4h-11c-.66 0-1.21.42-1.42 1.01L3 11v8c0 .55.45 1 1 1h1c.55 0 1-.45 1-1v-1h12v1c0 .55.45 1 1 1h1c.55 0 1-.45 1-1v-8l-2.08-5.99zM6.5 15c-.83 0-1.5-.67-1.5-1.5S5.67 12 6.5 12s1.5.67 1.5 1.5S7.33 15 6.5 15zm11 0c-.83 0-1.5-.67-1.5-1.5s.67-1.5 1.5-1.5 1.5.67 1.5 1.5-.67 1.5-1.5 1.5zM5 10l1.5-4.5h11L19 10H5z'\/%3E%3C\/svg%3E\" alt=\"Icono Movilidad\">\n    <\/div>\n    <div class=\"tarjeta-content\">\n      <h3>Secretar\u00eda de Tr\u00e1nsito y Movilidad de Cota<\/h3>\n      <p>Autoridad competente para la evaluaci\u00f3n y aprobaci\u00f3n t\u00e9cnica de los Planes de Manejo de Tr\u00e1fico (PMT), requisito legal ineludible para el posicionamiento seguro de gr\u00faas y la delimitaci\u00f3n de zonas de ca\u00edda de objetos en v\u00eda p\u00fablica.<\/p>\n      <div class=\"btn-container\">\n        <a href=\"tel:+576018776655\" class=\"btn-urgencia\">L\u00ednea de Atenci\u00f3n: (601) 877 6655<\/a>\n        <a href=\"https:\/\/www.cota-cundinamarca.gov.co\/\" target=\"_blank\" rel=\"noopener noreferrer\" class=\"btn-secundario\">Tr\u00e1mites PMT<\/a>\n      <\/div>\n    <\/div>\n  <\/article>\n\n  <article class=\"tarjeta\">\n    <div class=\"directorio-card-img-wrapper\">\n      <img decoding=\"async\" src=\"data:image\/svg+xml,%3Csvg xmlns='http:\/\/www.w3.org\/2000\/svg' viewBox='0 0 24 24' fill='%231e293b'%3E%3Cpath d='M12 2L2 12h3v8h14v-8h3L12 2zm0 2.8L18.2 12H17v6h-4v-4h-2v4H7v-6H5.8L12 4.8z'\/%3E%3C\/svg%3E\" alt=\"Icono Alcald\u00eda Municipal\">\n    <\/div>\n    <div class=\"tarjeta-content\">\n      <h3>Alcald\u00eda Municipal de Cota<\/h3>\n      <p>Entidad gubernamental rectora indispensable para la radicaci\u00f3n de solicitudes de ocupaci\u00f3n de espacio p\u00fablico y licencias de intervenci\u00f3n, esenciales durante operaciones con andamios multidireccionales y equipos de elevaci\u00f3n.<\/p>\n      <div class=\"btn-container\">\n        <a href=\"tel:+576018776655\" class=\"btn-urgencia\">PBX Alcald\u00eda: (601) 877 6655<\/a>\n        <a href=\"https:\/\/www.cota-cundinamarca.gov.co\/\" target=\"_blank\" rel=\"noopener noreferrer\" class=\"btn-secundario\">Portal Web Oficial<\/a>\n      <\/div>\n    <\/div>\n  <\/article>\n\n  <article class=\"tarjeta\">\n    <div class=\"directorio-card-img-wrapper\">\n      <img decoding=\"async\" src=\"data:image\/svg+xml,%3Csvg xmlns='http:\/\/www.w3.org\/2000\/svg' viewBox='0 0 24 24' fill='%23dc2626'%3E%3Cpath d='M19.48 13.03c-.02-2.34-1.12-4.52-3-5.91-.25-.19-.62-.11-.75.18-.5 1.15-1.42 2.06-2.58 2.53-.19.08-.41-.03-.46-.22-.16-1.13-.53-2.15-1.1-3.03-.79-1.2-1.92-2.16-3.23-2.69-.21-.08-.44.02-.5.23-.27.91-.32 1.86-.15 2.78.17.9.52 1.76 1.03 2.53.13.19.1.45-.07.6-.74.67-1.32 1.5-1.7 2.42-.42 1.04-.55 2.19-.38 3.32.17 1.13.62 2.19 1.3 3.06 1.14 1.48 2.87 2.4 4.74 2.56 1.88.16 3.76-.46 5.23-1.68 1.48-1.22 2.41-2.96 2.56-4.83.01-.13.01-.26.01-.39zM12 21c-3.31 0-6-2.69-6-6 0-1.68.73-3.18 1.88-4.22.42-.38 1.05-.33 1.41.11.37.44.3 1.09-.15 1.46-.8.67-1.31 1.63-1.31 2.65 0 1.93 1.57 3.5 3.5 3.5s3.5-1.57 3.5-3.5c0-.85-.31-1.63-.82-2.24-.34-.41-.29-1.04.12-1.39.41-.35 1.03-.3 1.38.11C16.31 12.83 17 14.04 17 15c0 3.31-2.69 6-6 6z'\/%3E%3C\/svg%3E\" alt=\"Icono Bomberos\">\n    <\/div>\n    <div class=\"tarjeta-content\">\n      <h3>Cuerpo de Bomberos Voluntarios de Cota<\/h3>\n      <p>Unidad de primera respuesta t\u00e1ctica para operaciones de rescate en alturas y rescate industrial. Eslab\u00f3n cr\u00edtico en el protocolo MEDEVAC para la atenci\u00f3n oportuna del s\u00edndrome de arn\u00e9s y trauma por suspensi\u00f3n.<\/p>\n      <div class=\"btn-container\">\n        <a href=\"tel:119\" class=\"btn-urgencia\">Emergencias: 119<\/a>\n        <a href=\"https:\/\/www.facebook.com\/BomberosCotaOficial\/\" target=\"_blank\" rel=\"noopener noreferrer\" class=\"btn-secundario\">Contacto Oficial<\/a>\n      <\/div>\n    <\/div>\n  <\/article>\n\n  <article class=\"tarjeta\">\n    <div class=\"directorio-card-img-wrapper\">\n      <img decoding=\"async\" src=\"data:image\/svg+xml,%3Csvg xmlns='http:\/\/www.w3.org\/2000\/svg' viewBox='0 0 24 24' fill='%23ea580c'%3E%3Cpath d='M12 1L3 5v6c0 5.55 3.84 10.74 9 12 5.16-1.26 9-6.45 9-12V5l-9-4zm-1 5h2v4h-2V6zm1 8c-.55 0-1-.45-1-1s.45-1 1-1 1 .45 1 1-.45 1-1 1z'\/%3E%3C\/svg%3E\" alt=\"Icono Gesti\u00f3n del Riesgo\">\n    <\/div>\n    <div class=\"tarjeta-content\">\n      <h3>Oficina de Gesti\u00f3n del Riesgo de Desastres<\/h3>\n      <p>Dependencia estrat\u00e9gica encargada de coordinar las acciones de mitigaci\u00f3n y respuesta ante contingencias mayores, colapsos estructurales o incidentes graves derivados de maniobras industriales de alto riesgo.<\/p>\n      <div class=\"btn-container\">\n        <a href=\"tel:+576018776655\" class=\"btn-urgencia\">Reportar Emergencia Mayor<\/a>\n        <a href=\"https:\/\/www.cota-cundinamarca.gov.co\/\" target=\"_blank\" rel=\"noopener noreferrer\" class=\"btn-secundario\">Gesti\u00f3n del Riesgo<\/a>\n      <\/div>\n    <\/div>\n  <\/article>\n\n  <article class=\"tarjeta\">\n    <div class=\"directorio-card-img-wrapper\">\n      <img decoding=\"async\" src=\"data:image\/svg+xml,%3Csvg xmlns='http:\/\/www.w3.org\/2000\/svg' viewBox='0 0 24 24' fill='%23166534'%3E%3Cpath d='M12 1L3 5v6c0 5.55 3.84 10.74 9 12 5.16-1.26 9-6.45 9-12V5l-9-4zm0 10.99h7c-.53 4.12-3.28 7.79-7 8.94V12H5V6.3l7-3.11v8.8z'\/%3E%3C\/svg%3E\" alt=\"Icono Polic\u00eda\">\n    <\/div>\n    <div class=\"tarjeta-content\">\n      <h3>Estaci\u00f3n de Polic\u00eda de Cota<\/h3>\n      <p>Fuerza p\u00fablica necesaria para garantizar el acordonamiento perimetral estricto, control de multitudes y apoyo log\u00edstico en desv\u00edos viales forzosos durante accidentes de trabajo severos en espacio p\u00fablico.<\/p>\n      <div class=\"btn-container\">\n        <a href=\"tel:112\" class=\"btn-urgencia\">L\u00ednea de Mando: 112<\/a>\n        <a href=\"https:\/\/www.policia.gov.co\/\" target=\"_blank\" rel=\"noopener noreferrer\" class=\"btn-secundario\">Polic\u00eda Nacional<\/a>\n      <\/div>\n    <\/div>\n  <\/article>\n\n  <article class=\"tarjeta\">\n    <div class=\"directorio-card-img-wrapper\">\n      <img decoding=\"async\" src=\"data:image\/svg+xml,%3Csvg xmlns='http:\/\/www.w3.org\/2000\/svg' viewBox='0 0 24 24' fill='%232563eb'%3E%3Cpath d='M19 3H5c-1.1 0-1.99.9-1.99 2L3 19c0 1.1.9 2 2 2h14c1.1 0 2-.9 2-2V5c0-1.1-.9-2-2-2zm-2 10h-4v4h-2v-4H7v-2h4V7h2v4h4v2z'\/%3E%3C\/svg%3E\" alt=\"Icono Hospital\">\n    <\/div>\n    <div class=\"tarjeta-content\">\n      <h3>E.S.E. Hospital de Cota<\/h3>\n      <p>Instituci\u00f3n prestadora de servicios de salud (IPS) de referencia primaria para la estabilizaci\u00f3n hemodin\u00e1mica inmediata y soporte m\u00e9dico de urgencia tras incidentes traum\u00e1ticos de ca\u00edda a distinto nivel.<\/p>\n      <div class=\"btn-container\">\n        <a href=\"tel:+576018776046\" class=\"btn-urgencia\">Urgencias: (601) 877 6046<\/a>\n        <a href=\"https:\/\/share.google\/oQBfyc0hXRXi7xrOQ\" target=\"_blank\" rel=\"noopener noreferrer\" class=\"btn-secundario\">Atenci\u00f3n M\u00e9dica<\/a>\n      <\/div>\n    <\/div>\n  <\/article>\n\n<\/div>\n\n<script type=\"application\/ld+json\">\n{\n  \"@context\": \"https:\/\/schema.org\",\n  \"@graph\": [\n    {\n      \"@type\": \"GovernmentOrganization\",\n      \"name\": \"Secretar\u00eda de Tr\u00e1nsito y Movilidad de Cota\",\n      \"description\": \"Autoridad competente para la evaluaci\u00f3n y aprobaci\u00f3n t\u00e9cnica de los Planes de Manejo de Tr\u00e1fico (PMT), requisito legal ineludible para el posicionamiento seguro de gr\u00faas y la delimitaci\u00f3n de zonas de ca\u00edda de objetos en v\u00eda p\u00fablica.\",\n      \"url\": \"https:\/\/www.cota-cundinamarca.gov.co\/\",\n      \"telephone\": \"+576018776655\",\n      \"image\": \"data:image\/svg+xml,%3Csvg xmlns='http:\/\/www.w3.org\/2000\/svg' viewBox='0 0 24 24' fill='%231e293b'%3E%3Cpath d='M18.92 5.01C18.72 4.42 18.16 4 17.5 4h-11c-.66 0-1.21.42-1.42 1.01L3 11v8c0 .55.45 1 1 1h1c.55 0 1-.45 1-1v-1h12v1c0 .55.45 1 1 1h1c.55 0 1-.45 1-1v-8l-2.08-5.99zM6.5 15c-.83 0-1.5-.67-1.5-1.5S5.67 12 6.5 12s1.5.67 1.5 1.5S7.33 15 6.5 15zm11 0c-.83 0-1.5-.67-1.5-1.5s.67-1.5 1.5-1.5 1.5.67 1.5 1.5-.67 1.5-1.5 1.5zM5 10l1.5-4.5h11L19 10H5z'\/%3E%3C\/svg%3E\",\n      \"address\": {\n        \"@type\": \"PostalAddress\",\n        \"addressLocality\": \"Cota\",\n        \"addressRegion\": \"Cundinamarca\",\n        \"postalCode\": \"250017\",\n        \"addressCountry\": \"CO\"\n      }\n    },\n    {\n      \"@type\": \"GovernmentOrganization\",\n      \"name\": \"Alcald\u00eda Municipal de Cota\",\n      \"description\": \"Entidad gubernamental rectora indispensable para la radicaci\u00f3n de solicitudes de ocupaci\u00f3n de espacio p\u00fablico y licencias de intervenci\u00f3n, esenciales durante operaciones con andamios multidireccionales y equipos de elevaci\u00f3n.\",\n      \"url\": \"https:\/\/www.cota-cundinamarca.gov.co\/\",\n      \"telephone\": \"+576018776655\",\n      \"image\": \"data:image\/svg+xml,%3Csvg xmlns='http:\/\/www.w3.org\/2000\/svg' viewBox='0 0 24 24' fill='%231e293b'%3E%3Cpath d='M12 2L2 12h3v8h14v-8h3L12 2zm0 2.8L18.2 12H17v6h-4v-4h-2v4H7v-6H5.8L12 4.8z'\/%3E%3C\/svg%3E\",\n      \"address\": {\n        \"@type\": \"PostalAddress\",\n        \"addressLocality\": \"Cota\",\n        \"addressRegion\": \"Cundinamarca\",\n        \"postalCode\": \"250017\",\n        \"addressCountry\": \"CO\"\n      }\n    },\n    {\n      \"@type\": \"FireStation\",\n      \"name\": \"Cuerpo de Bomberos Voluntarios de Cota\",\n      \"description\": \"Unidad de primera respuesta t\u00e1ctica para operaciones de rescate en alturas y rescate industrial. Eslab\u00f3n cr\u00edtico en el protocolo MEDEVAC para la atenci\u00f3n oportuna del s\u00edndrome de arn\u00e9s y trauma por suspensi\u00f3n.\",\n      \"url\": \"https:\/\/www.facebook.com\/BomberosCotaOficial\/\",\n      \"telephone\": \"+57119\",\n      \"image\": \"data:image\/svg+xml,%3Csvg xmlns='http:\/\/www.w3.org\/2000\/svg' viewBox='0 0 24 24' fill='%23dc2626'%3E%3Cpath d='M19.48 13.03c-.02-2.34-1.12-4.52-3-5.91-.25-.19-.62-.11-.75.18-.5 1.15-1.42 2.06-2.58 2.53-.19.08-.41-.03-.46-.22-.16-1.13-.53-2.15-1.1-3.03-.79-1.2-1.92-2.16-3.23-2.69-.21-.08-.44.02-.5.23-.27.91-.32 1.86-.15 2.78.17.9.52 1.76 1.03 2.53.13.19.1.45-.07.6-.74.67-1.32 1.5-1.7 2.42-.42 1.04-.55 2.19-.38 3.32.17 1.13.62 2.19 1.3 3.06 1.14 1.48 2.87 2.4 4.74 2.56 1.88.16 3.76-.46 5.23-1.68 1.48-1.22 2.41-2.96 2.56-4.83.01-.13.01-.26.01-.39zM12 21c-3.31 0-6-2.69-6-6 0-1.68.73-3.18 1.88-4.22.42-.38 1.05-.33 1.41.11.37.44.3 1.09-.15 1.46-.8.67-1.31 1.63-1.31 2.65 0 1.93 1.57 3.5 3.5 3.5s3.5-1.57 3.5-3.5c0-.85-.31-1.63-.82-2.24-.34-.41-.29-1.04.12-1.39.41-.35 1.03-.3 1.38.11C16.31 12.83 17 14.04 17 15c0 3.31-2.69 6-6 6z'\/%3E%3C\/svg%3E\",\n      \"address\": {\n        \"@type\": \"PostalAddress\",\n        \"addressLocality\": \"Cota\",\n        \"addressRegion\": \"Cundinamarca\",\n        \"postalCode\": \"250017\",\n        \"addressCountry\": \"CO\"\n      }\n    },\n    {\n      \"@type\": \"GovernmentOrganization\",\n      \"name\": \"Oficina de Gesti\u00f3n del Riesgo de Desastres\",\n      \"description\": \"Dependencia estrat\u00e9gica encargada de coordinar las acciones de mitigaci\u00f3n y respuesta ante contingencias mayores, colapsos estructurales o incidentes graves derivados de maniobras industriales de alto riesgo.\",\n      \"url\": \"https:\/\/www.cota-cundinamarca.gov.co\/\",\n      \"telephone\": \"+576018776655\",\n      \"image\": \"data:image\/svg+xml,%3Csvg xmlns='http:\/\/www.w3.org\/2000\/svg' viewBox='0 0 24 24' fill='%23ea580c'%3E%3Cpath d='M12 1L3 5v6c0 5.55 3.84 10.74 9 12 5.16-1.26 9-6.45 9-12V5l-9-4zm-1 5h2v4h-2V6zm1 8c-.55 0-1-.45-1-1s.45-1 1-1 1 .45 1 1-.45 1-1 1z'\/%3E%3C\/svg%3E\",\n      \"address\": {\n        \"@type\": \"PostalAddress\",\n        \"addressLocality\": \"Cota\",\n        \"addressRegion\": \"Cundinamarca\",\n        \"postalCode\": \"250017\",\n        \"addressCountry\": \"CO\"\n      }\n    },\n    {\n      \"@type\": \"GovernmentOrganization\",\n      \"name\": \"Estaci\u00f3n de Polic\u00eda de Cota\",\n      \"description\": \"Fuerza p\u00fablica necesaria para garantizar el acordonamiento perimetral estricto, control de multitudes y apoyo log\u00edstico en desv\u00edos viales forzosos durante accidentes de trabajo severos en espacio p\u00fablico.\",\n      \"url\": \"https:\/\/www.policia.gov.co\/\",\n      \"telephone\": \"+57112\",\n      \"image\": \"data:image\/svg+xml,%3Csvg xmlns='http:\/\/www.w3.org\/2000\/svg' viewBox='0 0 24 24' fill='%23166534'%3E%3Cpath d='M12 1L3 5v6c0 5.55 3.84 10.74 9 12 5.16-1.26 9-6.45 9-12V5l-9-4zm0 10.99h7c-.53 4.12-3.28 7.79-7 8.94V12H5V6.3l7-3.11v8.8z'\/%3E%3C\/svg%3E\",\n      \"address\": {\n        \"@type\": \"PostalAddress\",\n        \"addressLocality\": \"Cota\",\n        \"addressRegion\": \"Cundinamarca\",\n        \"postalCode\": \"250017\",\n        \"addressCountry\": \"CO\"\n      }\n    },\n    {\n      \"@type\": \"Hospital\",\n      \"name\": \"E.S.E. Hospital de Cota\",\n      \"description\": \"Instituci\u00f3n prestadora de servicios de salud (IPS) de referencia primaria para la estabilizaci\u00f3n hemodin\u00e1mica inmediata y soporte m\u00e9dico de urgencia tras incidentes traum\u00e1ticos de ca\u00edda a distinto nivel.\",\n      \"url\": \"https:\/\/share.google\/oQBfyc0hXRXi7xrOQ\",\n      \"telephone\": \"+576018776046\",\n      \"image\": \"data:image\/svg+xml,%3Csvg xmlns='http:\/\/www.w3.org\/2000\/svg' viewBox='0 0 24 24' fill='%232563eb'%3E%3Cpath d='M19 3H5c-1.1 0-1.99.9-1.99 2L3 19c0 1.1.9 2 2 2h14c1.1 0 2-.9 2-2V5c0-1.1-.9-2-2-2zm-2 10h-4v4h-2v-4H7v-2h4V7h2v4h4v2z'\/%3E%3C\/svg%3E\",\n      \"address\": {\n        \"@type\": \"PostalAddress\",\n        \"addressLocality\": \"Cota\",\n        \"addressRegion\": \"Cundinamarca\",\n        \"postalCode\": \"250017\",\n        \"addressCountry\": \"CO\"\n      }\n    }\n  ]\n}\n<\/script>\n","protected":false},"excerpt":{"rendered":"<p>Optimice su log\u00edstica industrial mediante el alquiler de cami\u00f3n gr\u00faa en Cota. Garantizamos una ejecuci\u00f3n t\u00e9cnica impecable con equipos certificados para maniobras de alta complejidad, eliminando riesgos y asegurando la rentabilidad absoluta de su proyecto con un rigor operativo incuestionable.<\/p>\n","protected":false},"author":1,"featured_media":3554,"comment_status":"open","ping_status":"open","sticky":false,"template":"","format":"standard","meta":{"_acf_changed":false,"footnotes":""},"categories":[50],"tags":[78,51,56,101],"class_list":["post-207","post","type-post","status-publish","format-standard","has-post-thumbnail","hentry","category-servicios-izaje-carga","tag-equipos-certificados","tag-gruas-industriales","tag-plan-de-izaje","tag-resolucion-4272-2021"],"acf":[],"_links":{"self":[{"href":"https:\/\/www.geconexion.com.co\/alquiler\/wp-json\/wp\/v2\/posts\/207","targetHints":{"allow":["GET"]}}],"collection":[{"href":"https:\/\/www.geconexion.com.co\/alquiler\/wp-json\/wp\/v2\/posts"}],"about":[{"href":"https:\/\/www.geconexion.com.co\/alquiler\/wp-json\/wp\/v2\/types\/post"}],"author":[{"embeddable":true,"href":"https:\/\/www.geconexion.com.co\/alquiler\/wp-json\/wp\/v2\/users\/1"}],"replies":[{"embeddable":true,"href":"https:\/\/www.geconexion.com.co\/alquiler\/wp-json\/wp\/v2\/comments?post=207"}],"version-history":[{"count":10,"href":"https:\/\/www.geconexion.com.co\/alquiler\/wp-json\/wp\/v2\/posts\/207\/revisions"}],"predecessor-version":[{"id":3584,"href":"https:\/\/www.geconexion.com.co\/alquiler\/wp-json\/wp\/v2\/posts\/207\/revisions\/3584"}],"wp:featuredmedia":[{"embeddable":true,"href":"https:\/\/www.geconexion.com.co\/alquiler\/wp-json\/wp\/v2\/media\/3554"}],"wp:attachment":[{"href":"https:\/\/www.geconexion.com.co\/alquiler\/wp-json\/wp\/v2\/media?parent=207"}],"wp:term":[{"taxonomy":"category","embeddable":true,"href":"https:\/\/www.geconexion.com.co\/alquiler\/wp-json\/wp\/v2\/categories?post=207"},{"taxonomy":"post_tag","embeddable":true,"href":"https:\/\/www.geconexion.com.co\/alquiler\/wp-json\/wp\/v2\/tags?post=207"}],"curies":[{"name":"wp","href":"https:\/\/api.w.org\/{rel}","templated":true}]}}