{"id":135,"date":"2026-02-25T11:08:00","date_gmt":"2026-02-25T11:08:00","guid":{"rendered":"https:\/\/xml-io.proteusthemes.com\/buildpress\/?p=135"},"modified":"2026-04-22T15:26:00","modified_gmt":"2026-04-22T15:26:00","slug":"alquiler-de-camion-grua-en-cajica","status":"publish","type":"post","link":"https:\/\/www.geconexion.com.co\/alquiler\/alquiler-de-camion-grua-en-cajica\/","title":{"rendered":"Alquiler de cami\u00f3n gr\u00faa en Cajic\u00e1: 5 equipos poderosos para su construcci\u00f3n"},"content":{"rendered":"<p data-path-to-node=\"0\">Para lograr un desarrollo constructivo impecable, se requiere de maquinaria que combine potencia con una maniobra t\u00e9cnica de alta precisi\u00f3n. El <a href=\"https:\/\/www.geconexion.com.co\/alquiler-de-camion-grua-bogota.html\"><b data-path-to-node=\"0\" data-index-in-node=\"144\">alquiler de cami\u00f3n gr\u00faa en Cajic\u00e1<\/b><\/a> le permite acceder a una flota de unidades certificadas que garantizan la integridad de su personal y la eficiencia en el izaje de materiales pesados. Al delegar estas tareas en un servicio log\u00edstico especializado, usted asegura una ejecuci\u00f3n t\u00e9cnica superior que optimiza los tiempos de entrega y reduce significativamente los costos operativos de su infraestructura.<\/p>\n<p><!--more--><\/p>\n<\/p>\n\n<div class=\"wp-block-image\">\n<figure class=\"aligncenter size-large is-resized\"><img loading=\"lazy\" decoding=\"async\" width=\"1024\" height=\"770\" src=\"https:\/\/www.geconexion.com.co\/alquiler\/wp-content\/uploads\/2014\/10\/camion-grua-1024x770.jpg\" alt=\"Alquiler de camion grua en cajica para izaje y movimiento de estructuras industriales pesadas.\" class=\"wp-image-3553\" style=\"width:499px\" srcset=\"https:\/\/www.geconexion.com.co\/alquiler\/wp-content\/uploads\/2014\/10\/camion-grua-1024x770.jpg 1024w, https:\/\/www.geconexion.com.co\/alquiler\/wp-content\/uploads\/2014\/10\/camion-grua-300x226.jpg 300w, https:\/\/www.geconexion.com.co\/alquiler\/wp-content\/uploads\/2014\/10\/camion-grua-768x578.jpg 768w, https:\/\/www.geconexion.com.co\/alquiler\/wp-content\/uploads\/2014\/10\/camion-grua-555x418.jpg 555w, https:\/\/www.geconexion.com.co\/alquiler\/wp-content\/uploads\/2014\/10\/camion-grua-100x75.jpg 100w, https:\/\/www.geconexion.com.co\/alquiler\/wp-content\/uploads\/2014\/10\/camion-grua-600x451.jpg 600w, https:\/\/www.geconexion.com.co\/alquiler\/wp-content\/uploads\/2014\/10\/camion-grua.jpg 1280w\" sizes=\"auto, (max-width: 1024px) 100vw, 1024px\" \/><figcaption class=\"wp-element-caption\">Cami\u00f3n gr\u00faa en operaci\u00f3n realizando maniobras de carga de precisi\u00f3n<\/figcaption><\/figure>\n<\/div>\n\n\n<div id=\"ez-toc-container\" class=\"ez-toc-v2_0_82_2 counter-hierarchy ez-toc-counter ez-toc-light-blue ez-toc-container-direction\">\n<div class=\"ez-toc-title-container\">\n<p class=\"ez-toc-title\" style=\"cursor:inherit\">Indice<\/p>\n<span class=\"ez-toc-title-toggle\"><a href=\"#\" class=\"ez-toc-pull-right ez-toc-btn ez-toc-btn-xs ez-toc-btn-default ez-toc-toggle\" aria-label=\"Alternar tabla de contenidos\"><span class=\"ez-toc-js-icon-con\"><span class=\"\"><span class=\"eztoc-hide\" style=\"display:none;\">Toggle<\/span><span class=\"ez-toc-icon-toggle-span\"><svg style=\"fill: #999;color:#999\" xmlns=\"http:\/\/www.w3.org\/2000\/svg\" class=\"list-377408\" width=\"20px\" height=\"20px\" viewBox=\"0 0 24 24\" fill=\"none\"><path d=\"M6 6H4v2h2V6zm14 0H8v2h12V6zM4 11h2v2H4v-2zm16 0H8v2h12v-2zM4 16h2v2H4v-2zm16 0H8v2h12v-2z\" fill=\"currentColor\"><\/path><\/svg><svg style=\"fill: #999;color:#999\" class=\"arrow-unsorted-368013\" xmlns=\"http:\/\/www.w3.org\/2000\/svg\" width=\"10px\" height=\"10px\" viewBox=\"0 0 24 24\" version=\"1.2\" baseProfile=\"tiny\"><path d=\"M18.2 9.3l-6.2-6.3-6.2 6.3c-.2.2-.3.4-.3.7s.1.5.3.7c.2.2.4.3.7.3h11c.3 0 .5-.1.7-.3.2-.2.3-.5.3-.7s-.1-.5-.3-.7zM5.8 14.7l6.2 6.3 6.2-6.3c.2-.2.3-.5.3-.7s-.1-.5-.3-.7c-.2-.2-.4-.3-.7-.3h-11c-.3 0-.5.1-.7.3-.2.2-.3.5-.3.7s.1.5.3.7z\"\/><\/svg><\/span><\/span><\/span><\/a><\/span><\/div>\n<nav><ul class='ez-toc-list ez-toc-list-level-1 ' ><li class='ez-toc-page-1 ez-toc-heading-level-2'><a class=\"ez-toc-link ez-toc-heading-1\" href=\"https:\/\/www.geconexion.com.co\/alquiler\/alquiler-de-camion-grua-en-cajica\/#Descubra_los_5_tipos_de_maquinaria_para_su_proyecto_en_Cajica\" >Descubra los 5 tipos de maquinaria para su proyecto en Cajic\u00e1<\/a><\/li><li class='ez-toc-page-1 ez-toc-heading-level-2'><a class=\"ez-toc-link ez-toc-heading-2\" href=\"https:\/\/www.geconexion.com.co\/alquiler\/alquiler-de-camion-grua-en-cajica\/#Comparativa_tecnica_de_equipos_de_izaje_en_Cajica\" >Comparativa t\u00e9cnica de equipos de izaje en Cajic\u00e1<\/a><\/li><li class='ez-toc-page-1 ez-toc-heading-level-2'><a class=\"ez-toc-link ez-toc-heading-3\" href=\"https:\/\/www.geconexion.com.co\/alquiler\/alquiler-de-camion-grua-en-cajica\/#Factores_clave_que_definen_el_precio_del_servicio_en_la_region\" >Factores clave que definen el precio del servicio en la regi\u00f3n<\/a><\/li><li class='ez-toc-page-1 ez-toc-heading-level-2'><a class=\"ez-toc-link ez-toc-heading-4\" href=\"https:\/\/www.geconexion.com.co\/alquiler\/alquiler-de-camion-grua-en-cajica\/#Proceso_de_contratacion_de_camion_grua_en_Cajica_4_pasos_rapidos\" >Proceso de contrataci\u00f3n de cami\u00f3n gr\u00faa en Cajic\u00e1: 4 pasos r\u00e1pidos<\/a><\/li><li class='ez-toc-page-1 ez-toc-heading-level-2'><a class=\"ez-toc-link ez-toc-heading-5\" href=\"https:\/\/www.geconexion.com.co\/alquiler\/alquiler-de-camion-grua-en-cajica\/#Seguridad_industrial_y_certificaciones_Garantia_de_una_maniobra_sin_riesgos\" >Seguridad industrial y certificaciones: Garant\u00eda de una maniobra sin riesgos<\/a><\/li><li class='ez-toc-page-1 ez-toc-heading-level-2'><a class=\"ez-toc-link ez-toc-heading-6\" href=\"https:\/\/www.geconexion.com.co\/alquiler\/alquiler-de-camion-grua-en-cajica\/#Preguntas_Frecuentes_sobre_el_Alquiler_de_camion_grua_en_Cajica\" >Preguntas Frecuentes sobre el Alquiler de cami\u00f3n gr\u00faa en Cajic\u00e1<\/a><\/li><li class='ez-toc-page-1 ez-toc-heading-level-2'><a class=\"ez-toc-link ez-toc-heading-7\" href=\"https:\/\/www.geconexion.com.co\/alquiler\/alquiler-de-camion-grua-en-cajica\/#Directorio_Critico_de_Emergencias_y_Permisos_para_Trabajos_en_Alturas_en_Cajica\" >Directorio Cr\u00edtico de Emergencias y Permisos para Trabajos en Alturas en Cajic\u00e1<\/a><\/li><\/ul><\/nav><\/div>\n<h2 class=\"wp-block-heading\"><span class=\"ez-toc-section\" id=\"Descubra_los_5_tipos_de_maquinaria_para_su_proyecto_en_Cajica\"><\/span>Descubra los 5 tipos de maquinaria para su proyecto en Cajic\u00e1<span class=\"ez-toc-section-end\"><\/span><\/h2>\n\n\n\n<p>Contar con la herramienta exacta para cada etapa de la obra es un pilar fundamental de la productividad. Nuestra oferta en <strong><a href=\"https:\/\/www.geconexion.com.co\/alquiler-de-camion-grua-bogota.html\">alquiler de cami\u00f3n gr\u00faa en Cajic\u00e1<\/a><\/strong> abarca desde unidades de brazo articulado hasta gr\u00faas telesc\u00f3picas de gran tonelaje. Seleccionar la maquinaria pesada correcta garantiza una maniobra de izaje fluida, minimizando los riesgos operativos y optimizando la log\u00edstica de transporte en cada rinc\u00f3n de su construcci\u00f3n.<\/p>\n\n\n\n<blockquote class=\"wp-block-quote is-layout-flow wp-block-quote-is-layout-flow\">\n<h3 class=\"wp-block-heading\">1. Cami\u00f3n gr\u00faa con brazo articulado<\/h3>\n<\/blockquote>\n\n\n\n<p>Esta maquinaria es la soluci\u00f3n predilecta para espacios reducidos donde la maniobrabilidad es el factor cr\u00edtico de \u00e9xito. Al optar por el <strong>alquiler de cami\u00f3n gr\u00faa en Cajic\u00e1<\/strong> de este tipo, usted obtiene la capacidad de realizar cargas y descargas en entornos urbanos con una precisi\u00f3n t\u00e9cnica superior. Su dise\u00f1o permite que la unidad hidr\u00e1ulica trabaje con agilidad, garantizando que el flujo de materiales en su obra no se detenga por limitaciones de acceso.<\/p>\n\n\n\n<h3 class=\"wp-block-heading\">2. Gr\u00faa telesc\u00f3pica de alto alcance<\/h3>\n\n\n\n<p>Cuando la altura es el principal obst\u00e1culo, la extensi\u00f3n de una pluma telesc\u00f3pica se vuelve una herramienta de ingenier\u00eda indispensable. El <strong>alquiler de cami\u00f3n gr\u00faa en Cajic\u00e1<\/strong> para proyectos de gran elevaci\u00f3n asegura un <strong>izaje vertical<\/strong> impecable, ideal para el montaje de <strong>estructuras met\u00e1licas<\/strong> o equipos de climatizaci\u00f3n en azoteas. La <strong>estabilidad operativa<\/strong> de estos equipos permite manejar pesos considerables con un margen de error inexistente, elevando los est\u00e1ndares de seguridad de su construcci\u00f3n.<\/p>\n\n\n\n<h3 class=\"wp-block-heading\">3. Unidades de carga ligera (5 a 8 toneladas)<\/h3>\n\n\n\n<p>La versatilidad log\u00edstica se encuentra en los equipos dise\u00f1ados para tareas r\u00e1pidas y movimientos constantes de materiales menores. Integrar el <strong>alquiler de cami\u00f3n gr\u00faa en Cajic\u00e1<\/strong> de tonelaje medio facilita el transporte interno de maquinaria liviana y suministros de obra de manera \u00e1gil. Estos veh\u00edculos ofrecen una eficiencia energ\u00e9tica notable, lo que se traduce en una reducci\u00f3n directa de los costos por <strong>servicio de gr\u00faa<\/strong> sin comprometer la capacidad de respuesta inmediata.<\/p>\n\n\n\n<h3 class=\"wp-block-heading\">4. Gr\u00faas para izaje pesado (15 a 25 toneladas)<\/h3>\n\n\n\n<p>Los proyectos de infraestructura vial o cimentaci\u00f3n profunda demandan una fuerza bruta controlada por sistemas de seguridad de \u00faltima generaci\u00f3n. Mediante el alquiler de cami\u00f3n gr\u00faa en Cajic\u00e1 de alta capacidad, su empresa puede movilizar contenedores industriales o componentes prefabricados de concreto con total confianza. Contar con una capacidad de levante certificada es la \u00fanica forma de mitigar incidentes y asegurar que cada operaci\u00f3n de carga cumpla con la normativa t\u00e9cnica vigente.<\/p>\n\n\n\n<h3 class=\"wp-block-heading\">5. Equipos con plataforma hidr\u00e1ulica y gr\u00faa<\/h3>\n\n\n\n<p>La combinaci\u00f3n de transporte de plataforma y capacidad de elevaci\u00f3n crea un ecosistema log\u00edstico completo en un solo veh\u00edculo. Seleccionar el <strong>alquiler de cami\u00f3n gr\u00faa en Cajic\u00e1<\/strong> con plataforma es la decisi\u00f3n m\u00e1s estrat\u00e9gica para el traslado de veh\u00edculos averiados o equipos que requieren ser nivelados a ras de suelo. Esta dualidad funcional maximiza la rentabilidad del servicio, permitiendo que una sola <strong>maniobra log\u00edstica<\/strong> resuelva m\u00faltiples necesidades de transporte y ubicaci\u00f3n de carga.<\/p>\n\n\n\n<h2 class=\"wp-block-heading\"><span class=\"ez-toc-section\" id=\"Comparativa_tecnica_de_equipos_de_izaje_en_Cajica\"><\/span>Comparativa t\u00e9cnica de equipos de izaje en Cajic\u00e1<span class=\"ez-toc-section-end\"><\/span><\/h2>\n\n\n\n<p>Optimice su inversi\u00f3n seleccionando la unidad t\u00e9cnica precisa. El <strong><a href=\"https:\/\/www.geconexion.com.co\/alquiler-de-camion-grua-bogota.html\">alquiler de cami\u00f3n gr\u00faa en Cajic\u00e1<\/a><\/strong> le garantiza maniobras de izaje seguras y de alta precisi\u00f3n. Al contrastar capacidades, su equipo asegura una operaci\u00f3n eficiente que elimina retrasos cr\u00edticos en el frente de obra.<\/p>\n\n\n\n<figure class=\"wp-block-table\"><table class=\"has-fixed-layout\"><tbody><tr><td><strong>Tipo de Equipo<\/strong><\/td><td><strong>Capacidad de Carga<\/strong><\/td><td><strong>Alcance M\u00e1ximo<\/strong><\/td><td><strong>Uso Recomendado<\/strong><\/td><\/tr><tr><td><strong>Brazo Articulado<\/strong><\/td><td>3 a 7 Toneladas<\/td><td>Medio<\/td><td>Espacios reducidos y entornos urbanos.<\/td><\/tr><tr><td><strong>Gr\u00faa Telesc\u00f3pica<\/strong><\/td><td>10 a 35 Toneladas<\/td><td>Alto<\/td><td>Montaje de estructuras y trabajos en altura.<\/td><\/tr><tr><td><strong>Unidad Ligera<\/strong><\/td><td>5 a 8 Toneladas<\/td><td>Corto<\/td><td>Movimiento de materiales y equipos menores.<\/td><\/tr><tr><td><strong>Izaje Pesado<\/strong><\/td><td>15 a 25 Toneladas<\/td><td>Medio\/Alto<\/td><td>Proyectos industriales y carga de contenedores.<\/td><\/tr><tr><td><strong>Plataforma + Gr\u00faa<\/strong><\/td><td>Variable<\/td><td>Vers\u00e1til<\/td><td>Transporte de maquinaria y rescate vehicular.<\/td><\/tr><\/tbody><\/table><\/figure>\n\n\n\n<h2 class=\"wp-block-heading\"><span class=\"ez-toc-section\" id=\"Factores_clave_que_definen_el_precio_del_servicio_en_la_region\"><\/span>Factores clave que definen el precio del servicio en la regi\u00f3n<span class=\"ez-toc-section-end\"><\/span><\/h2>\n\n\n\n<p>El presupuesto para un movimiento de carga no es fijo; depende de variables cr\u00edticas que aseguran la rentabilidad de su inversi\u00f3n. Al solicitar el <strong>alquiler de cami\u00f3n gr\u00faa en Cajic\u00e1<\/strong>, es fundamental considerar que la distancia de desplazamiento desde el parqueadero hasta su obra influye directamente en la tarifa final. Adem\u00e1s, la complejidad del terreno y el tiempo estimado de la jornada determinan si se requiere un equipo est\u00e1ndar o una unidad especializada para maniobras de alto riesgo.<\/p>\n\n\n\n<p>A continuaci\u00f3n, detalle los requisitos esenciales para obtener una cotizaci\u00f3n precisa:<\/p>\n\n\n\n<ul class=\"wp-block-list\">\n<li><strong>Peso y dimensiones:<\/strong> Conocer el tonelaje exacto permite asignar el <strong>equipo de izaje<\/strong> con la capacidad nominal adecuada.<\/li>\n\n\n\n<li><strong>Radio de operaci\u00f3n:<\/strong> La distancia horizontal desde el centro de la gr\u00faa hasta la carga define la <strong>estabilidad del equipo<\/strong> necesaria.<\/li>\n\n\n\n<li><strong>Condiciones del suelo:<\/strong> Es vital asegurar una superficie firme para el correcto despliegue de los <strong>estabilizadores hidr\u00e1ulicos<\/strong> de la m\u00e1quina.<\/li>\n\n\n\n<li><strong>Altura de elevaci\u00f3n:<\/strong> Determina si el servicio requiere una pluma convencional o una <strong>extensi\u00f3n telesc\u00f3pica<\/strong> adicional.<\/li>\n\n\n\n<li><strong>Obst\u00e1culos a\u00e9reos:<\/strong> La presencia de cables de alta tensi\u00f3n o estructuras limita el <strong>\u00e1ngulo de maniobra<\/strong> y requiere protocolos adicionales.<\/li>\n<\/ul>\n\n\n<div class=\"wp-block-image\">\n<figure class=\"aligncenter size-large is-resized\"><img loading=\"lazy\" decoding=\"async\" width=\"1024\" height=\"575\" src=\"https:\/\/www.geconexion.com.co\/alquiler\/wp-content\/uploads\/2014\/10\/alquiler-de-camion-grua-en-cajica-1024x575.jpg\" alt=\"Alquiler de camion grua en cajica para transporte de materiales de construcci\u00f3n y estructuras met\u00e1licas.\" class=\"wp-image-3554\" style=\"width:500px\" srcset=\"https:\/\/www.geconexion.com.co\/alquiler\/wp-content\/uploads\/2014\/10\/alquiler-de-camion-grua-en-cajica-1024x575.jpg 1024w, https:\/\/www.geconexion.com.co\/alquiler\/wp-content\/uploads\/2014\/10\/alquiler-de-camion-grua-en-cajica-300x169.jpg 300w, https:\/\/www.geconexion.com.co\/alquiler\/wp-content\/uploads\/2014\/10\/alquiler-de-camion-grua-en-cajica-768x431.jpg 768w, https:\/\/www.geconexion.com.co\/alquiler\/wp-content\/uploads\/2014\/10\/alquiler-de-camion-grua-en-cajica-360x202.jpg 360w, https:\/\/www.geconexion.com.co\/alquiler\/wp-content\/uploads\/2014\/10\/alquiler-de-camion-grua-en-cajica-555x312.jpg 555w, https:\/\/www.geconexion.com.co\/alquiler\/wp-content\/uploads\/2014\/10\/alquiler-de-camion-grua-en-cajica-600x337.jpg 600w, https:\/\/www.geconexion.com.co\/alquiler\/wp-content\/uploads\/2014\/10\/alquiler-de-camion-grua-en-cajica.jpg 1280w\" sizes=\"auto, (max-width: 1024px) 100vw, 1024px\" \/><figcaption class=\"wp-element-caption\">Cami\u00f3n gr\u00faa Foton equipado con brazo Terex para transporte de carga pesada<\/figcaption><\/figure>\n<\/div>\n\n\n<h2 class=\"wp-block-heading\"><span class=\"ez-toc-section\" id=\"Proceso_de_contratacion_de_camion_grua_en_Cajica_4_pasos_rapidos\"><\/span>Proceso de contrataci\u00f3n de cami\u00f3n gr\u00faa en Cajic\u00e1: 4 pasos r\u00e1pidos<span class=\"ez-toc-section-end\"><\/span><\/h2>\n\n\n\n<p><strong>1. Valoraci\u00f3n t\u00e9cnica inicial: <\/strong>La eficiencia comienza con una asesor\u00eda donde nuestros expertos determinan el tonelaje y el radio de giro exacto del movimiento. Al gestionar el alquiler de cami\u00f3n gr\u00faa en Cajic\u00e1 desde esta fase, usted asegura que la maquinaria asignada sea la adecuada para la complejidad del terreno y el tipo de carga.<\/p>\n\n\n\n<p><strong>2. Propuesta comercial transparente: <\/strong>Tras el an\u00e1lisis, emitimos una cotizaci\u00f3n detallada que desglosa los costos de movilizaci\u00f3n y las coberturas de seguros requeridas. Este documento es el pilar para un <strong>servicio log\u00edstico<\/strong> sin sorpresas financieras, permiti\u00e9ndole mantener el control total sobre el presupuesto de su proyecto de infraestructura de manera implacable.<\/p>\n\n\n\n<p><strong>3. Agendamiento y verificaci\u00f3n:<\/strong> Una vez aceptada la oferta, procedemos con la reserva de la unidad y el env\u00edo de la documentaci\u00f3n del operador. Verificamos minuciosamente que el alquiler de cami\u00f3n gr\u00faa en Cajic\u00e1 incluya operarios con seguridad social y certificaciones vigentes para garantizar un ingreso sin retrasos a su frente de obra.<\/p>\n\n\n\n<p><strong>4. Ejecuci\u00f3n y supervisi\u00f3n t\u00e9cnica:<\/strong> Finalmente, el equipo llega al sitio para realizar la <strong>maniobra de izaje<\/strong> bajo estrictos protocolos de seguridad industrial. Al concluir el servicio, se valida el cumplimiento de los objetivos de carga, consolidando una <strong>operaci\u00f3n exitosa<\/strong> que fortalece la productividad y competitividad de su compa\u00f1\u00eda en la regi\u00f3n.<\/p>\n\n\n\n<h2 class=\"wp-block-heading\"><span class=\"ez-toc-section\" id=\"Seguridad_industrial_y_certificaciones_Garantia_de_una_maniobra_sin_riesgos\"><\/span>Seguridad industrial y certificaciones: Garant\u00eda de una maniobra sin riesgos<span class=\"ez-toc-section-end\"><\/span><\/h2>\n\n\n\n<p>La mitigaci\u00f3n de riesgos en cualquier operaci\u00f3n de levantamiento pesado solo es posible cuando se cuenta con el respaldo de la normativa t\u00e9cnica vigente. Al contratar el <strong>alquiler de cami\u00f3n gr\u00faa en Cajic\u00e1<\/strong>, usted accede a un servicio que se rige estrictamente bajo la <strong><a href=\"https:\/\/share.google\/g3EktFiiYH9eaQwka\" target=\"_blank\" rel=\"noopener\">Resoluci\u00f3n 4272 de 2021<\/a><\/strong> para trabajo seguro en alturas y los est\u00e1ndares internacionales de la <strong>norma ASME B30.22<\/strong> para equipos de brazo articulado. Implementar un plan de izaje basado en estas directrices asegura una maniobra industrial de alta precisi\u00f3n, reduciendo a cero la probabilidad de incidentes estructurales o retrasos en su zona de ejecuci\u00f3n.<\/p>\n\n\n\n<p>Adem\u00e1s del cumplimiento legal, la excelencia operativa se sustenta en la validaci\u00f3n t\u00e9cnica constante de la maquinaria y el personal. Cada <strong>unidad de levantamiento<\/strong> cuenta con su respectivo <strong>certificado de inspecci\u00f3n<\/strong> t\u00e9cnico-mec\u00e1nica y p\u00f3lizas de responsabilidad civil actualizadas. Esto le permite gestionar su <strong>log\u00edstica pesada<\/strong> con la tranquilidad de que su proyecto supera las exigencias de cualquier interventor\u00eda o entidad de control gubernamental en la regi\u00f3n.<\/p>\n\n\n\n<blockquote class=\"wp-block-quote is-layout-flow wp-block-quote-is-layout-flow\">\n<p><\/p>\n<\/blockquote>\n\n\n\n<style>\n  .faq-seo-container {\n    max-width: 800px;\n    margin: 2rem auto;\n    font-family: -apple-system, BlinkMacSystemFont, \"Segoe UI\", Roboto, Helvetica, Arial, sans-serif;\n  }\n  .faq-seo-container h2 {\n    text-align: center;\n    color: #1a202c;\n    font-size: 1.75rem;\n    font-weight: 800;\n    margin-bottom: 2rem;\n    line-height: 1.3;\n  }\n  .faq-seo-container details {\n    background-color: #ffffff;\n    border: 1px solid #e2e8f0;\n    border-radius: 8px;\n    margin-bottom: 1rem;\n    box-shadow: 0 4px 6px -1px rgba(0, 0, 0, 0.05), 0 2px 4px -1px rgba(0, 0, 0, 0.03);\n    overflow: hidden;\n    transition: box-shadow 0.3s ease;\n  }\n  .faq-seo-container details:hover {\n    box-shadow: 0 10px 15px -3px rgba(0, 0, 0, 0.1), 0 4px 6px -2px rgba(0, 0, 0, 0.05);\n  }\n  .faq-seo-container summary {\n    display: flex;\n    justify-content: space-between;\n    align-items: center;\n    padding: 18px 20px;\n    font-weight: 700;\n    font-size: 1.25rem;\n    color: #2d3748;\n    background-color: #f8fafc;\n    cursor: pointer;\n    list-style: none;\n    transition: background-color 0.2s ease;\n  }\n  .faq-seo-container summary::-webkit-details-marker {\n    display: none;\n  }\n  .faq-seo-container summary:hover {\n    background-color: #f1f5f9;\n  }\n  .faq-seo-container summary::after {\n    content: '+';\n    font-size: 1.5rem;\n    font-weight: 400;\n    color: #3b82f6;\n    line-height: 1;\n    transition: transform 0.3s ease;\n  }\n  .faq-seo-container details[open] summary {\n    border-bottom: 1px solid #e2e8f0;\n    background-color: #ffffff;\n  }\n  .faq-seo-container details[open] summary::after {\n    content: '\\2212'; \/* Minus sign for better vertical alignment *\/\n    transform: rotate(180deg);\n  }\n  .faq-seo-container .faq-answer {\n    padding: 20px;\n    color: #4a5568;\n    line-height: 1.6;\n    font-size: 1rem;\n    background-color: #ffffff;\n  }\n  .faq-seo-container .faq-answer p {\n    margin: 0;\n  }\n  @media (max-width: 600px) {\n    .faq-seo-container summary {\n      font-size: 1.1rem;\n      padding: 16px;\n    }\n    .faq-seo-container .faq-answer {\n      padding: 16px;\n      font-size: 0.95rem;\n    }\n  }\n<\/style>\n\n<div class=\"faq-seo-container\">\n  <h2><span class=\"ez-toc-section\" id=\"Preguntas_Frecuentes_sobre_el_Alquiler_de_camion_grua_en_Cajica\"><\/span>Preguntas Frecuentes sobre el Alquiler de cami\u00f3n gr\u00faa en Cajic\u00e1<span class=\"ez-toc-section-end\"><\/span><\/h2>\n\n  <details>\n    <summary>1. \u00bfCu\u00e1nto cuesta el alquiler de cami\u00f3n gr\u00faa en Cajic\u00e1 por hora o jornada?<\/summary>\n    <div class=\"faq-answer\">\n      <p>El precio del alquiler var\u00eda seg\u00fan la capacidad de carga del equipo y la complejidad del izaje. Ofrecemos tarifas competitivas por hora o jornada completa, dise\u00f1adas para optimizar el presupuesto de su obra sin comprometer la seguridad operativa.<\/p>\n    <\/div>\n  <\/details>\n\n  <details>\n    <summary>2. \u00bfQu\u00e9 tipos de camiones gr\u00faa tienen disponibles para proyectos en Cajic\u00e1?<\/summary>\n    <div class=\"faq-answer\">\n      <p>Contamos con una flota vers\u00e1til que incluye camiones con brazo articulado, gr\u00faas telesc\u00f3picas y plataformas para izaje pesado. Cada unidad est\u00e1 certificada para cubrir desde movimientos de materiales ligeros hasta montajes industriales complejos en toda la Sabana Norte.<\/p>\n    <\/div>\n  <\/details>\n\n  <details>\n    <summary>3. \u00bfEl servicio de alquiler incluye un operador certificado para la maniobra?<\/summary>\n    <div class=\"faq-answer\">\n      <p>S\u00ed, todo alquiler de cami\u00f3n gr\u00faa en Cajic\u00e1 se proporciona con un operador altamente calificado y certificado bajo normativas vigentes (SST y trabajo en alturas). Esto garantiza una ejecuci\u00f3n impecable y mitiga cualquier riesgo durante la maniobra de carga.<\/p>\n    <\/div>\n  <\/details>\n\n  <details>\n    <summary>4. \u00bfQu\u00e9 requisitos necesito para solicitar una gr\u00faa para mi frente de obra?<\/summary>\n    <div class=\"faq-answer\">\n      <p>Para brindarle el equipo exacto, necesitamos conocer el peso aproximado de la carga, la altura m\u00e1xima de elevaci\u00f3n, el radio de operaci\u00f3n y las condiciones del terreno. Con esta informaci\u00f3n, nuestro equipo t\u00e9cnico le asignar\u00e1 la maquinaria con la capacidad nominal adecuada.<\/p>\n    <\/div>\n  <\/details>\n\n  <details>\n    <summary>5. \u00bfAtienden emergencias log\u00edsticas o solo servicios programados en Cajic\u00e1?<\/summary>\n    <div class=\"faq-answer\">\n      <p>Aunque recomendamos la programaci\u00f3n anticipada para garantizar disponibilidad, nuestro servicio de alquiler de cami\u00f3n gr\u00faa en Cajic\u00e1 est\u00e1 estructurado para atender requerimientos log\u00edsticos urgentes. Respondemos con agilidad para evitar tiempos muertos en su cronograma de ejecuci\u00f3n.<\/p>\n    <\/div>\n  <\/details>\n\n  <details>\n    <summary>6. \u00bfLos equipos cuentan con seguros y certificaciones t\u00e9cnicas al d\u00eda?<\/summary>\n    <div class=\"faq-answer\">\n      <p>Absolutamente. Nuestra prioridad es la seguridad industrial. Todos los equipos cuentan con inspecci\u00f3n t\u00e9cnico-mec\u00e1nica anual vigente, certificaciones de capacidad de levante y p\u00f3lizas de responsabilidad civil extra-contractual, cumpliendo estrictamente con la normativa nacional.<\/p>\n    <\/div>\n  <\/details>\n<\/div>\n\n<script type=\"application\/ld+json\">\n{\n  \"@context\": \"https:\/\/schema.org\",\n  \"@type\": \"FAQPage\",\n  \"mainEntity\": [\n    {\n      \"@type\": \"Question\",\n      \"name\": \"1. \u00bfCu\u00e1nto cuesta el alquiler de cami\u00f3n gr\u00faa en Cajic\u00e1 por hora o jornada?\",\n      \"acceptedAnswer\": {\n        \"@type\": \"Answer\",\n        \"text\": \"<p>El precio del alquiler var\u00eda seg\u00fan la capacidad de carga del equipo y la complejidad del izaje. Ofrecemos tarifas competitivas por hora o jornada completa, dise\u00f1adas para optimizar el presupuesto de su obra sin comprometer la seguridad operativa.<\/p>\"\n      }\n    },\n    {\n      \"@type\": \"Question\",\n      \"name\": \"2. \u00bfQu\u00e9 tipos de camiones gr\u00faa tienen disponibles para proyectos en Cajic\u00e1?\",\n      \"acceptedAnswer\": {\n        \"@type\": \"Answer\",\n        \"text\": \"<p>Contamos con una flota vers\u00e1til que incluye camiones con brazo articulado, gr\u00faas telesc\u00f3picas y plataformas para izaje pesado. Cada unidad est\u00e1 certificada para cubrir desde movimientos de materiales ligeros hasta montajes industriales complejos en toda la Sabana Norte.<\/p>\"\n      }\n    },\n    {\n      \"@type\": \"Question\",\n      \"name\": \"3. \u00bfEl servicio de alquiler incluye un operador certificado para la maniobra?\",\n      \"acceptedAnswer\": {\n        \"@type\": \"Answer\",\n        \"text\": \"<p>S\u00ed, todo alquiler de cami\u00f3n gr\u00faa en Cajic\u00e1 se proporciona con un operador altamente calificado y certificado bajo normativas vigentes (SST y trabajo en alturas). Esto garantiza una ejecuci\u00f3n impecable y mitiga cualquier riesgo durante la maniobra de carga.<\/p>\"\n      }\n    },\n    {\n      \"@type\": \"Question\",\n      \"name\": \"4. \u00bfQu\u00e9 requisitos necesito para solicitar una gr\u00faa para mi frente de obra?\",\n      \"acceptedAnswer\": {\n        \"@type\": \"Answer\",\n        \"text\": \"<p>Para brindarle el equipo exacto, necesitamos conocer el peso aproximado de la carga, la altura m\u00e1xima de elevaci\u00f3n, el radio de operaci\u00f3n y las condiciones del terreno. Con esta informaci\u00f3n, nuestro equipo t\u00e9cnico le asignar\u00e1 la maquinaria con la capacidad nominal adecuada.<\/p>\"\n      }\n    },\n    {\n      \"@type\": \"Question\",\n      \"name\": \"5. \u00bfAtienden emergencias log\u00edsticas o solo servicios programados en Cajic\u00e1?\",\n      \"acceptedAnswer\": {\n        \"@type\": \"Answer\",\n        \"text\": \"<p>Aunque recomendamos la programaci\u00f3n anticipada para garantizar disponibilidad, nuestro servicio de alquiler de cami\u00f3n gr\u00faa en Cajic\u00e1 est\u00e1 estructurado para atender requerimientos log\u00edsticos urgentes. Respondemos con agilidad para evitar tiempos muertos en su cronograma de ejecuci\u00f3n.<\/p>\"\n      }\n    },\n    {\n      \"@type\": \"Question\",\n      \"name\": \"6. \u00bfLos equipos cuentan con seguros y certificaciones t\u00e9cnicas al d\u00eda?\",\n      \"acceptedAnswer\": {\n        \"@type\": \"Answer\",\n        \"text\": \"<p>Absolutamente. Nuestra prioridad es la seguridad industrial. Todos los equipos cuentan con inspecci\u00f3n t\u00e9cnico-mec\u00e1nica anual vigente, certificaciones de capacidad de levante y p\u00f3lizas de responsabilidad civil extra-contractual, cumpliendo estrictamente con la normativa nacional.<\/p>\"\n      }\n    }\n  ]\n}\n<\/script>\n\n\n\n<hr class=\"wp-block-separator has-alpha-channel-opacity\"\/>\n\n\n\n<p>Optimice su log\u00edstica con el mejor <strong><a href=\"https:\/\/www.geconexion.com.co\/alquiler-de-camion-grua-bogota.html\">alquiler de cami\u00f3n gr\u00faa en Cajic\u00e1<\/a><\/strong>. Garantizamos seguridad operativa y equipos certificados para sus maniobras de izaje m\u00e1s complejas. \u00a1Solicite su cotizaci\u00f3n t\u00e9cnica ahora mismo!<\/p>\n\n\n\n<div class=\"wp-block-buttons is-layout-flex wp-block-buttons-is-layout-flex\">\n<div class=\"wp-block-button\"><a class=\"wp-block-button__link has-white-color has-vivid-green-cyan-background-color has-text-color has-background has-link-color wp-element-button\" href=\"https:\/\/api.whatsapp.com\/send\/?phone=573103093137&amp;text=Hola+&amp;type=phone_number&amp;app_absent=0\" style=\"border-top-left-radius:50px;border-top-right-radius:50px;border-bottom-left-radius:50px;border-bottom-right-radius:50px\" target=\"_blank\" rel=\"noopener\"><strong>Cotizar Servicio<\/strong><\/a><\/div>\n<\/div>\n\n\n\n<hr class=\"wp-block-separator has-alpha-channel-opacity\"\/>\n\n\n\n<iframe src=\"https:\/\/www.google.com\/maps\/embed?pb=!1m18!1m12!1m3!1d31800.90326738008!2d-74.0452962569854!3d4.920770933524415!2m3!1f0!2f0!3f0!3m2!1i1024!2i768!4f13.1!3m3!1m2!1s0x8e40776312d8c353%3A0x308b2cd7eafd3454!2sCajic%C3%A1%2C%20Cundinamarca!5e0!3m2!1ses-419!2sco!4v1772058993198!5m2!1ses-419!2sco\" width=\"600\" height=\"450\" style=\"border:0;\" allowfullscreen=\"\" loading=\"lazy\" referrerpolicy=\"no-referrer-when-downgrade\"><\/iframe>\n\n\n\n<hr class=\"wp-block-separator has-alpha-channel-opacity\"\/>\n\n\n\n<style>\n  .directorio-alturas-cajica {\n    display: grid;\n    grid-template-columns: 1fr;\n    gap: 24px;\n    font-family: system-ui, -apple-system, \"Segoe UI\", Roboto, Helvetica, Arial, sans-serif;\n    margin: 2rem 0;\n    box-sizing: border-box;\n  }\n  \n  @media (min-width: 768px) {\n    .directorio-alturas-cajica {\n      grid-template-columns: repeat(2, 1fr);\n    }\n  }\n  \n  @media (min-width: 1024px) {\n    .directorio-alturas-cajica {\n      grid-template-columns: repeat(3, 1fr);\n    }\n  }\n\n  .directorio-alturas-cajica * {\n    box-sizing: border-box;\n  }\n\n  .directorio-alturas-cajica .tarjeta {\n    background-color: #ffffff;\n    border-radius: 12px;\n    box-shadow: 0 4px 6px rgba(0, 0, 0, 0.05), 0 1px 3px rgba(0, 0, 0, 0.1);\n    overflow: hidden;\n    transition: transform 0.3s ease, box-shadow 0.3s ease;\n    display: flex;\n    flex-direction: column;\n    border: 1px solid #f0f0f0;\n  }\n\n  .directorio-alturas-cajica .tarjeta:hover {\n    transform: translateY(-8px);\n    box-shadow: 0 12px 24px rgba(0, 0, 0, 0.12), 0 4px 8px rgba(0, 0, 0, 0.08);\n  }\n\n  .directorio-alturas-cajica .directorio-card-img-wrapper {\n    background-color: #f8f9fa;\n    height: 200px;\n    display: flex;\n    align-items: center;\n    justify-content: center;\n    border-bottom: 1px solid #eaeaea;\n  }\n\n  .directorio-alturas-cajica .directorio-card-img-wrapper img {\n    width: 100px;\n    height: 100px;\n    object-fit: contain;\n  }\n\n  .directorio-alturas-cajica .tarjeta-content {\n    padding: 24px;\n    display: flex;\n    flex-direction: column;\n    flex-grow: 1;\n  }\n\n  .directorio-alturas-cajica h3 {\n    margin: 0 0 12px 0;\n    font-size: 1.25rem;\n    color: #1e293b;\n    line-height: 1.3;\n    font-weight: 700;\n  }\n\n  .directorio-alturas-cajica p {\n    font-size: 0.95rem;\n    color: #475569;\n    margin: 0 0 24px 0;\n    line-height: 1.6;\n    flex-grow: 1;\n  }\n\n  .directorio-alturas-cajica .btn-container {\n    display: flex;\n    flex-direction: column;\n    gap: 12px;\n  }\n\n  .directorio-alturas-cajica .btn-urgencia {\n    background-color: #dc2626;\n    color: #ffffff;\n    text-align: center;\n    padding: 12px 16px;\n    border-radius: 8px;\n    text-decoration: none;\n    font-weight: 600;\n    transition: background-color 0.2s;\n    font-size: 0.95rem;\n  }\n\n  .directorio-alturas-cajica .btn-urgencia:hover {\n    background-color: #b91c1c;\n    color: #ffffff;\n  }\n\n  .directorio-alturas-cajica .btn-secundario {\n    background-color: #f1f5f9;\n    color: #334155;\n    text-align: center;\n    padding: 12px 16px;\n    border-radius: 8px;\n    text-decoration: none;\n    font-weight: 600;\n    transition: all 0.2s;\n    border: 1px solid #cbd5e1;\n    font-size: 0.95rem;\n  }\n\n  .directorio-alturas-cajica .btn-secundario:hover {\n    background-color: #e2e8f0;\n    color: #0f172a;\n    border-color: #94a3b8;\n  }\n<\/style>\n\n<h2><span class=\"ez-toc-section\" id=\"Directorio_Critico_de_Emergencias_y_Permisos_para_Trabajos_en_Alturas_en_Cajica\"><\/span>Directorio Cr\u00edtico de Emergencias y Permisos para Trabajos en Alturas en Cajic\u00e1<span class=\"ez-toc-section-end\"><\/span><\/h2>\n\n<div class=\"directorio-alturas-cajica\">\n  \n  <article class=\"tarjeta\">\n    <div class=\"directorio-card-img-wrapper\">\n      <img decoding=\"async\" src=\"data:image\/svg+xml,%3Csvg xmlns='http:\/\/www.w3.org\/2000\/svg' viewBox='0 0 24 24' fill='%231e293b'%3E%3Cpath d='M12 2L2 12h3v8h14v-8h3L12 2zm0 2.8L18.2 12H17v6h-4v-4h-2v4H7v-6H5.8L12 4.8z'\/%3E%3C\/svg%3E\" alt=\"Icono Alcald\u00eda Municipal\">\n    <\/div>\n    <div class=\"tarjeta-content\">\n      <h3>Alcald\u00eda Municipal de Cajic\u00e1<\/h3>\n      <p>Entidad gubernamental rectora indispensable para la radicaci\u00f3n de solicitudes de ocupaci\u00f3n de espacio p\u00fablico, esenciales durante intervenciones externas con equipos de elevaci\u00f3n y andamios certificados.<\/p>\n      <div class=\"btn-container\">\n        <a href=\"tel:+576018837077\" class=\"btn-urgencia\">L\u00ednea de Atenci\u00f3n: (601) 883 7077<\/a>\n        <a href=\"https:\/\/cajica.gov.co\" target=\"_blank\" rel=\"noopener noreferrer\" class=\"btn-secundario\">Portal Web Oficial<\/a>\n      <\/div>\n    <\/div>\n  <\/article>\n\n  <article class=\"tarjeta\">\n    <div class=\"directorio-card-img-wrapper\">\n      <img decoding=\"async\" src=\"data:image\/svg+xml,%3Csvg xmlns='http:\/\/www.w3.org\/2000\/svg' viewBox='0 0 24 24' fill='%231e293b'%3E%3Cpath d='M18.92 5.01C18.72 4.42 18.16 4 17.5 4h-11c-.66 0-1.21.42-1.42 1.01L3 11v8c0 .55.45 1 1 1h1c.55 0 1-.45 1-1v-1h12v1c0 .55.45 1 1 1h1c.55 0 1-.45 1-1v-8l-2.08-5.99zM6.5 15c-.83 0-1.5-.67-1.5-1.5S5.67 12 6.5 12s1.5.67 1.5 1.5S7.33 15 6.5 15zm11 0c-.83 0-1.5-.67-1.5-1.5s.67-1.5 1.5-1.5 1.5.67 1.5 1.5-.67 1.5-1.5 1.5zM5 10l1.5-4.5h11L19 10H5z'\/%3E%3C\/svg%3E\" alt=\"Icono Movilidad\">\n    <\/div>\n    <div class=\"tarjeta-content\">\n      <h3>Secretar\u00eda de Transporte y Movilidad<\/h3>\n      <p>Autoridad competente para la aprobaci\u00f3n t\u00e9cnica de los Planes de Manejo de Tr\u00e1fico (PMT), requisito legal ineludible para el posicionamiento seguro de gr\u00faas, manlifts y delimitaci\u00f3n de zonas de ca\u00edda de objetos.<\/p>\n      <div class=\"btn-container\">\n        <a href=\"tel:+576018837077\" class=\"btn-urgencia\">Llamar a Movilidad<\/a>\n        <a href=\"https:\/\/cajica.gov.co\/secretaria-de-transporte-y-movilidad\/\" target=\"_blank\" rel=\"noopener noreferrer\" class=\"btn-secundario\">Tr\u00e1mites PMT<\/a>\n      <\/div>\n    <\/div>\n  <\/article>\n\n  <article class=\"tarjeta\">\n    <div class=\"directorio-card-img-wrapper\">\n      <img decoding=\"async\" src=\"data:image\/svg+xml,%3Csvg xmlns='http:\/\/www.w3.org\/2000\/svg' viewBox='0 0 24 24' fill='%23dc2626'%3E%3Cpath d='M19.48 13.03c-.02-2.34-1.12-4.52-3-5.91-.25-.19-.62-.11-.75.18-.5 1.15-1.42 2.06-2.58 2.53-.19.08-.41-.03-.46-.22-.16-1.13-.53-2.15-1.1-3.03-.79-1.2-1.92-2.16-3.23-2.69-.21-.08-.44.02-.5.23-.27.91-.32 1.86-.15 2.78.17.9.52 1.76 1.03 2.53.13.19.1.45-.07.6-.74.67-1.32 1.5-1.7 2.42-.42 1.04-.55 2.19-.38 3.32.17 1.13.62 2.19 1.3 3.06 1.14 1.48 2.87 2.4 4.74 2.56 1.88.16 3.76-.46 5.23-1.68 1.48-1.22 2.41-2.96 2.56-4.83.01-.13.01-.26.01-.39zM12 21c-3.31 0-6-2.69-6-6 0-1.68.73-3.18 1.88-4.22.42-.38 1.05-.33 1.41.11.37.44.3 1.09-.15 1.46-.8.67-1.31 1.63-1.31 2.65 0 1.93 1.57 3.5 3.5 3.5s3.5-1.57 3.5-3.5c0-.85-.31-1.63-.82-2.24-.34-.41-.29-1.04.12-1.39.41-.35 1.03-.3 1.38.11C16.31 12.83 17 14.04 17 15c0 3.31-2.69 6-6 6z'\/%3E%3C\/svg%3E\" alt=\"Icono Bomberos\">\n    <\/div>\n    <div class=\"tarjeta-content\">\n      <h3>Cuerpo de Bomberos Voluntarios<\/h3>\n      <p>Unidad de primera respuesta t\u00e1ctica para operaciones de rescate en alturas y espacios confinados. Vitales en el protocolo MEDEVAC para atenci\u00f3n de s\u00edndrome de arn\u00e9s y trauma por suspensi\u00f3n.<\/p>\n      <div class=\"btn-container\">\n        <a href=\"tel:119\" class=\"btn-urgencia\">Emergencias: 119 \/ (601) 883 0119<\/a>\n        <a href=\"https:\/\/www.facebook.com\/bomberoscajica\/\" target=\"_blank\" rel=\"noopener noreferrer\" class=\"btn-secundario\">Contacto Oficial<\/a>\n      <\/div>\n    <\/div>\n  <\/article>\n\n  <article class=\"tarjeta\">\n    <div class=\"directorio-card-img-wrapper\">\n      <img decoding=\"async\" src=\"data:image\/svg+xml,%3Csvg xmlns='http:\/\/www.w3.org\/2000\/svg' viewBox='0 0 24 24' fill='%232563eb'%3E%3Cpath d='M19 3H5c-1.1 0-1.99.9-1.99 2L3 19c0 1.1.9 2 2 2h14c1.1 0 2-.9 2-2V5c0-1.1-.9-2-2-2zm-2 10h-4v4h-2v-4H7v-2h4V7h2v4h4v2z'\/%3E%3C\/svg%3E\" alt=\"Icono Hospital\">\n    <\/div>\n    <div class=\"tarjeta-content\">\n      <h3>Hospital Profesor Jorge Cavelier<\/h3>\n      <p>Instituci\u00f3n prestadora de servicios de salud (IPS) de referencia en el municipio para estabilizaci\u00f3n hemodin\u00e1mica inicial y soporte vital avanzado tras accidentes de ca\u00edda a distinto nivel.<\/p>\n      <div class=\"btn-container\">\n        <a href=\"tel:+576018830022\" class=\"btn-urgencia\">Urgencias: (601) 883 0022<\/a>\n        <a href=\"https:\/\/share.google\/mFfPQsJ9LYQMmzlmY\" target=\"_blank\" rel=\"noopener noreferrer\" class=\"btn-secundario\">Sitio Web Hospital<\/a>\n      <\/div>\n    <\/div>\n  <\/article>\n\n  <article class=\"tarjeta\">\n    <div class=\"directorio-card-img-wrapper\">\n      <img decoding=\"async\" src=\"data:image\/svg+xml,%3Csvg xmlns='http:\/\/www.w3.org\/2000\/svg' viewBox='0 0 24 24' fill='%23166534'%3E%3Cpath d='M12 1L3 5v6c0 5.55 3.84 10.74 9 12 5.16-1.26 9-6.45 9-12V5l-9-4zm0 10.99h7c-.53 4.12-3.28 7.79-7 8.94V12H5V6.3l7-3.11v8.8z'\/%3E%3C\/svg%3E\" alt=\"Icono Polic\u00eda\">\n    <\/div>\n    <div class=\"tarjeta-content\">\n      <h3>Estaci\u00f3n de Polic\u00eda \/ Tr\u00e1nsito<\/h3>\n      <p>Fuerza p\u00fablica requerida para el acordonamiento perimetral estricto, control de multitudes y desv\u00edos viales forzosos durante maniobras cr\u00edticas de alto riesgo o accidentes en v\u00eda p\u00fablica.<\/p>\n      <div class=\"btn-container\">\n        <a href=\"tel:112\" class=\"btn-urgencia\">L\u00ednea de Mando: 112<\/a>\n        <a href=\"https:\/\/www.policia.gov.co\/\" target=\"_blank\" rel=\"noopener noreferrer\" class=\"btn-secundario\">Polic\u00eda Nacional<\/a>\n      <\/div>\n    <\/div>\n  <\/article>\n\n  <article class=\"tarjeta\">\n    <div class=\"directorio-card-img-wrapper\">\n      <img decoding=\"async\" src=\"data:image\/svg+xml,%3Csvg xmlns='http:\/\/www.w3.org\/2000\/svg' viewBox='0 0 24 24' fill='%23ea580c'%3E%3Cpath d='M12 2L4 5v6.09c0 5.05 3.41 9.76 8 10.91 4.59-1.15 8-5.86 8-10.91V5l-8-3zm0 16.5c-3.16-.98-5.5-4.32-5.5-7.91V6.7l5.5-2.06 5.5 2.06v4.8c0 3.59-2.34 6.93-5.5 7.91zM11 7h2v4h-2zm0 6h2v2h-2z'\/%3E%3C\/svg%3E\" alt=\"Icono Defensa Civil\">\n    <\/div>\n    <div class=\"tarjeta-content\">\n      <h3>Defensa Civil Colombiana &#8211; Junta Cajic\u00e1<\/h3>\n      <p>Organismo de socorro operativo fundamental para la gesti\u00f3n del riesgo de desastres, soporte en log\u00edstica de evacuaci\u00f3n aerom\u00e9dica y apoyo a las brigadas de emergencia empresariales locales.<\/p>\n      <div class=\"btn-container\">\n        <a href=\"tel:144\" class=\"btn-urgencia\">L\u00ednea de Socorro: 144<\/a>\n        <a href=\"https:\/\/www.defensacivil.gov.co\/\" target=\"_blank\" rel=\"noopener noreferrer\" class=\"btn-secundario\">Sitio Institucional<\/a>\n      <\/div>\n    <\/div>\n  <\/article>\n\n<\/div>\n\n<script type=\"application\/ld+json\">\n{\n  \"@context\": \"https:\/\/schema.org\",\n  \"@graph\": [\n    {\n      \"@type\": \"GovernmentOrganization\",\n      \"name\": \"Alcald\u00eda Municipal de Cajic\u00e1\",\n      \"description\": \"Entidad gubernamental rectora indispensable para la radicaci\u00f3n de solicitudes de ocupaci\u00f3n de espacio p\u00fablico, esenciales durante intervenciones externas con equipos de elevaci\u00f3n y andamios certificados.\",\n      \"url\": \"https:\/\/cajica.gov.co\",\n      \"telephone\": \"+576018837077\",\n      \"image\": \"data:image\/svg+xml,%3Csvg xmlns='http:\/\/www.w3.org\/2000\/svg' viewBox='0 0 24 24' fill='%231e293b'%3E%3Cpath d='M12 2L2 12h3v8h14v-8h3L12 2zm0 2.8L18.2 12H17v6h-4v-4h-2v4H7v-6H5.8L12 4.8z'\/%3E%3C\/svg%3E\",\n      \"address\": {\n        \"@type\": \"PostalAddress\",\n        \"addressLocality\": \"Cajic\u00e1\",\n        \"addressRegion\": \"Cundinamarca\",\n        \"postalCode\": \"250240\",\n        \"addressCountry\": \"CO\"\n      }\n    },\n    {\n      \"@type\": \"GovernmentOrganization\",\n      \"name\": \"Secretar\u00eda de Transporte y Movilidad de Cajic\u00e1\",\n      \"description\": \"Autoridad competente para la aprobaci\u00f3n t\u00e9cnica de los Planes de Manejo de Tr\u00e1fico (PMT), requisito legal ineludible para el posicionamiento seguro de gr\u00faas, manlifts y delimitaci\u00f3n de zonas de ca\u00edda de objetos.\",\n      \"url\": \"https:\/\/cajica.gov.co\/secretaria-de-transporte-y-movilidad\/\",\n      \"telephone\": \"+576018837077\",\n      \"image\": \"data:image\/svg+xml,%3Csvg xmlns='http:\/\/www.w3.org\/2000\/svg' viewBox='0 0 24 24' fill='%231e293b'%3E%3Cpath d='M18.92 5.01C18.72 4.42 18.16 4 17.5 4h-11c-.66 0-1.21.42-1.42 1.01L3 11v8c0 .55.45 1 1 1h1c.55 0 1-.45 1-1v-1h12v1c0 .55.45 1 1 1h1c.55 0 1-.45 1-1v-8l-2.08-5.99zM6.5 15c-.83 0-1.5-.67-1.5-1.5S5.67 12 6.5 12s1.5.67 1.5 1.5S7.33 15 6.5 15zm11 0c-.83 0-1.5-.67-1.5-1.5s.67-1.5 1.5-1.5 1.5.67 1.5 1.5-.67 1.5-1.5 1.5zM5 10l1.5-4.5h11L19 10H5z'\/%3E%3C\/svg%3E\",\n      \"address\": {\n        \"@type\": \"PostalAddress\",\n        \"addressLocality\": \"Cajic\u00e1\",\n        \"addressRegion\": \"Cundinamarca\",\n        \"postalCode\": \"250240\",\n        \"addressCountry\": \"CO\"\n      }\n    },\n    {\n      \"@type\": \"FireStation\",\n      \"name\": \"Cuerpo de Bomberos Voluntarios de Cajic\u00e1\",\n      \"description\": \"Unidad de primera respuesta t\u00e1ctica para operaciones de rescate en alturas y espacios confinados. Vitales en el protocolo MEDEVAC para atenci\u00f3n de s\u00edndrome de arn\u00e9s y trauma por suspensi\u00f3n.\",\n      \"url\": \"https:\/\/www.facebook.com\/bomberoscajica\/\",\n      \"telephone\": \"+576018830119\",\n      \"image\": \"data:image\/svg+xml,%3Csvg xmlns='http:\/\/www.w3.org\/2000\/svg' viewBox='0 0 24 24' fill='%23dc2626'%3E%3Cpath d='M19.48 13.03c-.02-2.34-1.12-4.52-3-5.91-.25-.19-.62-.11-.75.18-.5 1.15-1.42 2.06-2.58 2.53-.19.08-.41-.03-.46-.22-.16-1.13-.53-2.15-1.1-3.03-.79-1.2-1.92-2.16-3.23-2.69-.21-.08-.44.02-.5.23-.27.91-.32 1.86-.15 2.78.17.9.52 1.76 1.03 2.53.13.19.1.45-.07.6-.74.67-1.32 1.5-1.7 2.42-.42 1.04-.55 2.19-.38 3.32.17 1.13.62 2.19 1.3 3.06 1.14 1.48 2.87 2.4 4.74 2.56 1.88.16 3.76-.46 5.23-1.68 1.48-1.22 2.41-2.96 2.56-4.83.01-.13.01-.26.01-.39zM12 21c-3.31 0-6-2.69-6-6 0-1.68.73-3.18 1.88-4.22.42-.38 1.05-.33 1.41.11.37.44.3 1.09-.15 1.46-.8.67-1.31 1.63-1.31 2.65 0 1.93 1.57 3.5 3.5 3.5s3.5-1.57 3.5-3.5c0-.85-.31-1.63-.82-2.24-.34-.41-.29-1.04.12-1.39.41-.35 1.03-.3 1.38.11C16.31 12.83 17 14.04 17 15c0 3.31-2.69 6-6 6z'\/%3E%3C\/svg%3E\",\n      \"address\": {\n        \"@type\": \"PostalAddress\",\n        \"addressLocality\": \"Cajic\u00e1\",\n        \"addressRegion\": \"Cundinamarca\",\n        \"postalCode\": \"250240\",\n        \"addressCountry\": \"CO\"\n      }\n    },\n    {\n      \"@type\": \"Hospital\",\n      \"name\": \"Hospital Profesor Jorge Cavelier\",\n      \"description\": \"Instituci\u00f3n prestadora de servicios de salud (IPS) de referencia en el municipio para estabilizaci\u00f3n hemodin\u00e1mica inicial y soporte vital avanzado tras accidentes de ca\u00edda a distinto nivel.\",\n      \"url\": \"https:\/\/share.google\/mFfPQsJ9LYQMmzlmY\",\n      \"telephone\": \"+576018830022\",\n      \"image\": \"data:image\/svg+xml,%3Csvg xmlns='http:\/\/www.w3.org\/2000\/svg' viewBox='0 0 24 24' fill='%232563eb'%3E%3Cpath d='M19 3H5c-1.1 0-1.99.9-1.99 2L3 19c0 1.1.9 2 2 2h14c1.1 0 2-.9 2-2V5c0-1.1-.9-2-2-2zm-2 10h-4v4h-2v-4H7v-2h4V7h2v4h4v2z'\/%3E%3C\/svg%3E\",\n      \"address\": {\n        \"@type\": \"PostalAddress\",\n        \"addressLocality\": \"Cajic\u00e1\",\n        \"addressRegion\": \"Cundinamarca\",\n        \"postalCode\": \"250240\",\n        \"addressCountry\": \"CO\"\n      }\n    },\n    {\n      \"@type\": \"GovernmentOrganization\",\n      \"name\": \"Estaci\u00f3n de Polic\u00eda de Cajic\u00e1 \/ Polic\u00eda de Tr\u00e1nsito\",\n      \"description\": \"Fuerza p\u00fablica requerida para el acordonamiento perimetral estricto, control de multitudes y desv\u00edos viales forzosos durante maniobras cr\u00edticas de alto riesgo o accidentes en v\u00eda p\u00fablica.\",\n      \"url\": \"https:\/\/www.policia.gov.co\/\",\n      \"telephone\": \"112\",\n      \"image\": \"data:image\/svg+xml,%3Csvg xmlns='http:\/\/www.w3.org\/2000\/svg' viewBox='0 0 24 24' fill='%23166534'%3E%3Cpath d='M12 1L3 5v6c0 5.55 3.84 10.74 9 12 5.16-1.26 9-6.45 9-12V5l-9-4zm0 10.99h7c-.53 4.12-3.28 7.79-7 8.94V12H5V6.3l7-3.11v8.8z'\/%3E%3C\/svg%3E\",\n      \"address\": {\n        \"@type\": \"PostalAddress\",\n        \"addressLocality\": \"Cajic\u00e1\",\n        \"addressRegion\": \"Cundinamarca\",\n        \"postalCode\": \"250240\",\n        \"addressCountry\": \"CO\"\n      }\n    },\n    {\n      \"@type\": \"NGO\",\n      \"name\": \"Defensa Civil Colombiana - Junta Cajic\u00e1\",\n      \"description\": \"Organismo de socorro operativo fundamental para la gesti\u00f3n del riesgo de desastres, soporte en log\u00edstica de evacuaci\u00f3n aerom\u00e9dica y apoyo a las brigadas de emergencia empresariales locales.\",\n      \"url\": \"https:\/\/www.defensacivil.gov.co\/\",\n      \"telephone\": \"144\",\n      \"image\": \"data:image\/svg+xml,%3Csvg xmlns='http:\/\/www.w3.org\/2000\/svg' viewBox='0 0 24 24' fill='%23ea580c'%3E%3Cpath d='M12 2L4 5v6.09c0 5.05 3.41 9.76 8 10.91 4.59-1.15 8-5.86 8-10.91V5l-8-3zm0 16.5c-3.16-.98-5.5-4.32-5.5-7.91V6.7l5.5-2.06 5.5 2.06v4.8c0 3.59-2.34 6.93-5.5 7.91zM11 7h2v4h-2zm0 6h2v2h-2z'\/%3E%3C\/svg%3E\",\n      \"address\": {\n        \"@type\": \"PostalAddress\",\n        \"addressLocality\": \"Cajic\u00e1\",\n        \"addressRegion\": \"Cundinamarca\",\n        \"postalCode\": \"250240\",\n        \"addressCountry\": \"CO\"\n      }\n    }\n  ]\n}\n<\/script>\n","protected":false},"excerpt":{"rendered":"<p>Optimice su frente de obra con una soluci\u00f3n log\u00edstica de alta precisi\u00f3n. Mediante el alquiler de cami\u00f3n gr\u00faa en Cajic\u00e1, usted accede a maquinaria de \u00faltima generaci\u00f3n y operadores certificados para ejecutar maniobras de izaje complejas con total seguridad y eficiencia t\u00e9cnica.<\/p>\n","protected":false},"author":1,"featured_media":3552,"comment_status":"open","ping_status":"open","sticky":false,"template":"","format":"standard","meta":{"_acf_changed":false,"footnotes":""},"categories":[50],"tags":[78,51,56,101],"class_list":["post-135","post","type-post","status-publish","format-standard","has-post-thumbnail","hentry","category-servicios-izaje-carga","tag-equipos-certificados","tag-gruas-industriales","tag-plan-de-izaje","tag-resolucion-4272-2021"],"acf":[],"_links":{"self":[{"href":"https:\/\/www.geconexion.com.co\/alquiler\/wp-json\/wp\/v2\/posts\/135","targetHints":{"allow":["GET"]}}],"collection":[{"href":"https:\/\/www.geconexion.com.co\/alquiler\/wp-json\/wp\/v2\/posts"}],"about":[{"href":"https:\/\/www.geconexion.com.co\/alquiler\/wp-json\/wp\/v2\/types\/post"}],"author":[{"embeddable":true,"href":"https:\/\/www.geconexion.com.co\/alquiler\/wp-json\/wp\/v2\/users\/1"}],"replies":[{"embeddable":true,"href":"https:\/\/www.geconexion.com.co\/alquiler\/wp-json\/wp\/v2\/comments?post=135"}],"version-history":[{"count":6,"href":"https:\/\/www.geconexion.com.co\/alquiler\/wp-json\/wp\/v2\/posts\/135\/revisions"}],"predecessor-version":[{"id":3569,"href":"https:\/\/www.geconexion.com.co\/alquiler\/wp-json\/wp\/v2\/posts\/135\/revisions\/3569"}],"wp:featuredmedia":[{"embeddable":true,"href":"https:\/\/www.geconexion.com.co\/alquiler\/wp-json\/wp\/v2\/media\/3552"}],"wp:attachment":[{"href":"https:\/\/www.geconexion.com.co\/alquiler\/wp-json\/wp\/v2\/media?parent=135"}],"wp:term":[{"taxonomy":"category","embeddable":true,"href":"https:\/\/www.geconexion.com.co\/alquiler\/wp-json\/wp\/v2\/categories?post=135"},{"taxonomy":"post_tag","embeddable":true,"href":"https:\/\/www.geconexion.com.co\/alquiler\/wp-json\/wp\/v2\/tags?post=135"}],"curies":[{"name":"wp","href":"https:\/\/api.w.org\/{rel}","templated":true}]}}